{"id":2562,"date":"2023-04-30T11:12:52","date_gmt":"2023-04-30T11:12:52","guid":{"rendered":"https:\/\/blogsaverroes.juntadeandalucia.es\/ieselsauce\/?p=2562"},"modified":"2024-05-17T18:45:51","modified_gmt":"2024-05-17T18:45:51","slug":"participacion-en-la-gymkhana-matematica-%e2%9e%95%e2%9e%96%e2%9e%97","status":"publish","type":"post","link":"https:\/\/blogsaverroes.juntadeandalucia.es\/ieselsauce\/?p=2562","title":{"rendered":"Participaci\u00f3n en la Gymkhana Matem\u00e1tica \u2795\u2796\u2797"},"content":{"rendered":"<p>El pasado mi\u00e9rcoles 26 de abril, un grupo de cuatro alumnos de <strong>4\u00baESO<\/strong> del IES El Sauce acudi\u00f3 a C\u00f3rdoba para participar en la vig\u00e9simo sexta edici\u00f3n de la <strong>Gymkhana Matem\u00e1tica por C\u00f3rdoba<\/strong>.&nbsp;<\/p>\n<p>Los participantes tuvieron que descifrar un total de 60 problemas matem\u00e1ticos, para cuya resoluci\u00f3n necesitaron identificar diferentes elementos del casco hist\u00f3rico.<!--more--><\/p>\n<p>Pese al calor que pasaron, el alumnado disfrut\u00f3 de una jornada matem\u00e1tica, con un total de casi 800 alumnos de la provincia. \u00a1Esperamos participar en la pr\u00f3xima edici\u00f3n!<\/p>\n\n\t\t<style>\n\t\t\t#gallery-1 {\n\t\t\t\tmargin: auto;\n\t\t\t}\n\t\t\t#gallery-1 .gallery-item {\n\t\t\t\tfloat: left;\n\t\t\t\tmargin-top: 10px;\n\t\t\t\ttext-align: center;\n\t\t\t\twidth: 33%;\n\t\t\t}\n\t\t\t#gallery-1 img {\n\t\t\t\tborder: 2px solid #cfcfcf;\n\t\t\t}\n\t\t\t#gallery-1 .gallery-caption {\n\t\t\t\tmargin-left: 0;\n\t\t\t}\n\t\t\t\/* see gallery_shortcode() in wp-includes\/media.php *\/\n\t\t<\/style>\n\t\t<div id='gallery-1' class='gallery galleryid-2562 gallery-columns-3 gallery-size-large'><dl class='gallery-item'>\n\t\t\t<dt class='gallery-icon landscape'>\n\t\t\t\t<a href='https:\/\/blogsaverroes.juntadeandalucia.es\/ieselsauce\/?attachment_id=2566'><img loading=\"lazy\" decoding=\"async\" width=\"1024\" height=\"1024\" src=\"https:\/\/blogsaverroes.juntadeandalucia.es\/ieselsauce\/files\/2023\/04\/WhatsApp-Image-2023-04-30-at-13.03.11-1024x1024.jpeg\" class=\"attachment-large size-large\" alt=\"\" srcset=\"https:\/\/blogsaverroes.juntadeandalucia.es\/ieselsauce\/files\/2023\/04\/WhatsApp-Image-2023-04-30-at-13.03.11-1024x1024.jpeg 1024w, https:\/\/blogsaverroes.juntadeandalucia.es\/ieselsauce\/files\/2023\/04\/WhatsApp-Image-2023-04-30-at-13.03.11-300x300.jpeg 300w, https:\/\/blogsaverroes.juntadeandalucia.es\/ieselsauce\/files\/2023\/04\/WhatsApp-Image-2023-04-30-at-13.03.11-150x150.jpeg 150w, https:\/\/blogsaverroes.juntadeandalucia.es\/ieselsauce\/files\/2023\/04\/WhatsApp-Image-2023-04-30-at-13.03.11-768x768.jpeg 768w, https:\/\/blogsaverroes.juntadeandalucia.es\/ieselsauce\/files\/2023\/04\/WhatsApp-Image-2023-04-30-at-13.03.11-1536x1536.jpeg 1536w, https:\/\/blogsaverroes.juntadeandalucia.es\/ieselsauce\/files\/2023\/04\/WhatsApp-Image-2023-04-30-at-13.03.11.jpeg 2048w, https:\/\/blogsaverroes.juntadeandalucia.es\/ieselsauce\/files\/2023\/04\/WhatsApp-Image-2023-04-30-at-13.03.11-80x80.jpeg 80w, https:\/\/blogsaverroes.juntadeandalucia.es\/ieselsauce\/files\/2023\/04\/WhatsApp-Image-2023-04-30-at-13.03.11-320x320.jpeg 320w\" sizes=\"(max-width: 1024px) 100vw, 1024px\" \/><\/a>\n\t\t\t<\/dt><\/dl><dl class='gallery-item'>\n\t\t\t<dt class='gallery-icon landscape'>\n\t\t\t\t<a href='https:\/\/blogsaverroes.juntadeandalucia.es\/ieselsauce\/?attachment_id=2565'><img loading=\"lazy\" decoding=\"async\" width=\"1024\" height=\"1024\" src=\"https:\/\/blogsaverroes.juntadeandalucia.es\/ieselsauce\/files\/2023\/04\/WhatsApp-Image-2023-04-30-at-13.03.11-1-1024x1024.jpeg\" class=\"attachment-large size-large\" alt=\"\" srcset=\"https:\/\/blogsaverroes.juntadeandalucia.es\/ieselsauce\/files\/2023\/04\/WhatsApp-Image-2023-04-30-at-13.03.11-1-1024x1024.jpeg 1024w, https:\/\/blogsaverroes.juntadeandalucia.es\/ieselsauce\/files\/2023\/04\/WhatsApp-Image-2023-04-30-at-13.03.11-1-300x300.jpeg 300w, https:\/\/blogsaverroes.juntadeandalucia.es\/ieselsauce\/files\/2023\/04\/WhatsApp-Image-2023-04-30-at-13.03.11-1-150x150.jpeg 150w, https:\/\/blogsaverroes.juntadeandalucia.es\/ieselsauce\/files\/2023\/04\/WhatsApp-Image-2023-04-30-at-13.03.11-1-768x768.jpeg 768w, https:\/\/blogsaverroes.juntadeandalucia.es\/ieselsauce\/files\/2023\/04\/WhatsApp-Image-2023-04-30-at-13.03.11-1-1536x1536.jpeg 1536w, https:\/\/blogsaverroes.juntadeandalucia.es\/ieselsauce\/files\/2023\/04\/WhatsApp-Image-2023-04-30-at-13.03.11-1.jpeg 2048w, https:\/\/blogsaverroes.juntadeandalucia.es\/ieselsauce\/files\/2023\/04\/WhatsApp-Image-2023-04-30-at-13.03.11-1-80x80.jpeg 80w, https:\/\/blogsaverroes.juntadeandalucia.es\/ieselsauce\/files\/2023\/04\/WhatsApp-Image-2023-04-30-at-13.03.11-1-320x320.jpeg 320w\" sizes=\"(max-width: 1024px) 100vw, 1024px\" \/><\/a>\n\t\t\t<\/dt><\/dl><dl class='gallery-item'>\n\t\t\t<dt class='gallery-icon landscape'>\n\t\t\t\t<a href='https:\/\/blogsaverroes.juntadeandalucia.es\/ieselsauce\/?attachment_id=2564'><img loading=\"lazy\" decoding=\"async\" width=\"1024\" height=\"1024\" src=\"https:\/\/blogsaverroes.juntadeandalucia.es\/ieselsauce\/files\/2023\/04\/WhatsApp-Image-2023-04-30-at-13.03.11-2-1024x1024.jpeg\" class=\"attachment-large size-large\" alt=\"\" srcset=\"https:\/\/blogsaverroes.juntadeandalucia.es\/ieselsauce\/files\/2023\/04\/WhatsApp-Image-2023-04-30-at-13.03.11-2-1024x1024.jpeg 1024w, https:\/\/blogsaverroes.juntadeandalucia.es\/ieselsauce\/files\/2023\/04\/WhatsApp-Image-2023-04-30-at-13.03.11-2-300x300.jpeg 300w, https:\/\/blogsaverroes.juntadeandalucia.es\/ieselsauce\/files\/2023\/04\/WhatsApp-Image-2023-04-30-at-13.03.11-2-150x150.jpeg 150w, https:\/\/blogsaverroes.juntadeandalucia.es\/ieselsauce\/files\/2023\/04\/WhatsApp-Image-2023-04-30-at-13.03.11-2-768x768.jpeg 768w, https:\/\/blogsaverroes.juntadeandalucia.es\/ieselsauce\/files\/2023\/04\/WhatsApp-Image-2023-04-30-at-13.03.11-2-1536x1536.jpeg 1536w, https:\/\/blogsaverroes.juntadeandalucia.es\/ieselsauce\/files\/2023\/04\/WhatsApp-Image-2023-04-30-at-13.03.11-2.jpeg 2048w, https:\/\/blogsaverroes.juntadeandalucia.es\/ieselsauce\/files\/2023\/04\/WhatsApp-Image-2023-04-30-at-13.03.11-2-80x80.jpeg 80w, https:\/\/blogsaverroes.juntadeandalucia.es\/ieselsauce\/files\/2023\/04\/WhatsApp-Image-2023-04-30-at-13.03.11-2-320x320.jpeg 320w\" sizes=\"(max-width: 1024px) 100vw, 1024px\" \/><\/a>\n\t\t\t<\/dt><\/dl><br style=\"clear: both\" \/>\n\t\t<\/div>\n\n","protected":false},"excerpt":{"rendered":"<p>El pasado mi\u00e9rcoles 26 de abril, un grupo de cuatro alumnos de 4\u00baESO del IES El Sauce acudi\u00f3 a C\u00f3rdoba para participar en la vig\u00e9simo sexta edici\u00f3n de la Gymkhana&#46;&#46;&#46;<\/p>\n","protected":false},"author":14256,"featured_media":2566,"comment_status":"open","ping_status":"open","sticky":false,"template":"","format":"standard","meta":{"ngg_post_thumbnail":0,"footnotes":""},"categories":[1862864,11909],"tags":[],"aioseo_notices":[],"_links":{"self":[{"href":"https:\/\/blogsaverroes.juntadeandalucia.es\/ieselsauce\/index.php?rest_route=\/wp\/v2\/posts\/2562"}],"collection":[{"href":"https:\/\/blogsaverroes.juntadeandalucia.es\/ieselsauce\/index.php?rest_route=\/wp\/v2\/posts"}],"about":[{"href":"https:\/\/blogsaverroes.juntadeandalucia.es\/ieselsauce\/index.php?rest_route=\/wp\/v2\/types\/post"}],"author":[{"embeddable":true,"href":"https:\/\/blogsaverroes.juntadeandalucia.es\/ieselsauce\/index.php?rest_route=\/wp\/v2\/users\/14256"}],"replies":[{"embeddable":true,"href":"https:\/\/blogsaverroes.juntadeandalucia.es\/ieselsauce\/index.php?rest_route=%2Fwp%2Fv2%2Fcomments&post=2562"}],"version-history":[{"count":1,"href":"https:\/\/blogsaverroes.juntadeandalucia.es\/ieselsauce\/index.php?rest_route=\/wp\/v2\/posts\/2562\/revisions"}],"predecessor-version":[{"id":2567,"href":"https:\/\/blogsaverroes.juntadeandalucia.es\/ieselsauce\/index.php?rest_route=\/wp\/v2\/posts\/2562\/revisions\/2567"}],"wp:featuredmedia":[{"embeddable":true,"href":"https:\/\/blogsaverroes.juntadeandalucia.es\/ieselsauce\/index.php?rest_route=\/wp\/v2\/media\/2566"}],"wp:attachment":[{"href":"https:\/\/blogsaverroes.juntadeandalucia.es\/ieselsauce\/index.php?rest_route=%2Fwp%2Fv2%2Fmedia&parent=2562"}],"wp:term":[{"taxonomy":"category","embeddable":true,"href":"https:\/\/blogsaverroes.juntadeandalucia.es\/ieselsauce\/index.php?rest_route=%2Fwp%2Fv2%2Fcategories&post=2562"},{"taxonomy":"post_tag","embeddable":true,"href":"https:\/\/blogsaverroes.juntadeandalucia.es\/ieselsauce\/index.php?rest_route=%2Fwp%2Fv2%2Ftags&post=2562"}],"curies":[{"name":"wp","href":"https:\/\/api.w.org\/{rel}","templated":true}]}}