{"id":2593,"date":"2023-05-10T10:58:42","date_gmt":"2023-05-10T10:58:42","guid":{"rendered":"https:\/\/blogsaverroes.juntadeandalucia.es\/ieselsauce\/?p=2593"},"modified":"2024-05-17T18:46:53","modified_gmt":"2024-05-17T18:46:53","slug":"dia-de-europa-%f0%9f%87%aa%f0%9f%87%ba-9-de-mayo","status":"publish","type":"post","link":"https:\/\/blogsaverroes.juntadeandalucia.es\/ieselsauce\/?p=2593","title":{"rendered":"D\u00eda de  Europa \ud83c\uddea\ud83c\uddfa &#8211; 9 de mayo"},"content":{"rendered":"<p>El 9 de mayo celebramos el D\u00eda de Europa \ud83c\uddea\ud83c\uddfa. En este d\u00eda celebramos la paz \ud83d\udd4a\ufe0f y la unidad del continente. Por ello, en el instituto hemos celebrado esta efem\u00e9ride trabajando en tutor\u00eda el origen de la UE, sus miembros y sus lenguas oficiales \ud83d\udde8\ufe0f \ud83c\udf0d<!--more--><\/p>\n<p>Esta fecha marca el aniversario de la hist\u00f3rica \u00ab<a href=\"https:\/\/european-union.europa.eu\/principles-countries-history\/history-eu\/1945-59\/schuman-declaration-may-1950_es\">Declaraci\u00f3n Schuman<\/a>\u00bb, en la que se expuso la idea de una nueva forma de cooperaci\u00f3n pol\u00edtica en Europa, que har\u00eda inconcebible la guerra entre naciones europeas. La propuesta de Schuman se considera el comienzo de lo que hoy es la Uni\u00f3n Europea.<\/p>\n<p><img loading=\"lazy\" decoding=\"async\" class=\"alignnone size-medium wp-image-2600\" src=\"https:\/\/blogsaverroes.juntadeandalucia.es\/ieselsauce\/files\/2023\/05\/WhatsApp-Image-2023-05-10-at-12.43.03-225x300.jpeg\" alt=\"\" width=\"225\" height=\"300\" srcset=\"https:\/\/blogsaverroes.juntadeandalucia.es\/ieselsauce\/files\/2023\/05\/WhatsApp-Image-2023-05-10-at-12.43.03-225x300.jpeg 225w, https:\/\/blogsaverroes.juntadeandalucia.es\/ieselsauce\/files\/2023\/05\/WhatsApp-Image-2023-05-10-at-12.43.03-769x1024.jpeg 769w, https:\/\/blogsaverroes.juntadeandalucia.es\/ieselsauce\/files\/2023\/05\/WhatsApp-Image-2023-05-10-at-12.43.03-768x1023.jpeg 768w, https:\/\/blogsaverroes.juntadeandalucia.es\/ieselsauce\/files\/2023\/05\/WhatsApp-Image-2023-05-10-at-12.43.03-1153x1536.jpeg 1153w, https:\/\/blogsaverroes.juntadeandalucia.es\/ieselsauce\/files\/2023\/05\/WhatsApp-Image-2023-05-10-at-12.43.03.jpeg 1537w\" sizes=\"(max-width: 225px) 100vw, 225px\" \/><img loading=\"lazy\" decoding=\"async\" class=\"alignnone size-medium wp-image-2597\" src=\"https:\/\/blogsaverroes.juntadeandalucia.es\/ieselsauce\/files\/2023\/05\/WhatsApp-Image-2023-05-10-at-12.43.04-2-225x300.jpeg\" alt=\"\" width=\"225\" height=\"300\" srcset=\"https:\/\/blogsaverroes.juntadeandalucia.es\/ieselsauce\/files\/2023\/05\/WhatsApp-Image-2023-05-10-at-12.43.04-2-225x300.jpeg 225w, https:\/\/blogsaverroes.juntadeandalucia.es\/ieselsauce\/files\/2023\/05\/WhatsApp-Image-2023-05-10-at-12.43.04-2-769x1024.jpeg 769w, https:\/\/blogsaverroes.juntadeandalucia.es\/ieselsauce\/files\/2023\/05\/WhatsApp-Image-2023-05-10-at-12.43.04-2-768x1023.jpeg 768w, https:\/\/blogsaverroes.juntadeandalucia.es\/ieselsauce\/files\/2023\/05\/WhatsApp-Image-2023-05-10-at-12.43.04-2-1153x1536.jpeg 1153w, https:\/\/blogsaverroes.juntadeandalucia.es\/ieselsauce\/files\/2023\/05\/WhatsApp-Image-2023-05-10-at-12.43.04-2.jpeg 1537w\" sizes=\"(max-width: 225px) 100vw, 225px\" \/><img loading=\"lazy\" decoding=\"async\" class=\"alignnone size-medium wp-image-2596\" src=\"https:\/\/blogsaverroes.juntadeandalucia.es\/ieselsauce\/files\/2023\/05\/WhatsApp-Image-2023-05-10-at-12.43.04-3-225x300.jpeg\" alt=\"\" width=\"225\" height=\"300\" srcset=\"https:\/\/blogsaverroes.juntadeandalucia.es\/ieselsauce\/files\/2023\/05\/WhatsApp-Image-2023-05-10-at-12.43.04-3-225x300.jpeg 225w, https:\/\/blogsaverroes.juntadeandalucia.es\/ieselsauce\/files\/2023\/05\/WhatsApp-Image-2023-05-10-at-12.43.04-3-769x1024.jpeg 769w, https:\/\/blogsaverroes.juntadeandalucia.es\/ieselsauce\/files\/2023\/05\/WhatsApp-Image-2023-05-10-at-12.43.04-3-768x1023.jpeg 768w, https:\/\/blogsaverroes.juntadeandalucia.es\/ieselsauce\/files\/2023\/05\/WhatsApp-Image-2023-05-10-at-12.43.04-3-1153x1536.jpeg 1153w, https:\/\/blogsaverroes.juntadeandalucia.es\/ieselsauce\/files\/2023\/05\/WhatsApp-Image-2023-05-10-at-12.43.04-3.jpeg 1537w\" sizes=\"(max-width: 225px) 100vw, 225px\" \/><img loading=\"lazy\" decoding=\"async\" class=\"alignnone size-medium wp-image-2599\" src=\"https:\/\/blogsaverroes.juntadeandalucia.es\/ieselsauce\/files\/2023\/05\/WhatsApp-Image-2023-05-10-at-12.43.04-225x300.jpeg\" alt=\"\" width=\"225\" height=\"300\" srcset=\"https:\/\/blogsaverroes.juntadeandalucia.es\/ieselsauce\/files\/2023\/05\/WhatsApp-Image-2023-05-10-at-12.43.04-225x300.jpeg 225w, https:\/\/blogsaverroes.juntadeandalucia.es\/ieselsauce\/files\/2023\/05\/WhatsApp-Image-2023-05-10-at-12.43.04-769x1024.jpeg 769w, https:\/\/blogsaverroes.juntadeandalucia.es\/ieselsauce\/files\/2023\/05\/WhatsApp-Image-2023-05-10-at-12.43.04-768x1023.jpeg 768w, https:\/\/blogsaverroes.juntadeandalucia.es\/ieselsauce\/files\/2023\/05\/WhatsApp-Image-2023-05-10-at-12.43.04-1153x1536.jpeg 1153w, https:\/\/blogsaverroes.juntadeandalucia.es\/ieselsauce\/files\/2023\/05\/WhatsApp-Image-2023-05-10-at-12.43.04.jpeg 1537w\" sizes=\"(max-width: 225px) 100vw, 225px\" \/>&nbsp;<img loading=\"lazy\" decoding=\"async\" class=\"alignnone size-medium wp-image-2598\" src=\"https:\/\/blogsaverroes.juntadeandalucia.es\/ieselsauce\/files\/2023\/05\/WhatsApp-Image-2023-05-10-at-12.43.04-1-225x300.jpeg\" alt=\"\" width=\"225\" height=\"300\" srcset=\"https:\/\/blogsaverroes.juntadeandalucia.es\/ieselsauce\/files\/2023\/05\/WhatsApp-Image-2023-05-10-at-12.43.04-1-225x300.jpeg 225w, https:\/\/blogsaverroes.juntadeandalucia.es\/ieselsauce\/files\/2023\/05\/WhatsApp-Image-2023-05-10-at-12.43.04-1-769x1024.jpeg 769w, https:\/\/blogsaverroes.juntadeandalucia.es\/ieselsauce\/files\/2023\/05\/WhatsApp-Image-2023-05-10-at-12.43.04-1-768x1023.jpeg 768w, https:\/\/blogsaverroes.juntadeandalucia.es\/ieselsauce\/files\/2023\/05\/WhatsApp-Image-2023-05-10-at-12.43.04-1-1153x1536.jpeg 1153w, https:\/\/blogsaverroes.juntadeandalucia.es\/ieselsauce\/files\/2023\/05\/WhatsApp-Image-2023-05-10-at-12.43.04-1.jpeg 1537w\" sizes=\"(max-width: 225px) 100vw, 225px\" \/><\/p>\n","protected":false},"excerpt":{"rendered":"<p>El 9 de mayo celebramos el D\u00eda de Europa \ud83c\uddea\ud83c\uddfa. En este d\u00eda celebramos la paz \ud83d\udd4a\ufe0f y la unidad del continente. Por ello, en el instituto hemos celebrado esta&#46;&#46;&#46;<\/p>\n","protected":false},"author":17532,"featured_media":2600,"comment_status":"open","ping_status":"open","sticky":false,"template":"","format":"standard","meta":{"ngg_post_thumbnail":0,"footnotes":""},"categories":[1862864,11909],"tags":[],"aioseo_notices":[],"_links":{"self":[{"href":"https:\/\/blogsaverroes.juntadeandalucia.es\/ieselsauce\/index.php?rest_route=\/wp\/v2\/posts\/2593"}],"collection":[{"href":"https:\/\/blogsaverroes.juntadeandalucia.es\/ieselsauce\/index.php?rest_route=\/wp\/v2\/posts"}],"about":[{"href":"https:\/\/blogsaverroes.juntadeandalucia.es\/ieselsauce\/index.php?rest_route=\/wp\/v2\/types\/post"}],"author":[{"embeddable":true,"href":"https:\/\/blogsaverroes.juntadeandalucia.es\/ieselsauce\/index.php?rest_route=\/wp\/v2\/users\/17532"}],"replies":[{"embeddable":true,"href":"https:\/\/blogsaverroes.juntadeandalucia.es\/ieselsauce\/index.php?rest_route=%2Fwp%2Fv2%2Fcomments&post=2593"}],"version-history":[{"count":6,"href":"https:\/\/blogsaverroes.juntadeandalucia.es\/ieselsauce\/index.php?rest_route=\/wp\/v2\/posts\/2593\/revisions"}],"predecessor-version":[{"id":2612,"href":"https:\/\/blogsaverroes.juntadeandalucia.es\/ieselsauce\/index.php?rest_route=\/wp\/v2\/posts\/2593\/revisions\/2612"}],"wp:featuredmedia":[{"embeddable":true,"href":"https:\/\/blogsaverroes.juntadeandalucia.es\/ieselsauce\/index.php?rest_route=\/wp\/v2\/media\/2600"}],"wp:attachment":[{"href":"https:\/\/blogsaverroes.juntadeandalucia.es\/ieselsauce\/index.php?rest_route=%2Fwp%2Fv2%2Fmedia&parent=2593"}],"wp:term":[{"taxonomy":"category","embeddable":true,"href":"https:\/\/blogsaverroes.juntadeandalucia.es\/ieselsauce\/index.php?rest_route=%2Fwp%2Fv2%2Fcategories&post=2593"},{"taxonomy":"post_tag","embeddable":true,"href":"https:\/\/blogsaverroes.juntadeandalucia.es\/ieselsauce\/index.php?rest_route=%2Fwp%2Fv2%2Ftags&post=2593"}],"curies":[{"name":"wp","href":"https:\/\/api.w.org\/{rel}","templated":true}]}}