{"id":2614,"date":"2023-05-24T11:55:58","date_gmt":"2023-05-24T11:55:58","guid":{"rendered":"https:\/\/blogsaverroes.juntadeandalucia.es\/ieselsauce\/?p=2614"},"modified":"2024-05-17T18:47:19","modified_gmt":"2024-05-17T18:47:19","slug":"i-recital-de-poesia-ies-el-sauce","status":"publish","type":"post","link":"https:\/\/blogsaverroes.juntadeandalucia.es\/ieselsauce\/?p=2614","title":{"rendered":"I RECITAL DE POES\u00cdA IES EL SAUCE"},"content":{"rendered":"<p><span style=\"font-size: 14pt\">El pasado 5 de mayo se celebr\u00f3 en el Sal\u00f3n de actos del centro el \ud83d\udde3<strong>I RECITAL IES EL SAUCE<\/strong> \ud83d\udde3 con la participaci\u00f3n de m\u00e1s de treinta alumnos de todos los cursos y profesorado de varios departamentos.<\/span><\/p>\n<p><span style=\"font-size: 14pt\">La tem\u00e1tica vers\u00f3 sobre Andaluc\u00eda y su influencia en otras literaturas. \ud83d\udc9a\ud83e\udd0d\ud83d\udc9a<\/span><!--more--><\/p>\n<p><span style=\"font-size: 14pt\">Result\u00f3 todo un \u00e9xito para el p\u00fablico asistente y para sus participantes\ud83d\udd1d\ud83d\udc4c\ud83c\udffc\ud83d\udc4f\ud83c\udffd<\/span><\/p>\n\n\t\t<style>\n\t\t\t#gallery-1 {\n\t\t\t\tmargin: auto;\n\t\t\t}\n\t\t\t#gallery-1 .gallery-item {\n\t\t\t\tfloat: left;\n\t\t\t\tmargin-top: 10px;\n\t\t\t\ttext-align: center;\n\t\t\t\twidth: 33%;\n\t\t\t}\n\t\t\t#gallery-1 img {\n\t\t\t\tborder: 2px solid #cfcfcf;\n\t\t\t}\n\t\t\t#gallery-1 .gallery-caption {\n\t\t\t\tmargin-left: 0;\n\t\t\t}\n\t\t\t\/* see gallery_shortcode() in wp-includes\/media.php *\/\n\t\t<\/style>\n\t\t<div id='gallery-1' class='gallery galleryid-2614 gallery-columns-3 gallery-size-large'><dl class='gallery-item'>\n\t\t\t<dt class='gallery-icon landscape'>\n\t\t\t\t<a href='https:\/\/blogsaverroes.juntadeandalucia.es\/ieselsauce\/files\/2023\/05\/2-1.jpeg'><img loading=\"lazy\" decoding=\"async\" width=\"1024\" height=\"1024\" src=\"https:\/\/blogsaverroes.juntadeandalucia.es\/ieselsauce\/files\/2023\/05\/2-1-1024x1024.jpeg\" class=\"attachment-large size-large\" alt=\"\" srcset=\"https:\/\/blogsaverroes.juntadeandalucia.es\/ieselsauce\/files\/2023\/05\/2-1-1024x1024.jpeg 1024w, https:\/\/blogsaverroes.juntadeandalucia.es\/ieselsauce\/files\/2023\/05\/2-1-300x300.jpeg 300w, https:\/\/blogsaverroes.juntadeandalucia.es\/ieselsauce\/files\/2023\/05\/2-1-150x150.jpeg 150w, https:\/\/blogsaverroes.juntadeandalucia.es\/ieselsauce\/files\/2023\/05\/2-1-768x768.jpeg 768w, https:\/\/blogsaverroes.juntadeandalucia.es\/ieselsauce\/files\/2023\/05\/2-1-80x80.jpeg 80w, https:\/\/blogsaverroes.juntadeandalucia.es\/ieselsauce\/files\/2023\/05\/2-1-320x320.jpeg 320w, https:\/\/blogsaverroes.juntadeandalucia.es\/ieselsauce\/files\/2023\/05\/2-1.jpeg 1080w\" sizes=\"(max-width: 1024px) 100vw, 1024px\" \/><\/a>\n\t\t\t<\/dt><\/dl><dl class='gallery-item'>\n\t\t\t<dt class='gallery-icon landscape'>\n\t\t\t\t<a href='https:\/\/blogsaverroes.juntadeandalucia.es\/ieselsauce\/files\/2023\/05\/1-1.jpeg'><img loading=\"lazy\" decoding=\"async\" width=\"1024\" height=\"1024\" src=\"https:\/\/blogsaverroes.juntadeandalucia.es\/ieselsauce\/files\/2023\/05\/1-1-1024x1024.jpeg\" class=\"attachment-large size-large\" alt=\"\" srcset=\"https:\/\/blogsaverroes.juntadeandalucia.es\/ieselsauce\/files\/2023\/05\/1-1-1024x1024.jpeg 1024w, https:\/\/blogsaverroes.juntadeandalucia.es\/ieselsauce\/files\/2023\/05\/1-1-300x300.jpeg 300w, https:\/\/blogsaverroes.juntadeandalucia.es\/ieselsauce\/files\/2023\/05\/1-1-150x150.jpeg 150w, https:\/\/blogsaverroes.juntadeandalucia.es\/ieselsauce\/files\/2023\/05\/1-1-768x768.jpeg 768w, https:\/\/blogsaverroes.juntadeandalucia.es\/ieselsauce\/files\/2023\/05\/1-1-80x80.jpeg 80w, https:\/\/blogsaverroes.juntadeandalucia.es\/ieselsauce\/files\/2023\/05\/1-1-320x320.jpeg 320w, https:\/\/blogsaverroes.juntadeandalucia.es\/ieselsauce\/files\/2023\/05\/1-1.jpeg 1080w\" sizes=\"(max-width: 1024px) 100vw, 1024px\" \/><\/a>\n\t\t\t<\/dt><\/dl><dl class='gallery-item'>\n\t\t\t<dt class='gallery-icon landscape'>\n\t\t\t\t<a href='https:\/\/blogsaverroes.juntadeandalucia.es\/ieselsauce\/files\/2023\/05\/3-1.jpeg'><img loading=\"lazy\" decoding=\"async\" width=\"1024\" height=\"1024\" src=\"https:\/\/blogsaverroes.juntadeandalucia.es\/ieselsauce\/files\/2023\/05\/3-1-1024x1024.jpeg\" class=\"attachment-large size-large\" alt=\"\" srcset=\"https:\/\/blogsaverroes.juntadeandalucia.es\/ieselsauce\/files\/2023\/05\/3-1-1024x1024.jpeg 1024w, https:\/\/blogsaverroes.juntadeandalucia.es\/ieselsauce\/files\/2023\/05\/3-1-300x300.jpeg 300w, https:\/\/blogsaverroes.juntadeandalucia.es\/ieselsauce\/files\/2023\/05\/3-1-150x150.jpeg 150w, https:\/\/blogsaverroes.juntadeandalucia.es\/ieselsauce\/files\/2023\/05\/3-1-768x768.jpeg 768w, https:\/\/blogsaverroes.juntadeandalucia.es\/ieselsauce\/files\/2023\/05\/3-1-80x80.jpeg 80w, https:\/\/blogsaverroes.juntadeandalucia.es\/ieselsauce\/files\/2023\/05\/3-1-320x320.jpeg 320w, https:\/\/blogsaverroes.juntadeandalucia.es\/ieselsauce\/files\/2023\/05\/3-1.jpeg 1080w\" sizes=\"(max-width: 1024px) 100vw, 1024px\" \/><\/a>\n\t\t\t<\/dt><\/dl><br style=\"clear: both\" \/><dl class='gallery-item'>\n\t\t\t<dt class='gallery-icon landscape'>\n\t\t\t\t<a href='https:\/\/blogsaverroes.juntadeandalucia.es\/ieselsauce\/files\/2023\/05\/4-1.jpeg'><img loading=\"lazy\" decoding=\"async\" width=\"1024\" height=\"1024\" src=\"https:\/\/blogsaverroes.juntadeandalucia.es\/ieselsauce\/files\/2023\/05\/4-1-1024x1024.jpeg\" class=\"attachment-large size-large\" alt=\"\" srcset=\"https:\/\/blogsaverroes.juntadeandalucia.es\/ieselsauce\/files\/2023\/05\/4-1-1024x1024.jpeg 1024w, https:\/\/blogsaverroes.juntadeandalucia.es\/ieselsauce\/files\/2023\/05\/4-1-300x300.jpeg 300w, https:\/\/blogsaverroes.juntadeandalucia.es\/ieselsauce\/files\/2023\/05\/4-1-150x150.jpeg 150w, https:\/\/blogsaverroes.juntadeandalucia.es\/ieselsauce\/files\/2023\/05\/4-1-768x768.jpeg 768w, https:\/\/blogsaverroes.juntadeandalucia.es\/ieselsauce\/files\/2023\/05\/4-1-80x80.jpeg 80w, https:\/\/blogsaverroes.juntadeandalucia.es\/ieselsauce\/files\/2023\/05\/4-1-320x320.jpeg 320w, https:\/\/blogsaverroes.juntadeandalucia.es\/ieselsauce\/files\/2023\/05\/4-1.jpeg 1080w\" sizes=\"(max-width: 1024px) 100vw, 1024px\" \/><\/a>\n\t\t\t<\/dt><\/dl><dl class='gallery-item'>\n\t\t\t<dt class='gallery-icon landscape'>\n\t\t\t\t<a href='https:\/\/blogsaverroes.juntadeandalucia.es\/ieselsauce\/files\/2023\/05\/5-1.jpeg'><img loading=\"lazy\" decoding=\"async\" width=\"1024\" height=\"1024\" src=\"https:\/\/blogsaverroes.juntadeandalucia.es\/ieselsauce\/files\/2023\/05\/5-1-1024x1024.jpeg\" class=\"attachment-large size-large\" alt=\"\" srcset=\"https:\/\/blogsaverroes.juntadeandalucia.es\/ieselsauce\/files\/2023\/05\/5-1-1024x1024.jpeg 1024w, https:\/\/blogsaverroes.juntadeandalucia.es\/ieselsauce\/files\/2023\/05\/5-1-300x300.jpeg 300w, https:\/\/blogsaverroes.juntadeandalucia.es\/ieselsauce\/files\/2023\/05\/5-1-150x150.jpeg 150w, https:\/\/blogsaverroes.juntadeandalucia.es\/ieselsauce\/files\/2023\/05\/5-1-768x768.jpeg 768w, https:\/\/blogsaverroes.juntadeandalucia.es\/ieselsauce\/files\/2023\/05\/5-1-80x80.jpeg 80w, https:\/\/blogsaverroes.juntadeandalucia.es\/ieselsauce\/files\/2023\/05\/5-1-320x320.jpeg 320w, https:\/\/blogsaverroes.juntadeandalucia.es\/ieselsauce\/files\/2023\/05\/5-1.jpeg 1080w\" sizes=\"(max-width: 1024px) 100vw, 1024px\" \/><\/a>\n\t\t\t<\/dt><\/dl><dl class='gallery-item'>\n\t\t\t<dt class='gallery-icon landscape'>\n\t\t\t\t<a href='https:\/\/blogsaverroes.juntadeandalucia.es\/ieselsauce\/files\/2023\/05\/7-1.jpeg'><img loading=\"lazy\" decoding=\"async\" width=\"1024\" height=\"1024\" src=\"https:\/\/blogsaverroes.juntadeandalucia.es\/ieselsauce\/files\/2023\/05\/7-1-1024x1024.jpeg\" class=\"attachment-large size-large\" alt=\"\" srcset=\"https:\/\/blogsaverroes.juntadeandalucia.es\/ieselsauce\/files\/2023\/05\/7-1-1024x1024.jpeg 1024w, https:\/\/blogsaverroes.juntadeandalucia.es\/ieselsauce\/files\/2023\/05\/7-1-300x300.jpeg 300w, https:\/\/blogsaverroes.juntadeandalucia.es\/ieselsauce\/files\/2023\/05\/7-1-150x150.jpeg 150w, https:\/\/blogsaverroes.juntadeandalucia.es\/ieselsauce\/files\/2023\/05\/7-1-768x768.jpeg 768w, https:\/\/blogsaverroes.juntadeandalucia.es\/ieselsauce\/files\/2023\/05\/7-1-80x80.jpeg 80w, https:\/\/blogsaverroes.juntadeandalucia.es\/ieselsauce\/files\/2023\/05\/7-1-320x320.jpeg 320w, https:\/\/blogsaverroes.juntadeandalucia.es\/ieselsauce\/files\/2023\/05\/7-1.jpeg 1080w\" sizes=\"(max-width: 1024px) 100vw, 1024px\" \/><\/a>\n\t\t\t<\/dt><\/dl><br style=\"clear: both\" \/><dl class='gallery-item'>\n\t\t\t<dt class='gallery-icon landscape'>\n\t\t\t\t<a href='https:\/\/blogsaverroes.juntadeandalucia.es\/ieselsauce\/files\/2023\/05\/8-1.jpeg'><img loading=\"lazy\" decoding=\"async\" width=\"1024\" height=\"1024\" src=\"https:\/\/blogsaverroes.juntadeandalucia.es\/ieselsauce\/files\/2023\/05\/8-1-1024x1024.jpeg\" class=\"attachment-large size-large\" alt=\"\" srcset=\"https:\/\/blogsaverroes.juntadeandalucia.es\/ieselsauce\/files\/2023\/05\/8-1-1024x1024.jpeg 1024w, https:\/\/blogsaverroes.juntadeandalucia.es\/ieselsauce\/files\/2023\/05\/8-1-300x300.jpeg 300w, https:\/\/blogsaverroes.juntadeandalucia.es\/ieselsauce\/files\/2023\/05\/8-1-150x150.jpeg 150w, https:\/\/blogsaverroes.juntadeandalucia.es\/ieselsauce\/files\/2023\/05\/8-1-768x768.jpeg 768w, https:\/\/blogsaverroes.juntadeandalucia.es\/ieselsauce\/files\/2023\/05\/8-1-80x80.jpeg 80w, https:\/\/blogsaverroes.juntadeandalucia.es\/ieselsauce\/files\/2023\/05\/8-1-320x320.jpeg 320w, https:\/\/blogsaverroes.juntadeandalucia.es\/ieselsauce\/files\/2023\/05\/8-1.jpeg 1080w\" sizes=\"(max-width: 1024px) 100vw, 1024px\" \/><\/a>\n\t\t\t<\/dt><\/dl><dl class='gallery-item'>\n\t\t\t<dt class='gallery-icon landscape'>\n\t\t\t\t<a href='https:\/\/blogsaverroes.juntadeandalucia.es\/ieselsauce\/files\/2023\/05\/9.jpeg'><img loading=\"lazy\" decoding=\"async\" width=\"1024\" height=\"1024\" src=\"https:\/\/blogsaverroes.juntadeandalucia.es\/ieselsauce\/files\/2023\/05\/9-1024x1024.jpeg\" class=\"attachment-large size-large\" alt=\"\" srcset=\"https:\/\/blogsaverroes.juntadeandalucia.es\/ieselsauce\/files\/2023\/05\/9-1024x1024.jpeg 1024w, https:\/\/blogsaverroes.juntadeandalucia.es\/ieselsauce\/files\/2023\/05\/9-300x300.jpeg 300w, https:\/\/blogsaverroes.juntadeandalucia.es\/ieselsauce\/files\/2023\/05\/9-150x150.jpeg 150w, https:\/\/blogsaverroes.juntadeandalucia.es\/ieselsauce\/files\/2023\/05\/9-768x768.jpeg 768w, https:\/\/blogsaverroes.juntadeandalucia.es\/ieselsauce\/files\/2023\/05\/9-80x80.jpeg 80w, https:\/\/blogsaverroes.juntadeandalucia.es\/ieselsauce\/files\/2023\/05\/9-320x320.jpeg 320w, https:\/\/blogsaverroes.juntadeandalucia.es\/ieselsauce\/files\/2023\/05\/9.jpeg 1080w\" sizes=\"(max-width: 1024px) 100vw, 1024px\" \/><\/a>\n\t\t\t<\/dt><\/dl><dl class='gallery-item'>\n\t\t\t<dt class='gallery-icon landscape'>\n\t\t\t\t<a href='https:\/\/blogsaverroes.juntadeandalucia.es\/ieselsauce\/files\/2023\/05\/10.jpeg'><img loading=\"lazy\" decoding=\"async\" width=\"1024\" height=\"1024\" src=\"https:\/\/blogsaverroes.juntadeandalucia.es\/ieselsauce\/files\/2023\/05\/10-1024x1024.jpeg\" class=\"attachment-large size-large\" alt=\"\" srcset=\"https:\/\/blogsaverroes.juntadeandalucia.es\/ieselsauce\/files\/2023\/05\/10-1024x1024.jpeg 1024w, https:\/\/blogsaverroes.juntadeandalucia.es\/ieselsauce\/files\/2023\/05\/10-300x300.jpeg 300w, https:\/\/blogsaverroes.juntadeandalucia.es\/ieselsauce\/files\/2023\/05\/10-150x150.jpeg 150w, https:\/\/blogsaverroes.juntadeandalucia.es\/ieselsauce\/files\/2023\/05\/10-768x768.jpeg 768w, https:\/\/blogsaverroes.juntadeandalucia.es\/ieselsauce\/files\/2023\/05\/10-80x80.jpeg 80w, https:\/\/blogsaverroes.juntadeandalucia.es\/ieselsauce\/files\/2023\/05\/10-320x320.jpeg 320w, https:\/\/blogsaverroes.juntadeandalucia.es\/ieselsauce\/files\/2023\/05\/10.jpeg 1080w\" sizes=\"(max-width: 1024px) 100vw, 1024px\" \/><\/a>\n\t\t\t<\/dt><\/dl><br style=\"clear: both\" \/><dl class='gallery-item'>\n\t\t\t<dt class='gallery-icon landscape'>\n\t\t\t\t<a href='https:\/\/blogsaverroes.juntadeandalucia.es\/ieselsauce\/files\/2023\/05\/6-1.jpeg'><img loading=\"lazy\" decoding=\"async\" width=\"1024\" height=\"1024\" src=\"https:\/\/blogsaverroes.juntadeandalucia.es\/ieselsauce\/files\/2023\/05\/6-1-1024x1024.jpeg\" class=\"attachment-large size-large\" alt=\"\" srcset=\"https:\/\/blogsaverroes.juntadeandalucia.es\/ieselsauce\/files\/2023\/05\/6-1-1024x1024.jpeg 1024w, https:\/\/blogsaverroes.juntadeandalucia.es\/ieselsauce\/files\/2023\/05\/6-1-300x300.jpeg 300w, https:\/\/blogsaverroes.juntadeandalucia.es\/ieselsauce\/files\/2023\/05\/6-1-150x150.jpeg 150w, https:\/\/blogsaverroes.juntadeandalucia.es\/ieselsauce\/files\/2023\/05\/6-1-768x768.jpeg 768w, https:\/\/blogsaverroes.juntadeandalucia.es\/ieselsauce\/files\/2023\/05\/6-1-80x80.jpeg 80w, https:\/\/blogsaverroes.juntadeandalucia.es\/ieselsauce\/files\/2023\/05\/6-1-320x320.jpeg 320w, https:\/\/blogsaverroes.juntadeandalucia.es\/ieselsauce\/files\/2023\/05\/6-1.jpeg 1080w\" sizes=\"(max-width: 1024px) 100vw, 1024px\" \/><\/a>\n\t\t\t<\/dt><\/dl>\n\t\t\t<br style='clear: both' \/>\n\t\t<\/div>\n\n","protected":false},"excerpt":{"rendered":"<p>El pasado 5 de mayo se celebr\u00f3 en el Sal\u00f3n de actos del centro el \ud83d\udde3I RECITAL IES EL SAUCE \ud83d\udde3 con la participaci\u00f3n de m\u00e1s de treinta alumnos de&#46;&#46;&#46;<\/p>\n","protected":false},"author":14256,"featured_media":2623,"comment_status":"open","ping_status":"open","sticky":false,"template":"","format":"standard","meta":{"ngg_post_thumbnail":0,"footnotes":""},"categories":[1862864,11909],"tags":[],"aioseo_notices":[],"_links":{"self":[{"href":"https:\/\/blogsaverroes.juntadeandalucia.es\/ieselsauce\/index.php?rest_route=\/wp\/v2\/posts\/2614"}],"collection":[{"href":"https:\/\/blogsaverroes.juntadeandalucia.es\/ieselsauce\/index.php?rest_route=\/wp\/v2\/posts"}],"about":[{"href":"https:\/\/blogsaverroes.juntadeandalucia.es\/ieselsauce\/index.php?rest_route=\/wp\/v2\/types\/post"}],"author":[{"embeddable":true,"href":"https:\/\/blogsaverroes.juntadeandalucia.es\/ieselsauce\/index.php?rest_route=\/wp\/v2\/users\/14256"}],"replies":[{"embeddable":true,"href":"https:\/\/blogsaverroes.juntadeandalucia.es\/ieselsauce\/index.php?rest_route=%2Fwp%2Fv2%2Fcomments&post=2614"}],"version-history":[{"count":3,"href":"https:\/\/blogsaverroes.juntadeandalucia.es\/ieselsauce\/index.php?rest_route=\/wp\/v2\/posts\/2614\/revisions"}],"predecessor-version":[{"id":2627,"href":"https:\/\/blogsaverroes.juntadeandalucia.es\/ieselsauce\/index.php?rest_route=\/wp\/v2\/posts\/2614\/revisions\/2627"}],"wp:featuredmedia":[{"embeddable":true,"href":"https:\/\/blogsaverroes.juntadeandalucia.es\/ieselsauce\/index.php?rest_route=\/wp\/v2\/media\/2623"}],"wp:attachment":[{"href":"https:\/\/blogsaverroes.juntadeandalucia.es\/ieselsauce\/index.php?rest_route=%2Fwp%2Fv2%2Fmedia&parent=2614"}],"wp:term":[{"taxonomy":"category","embeddable":true,"href":"https:\/\/blogsaverroes.juntadeandalucia.es\/ieselsauce\/index.php?rest_route=%2Fwp%2Fv2%2Fcategories&post=2614"},{"taxonomy":"post_tag","embeddable":true,"href":"https:\/\/blogsaverroes.juntadeandalucia.es\/ieselsauce\/index.php?rest_route=%2Fwp%2Fv2%2Ftags&post=2614"}],"curies":[{"name":"wp","href":"https:\/\/api.w.org\/{rel}","templated":true}]}}