{"id":2631,"date":"2023-05-31T11:48:00","date_gmt":"2023-05-31T11:48:00","guid":{"rendered":"https:\/\/blogsaverroes.juntadeandalucia.es\/ieselsauce\/?p=2631"},"modified":"2024-05-17T18:44:21","modified_gmt":"2024-05-17T18:44:21","slug":"machado-poeta-y-profesor-de-frances","status":"publish","type":"post","link":"https:\/\/blogsaverroes.juntadeandalucia.es\/ieselsauce\/?p=2631","title":{"rendered":"MACHADO, POETA Y PROFESOR DE FRANC\u00c9S"},"content":{"rendered":"<p>Antonio Machado fue profesor de Lengua y Literatura francesa en el Instituto Nacional de Segunda Ense\u00f1anza de Segovia. All\u00ed fund\u00f3, junto con unos amigos, la Universidad Popular en la que dio clases gratuitas de franc\u00e9s. En el <strong>Primer Recital de Poes\u00eda <em>IES El Sauce<\/em><\/strong><em>, <\/em>en homenaje a su labor docente en franc\u00e9s, los alumnos de 1\u00ba ESO,<strong> Noa S\u00e1nchez Presa, Sergio Escribano Garc\u00eda y Nahia L\u00f3pez Moral<\/strong>, han recitado en franc\u00e9s <strong><em>&nbsp;<\/em><\/strong>uno de los poemas m\u00e1s conocidos del poeta espa\u00f1ol:<!--more--><\/p>\n<p><strong><em><span style=\"font-family: arial, helvetica, sans-serif\"><img loading=\"lazy\" decoding=\"async\" class=\"size-medium wp-image-2632 alignright\" src=\"https:\/\/blogsaverroes.juntadeandalucia.es\/ieselsauce\/files\/2023\/05\/fotorecitalpoesia-300x225.jpg\" alt=\"\" width=\"300\" height=\"225\" srcset=\"https:\/\/blogsaverroes.juntadeandalucia.es\/ieselsauce\/files\/2023\/05\/fotorecitalpoesia-300x225.jpg 300w, https:\/\/blogsaverroes.juntadeandalucia.es\/ieselsauce\/files\/2023\/05\/fotorecitalpoesia-1024x768.jpg 1024w, https:\/\/blogsaverroes.juntadeandalucia.es\/ieselsauce\/files\/2023\/05\/fotorecitalpoesia-768x576.jpg 768w, https:\/\/blogsaverroes.juntadeandalucia.es\/ieselsauce\/files\/2023\/05\/fotorecitalpoesia-1536x1152.jpg 1536w, https:\/\/blogsaverroes.juntadeandalucia.es\/ieselsauce\/files\/2023\/05\/fotorecitalpoesia.jpg 1600w\" sizes=\"(max-width: 300px) 100vw, 300px\" \/><\/span><\/em><\/strong><\/p>\n<p><strong><em>Voyageur, il n\u2019y a pas de chemin<\/em>&nbsp;<\/strong> (Caminante, no hay camino)<\/p>\n<p><strong><em><span style=\"font-family: arial, helvetica, sans-serif\">Tout passe et tout demeure<\/span><\/em><\/strong><\/p>\n<p><strong><em><span style=\"font-family: arial, helvetica, sans-serif\">Mais notre affaire est de passer<\/span><\/em><\/strong><\/p>\n<p><strong><em><span style=\"font-family: arial, helvetica, sans-serif\">De passer en tra\u00e7ant des chemins<\/span><\/em><\/strong><\/p>\n<p><strong><em><span style=\"font-family: arial, helvetica, sans-serif\">Des chemins sur la mer&#8230;<\/span><\/em><\/strong><\/p>\n","protected":false},"excerpt":{"rendered":"<p>Antonio Machado fue profesor de Lengua y Literatura francesa en el Instituto Nacional de Segunda Ense\u00f1anza de Segovia. All\u00ed fund\u00f3, junto con unos amigos, la Universidad Popular en la que&#46;&#46;&#46;<\/p>\n","protected":false},"author":14236,"featured_media":2632,"comment_status":"open","ping_status":"open","sticky":false,"template":"","format":"standard","meta":{"ngg_post_thumbnail":0,"footnotes":""},"categories":[1862864,11909],"tags":[],"aioseo_notices":[],"_links":{"self":[{"href":"https:\/\/blogsaverroes.juntadeandalucia.es\/ieselsauce\/index.php?rest_route=\/wp\/v2\/posts\/2631"}],"collection":[{"href":"https:\/\/blogsaverroes.juntadeandalucia.es\/ieselsauce\/index.php?rest_route=\/wp\/v2\/posts"}],"about":[{"href":"https:\/\/blogsaverroes.juntadeandalucia.es\/ieselsauce\/index.php?rest_route=\/wp\/v2\/types\/post"}],"author":[{"embeddable":true,"href":"https:\/\/blogsaverroes.juntadeandalucia.es\/ieselsauce\/index.php?rest_route=\/wp\/v2\/users\/14236"}],"replies":[{"embeddable":true,"href":"https:\/\/blogsaverroes.juntadeandalucia.es\/ieselsauce\/index.php?rest_route=%2Fwp%2Fv2%2Fcomments&post=2631"}],"version-history":[{"count":3,"href":"https:\/\/blogsaverroes.juntadeandalucia.es\/ieselsauce\/index.php?rest_route=\/wp\/v2\/posts\/2631\/revisions"}],"predecessor-version":[{"id":2967,"href":"https:\/\/blogsaverroes.juntadeandalucia.es\/ieselsauce\/index.php?rest_route=\/wp\/v2\/posts\/2631\/revisions\/2967"}],"wp:featuredmedia":[{"embeddable":true,"href":"https:\/\/blogsaverroes.juntadeandalucia.es\/ieselsauce\/index.php?rest_route=\/wp\/v2\/media\/2632"}],"wp:attachment":[{"href":"https:\/\/blogsaverroes.juntadeandalucia.es\/ieselsauce\/index.php?rest_route=%2Fwp%2Fv2%2Fmedia&parent=2631"}],"wp:term":[{"taxonomy":"category","embeddable":true,"href":"https:\/\/blogsaverroes.juntadeandalucia.es\/ieselsauce\/index.php?rest_route=%2Fwp%2Fv2%2Fcategories&post=2631"},{"taxonomy":"post_tag","embeddable":true,"href":"https:\/\/blogsaverroes.juntadeandalucia.es\/ieselsauce\/index.php?rest_route=%2Fwp%2Fv2%2Ftags&post=2631"}],"curies":[{"name":"wp","href":"https:\/\/api.w.org\/{rel}","templated":true}]}}