{"id":2900,"date":"2024-02-20T12:37:46","date_gmt":"2024-02-20T12:37:46","guid":{"rendered":"https:\/\/blogsaverroes.juntadeandalucia.es\/ieselsauce\/?p=2900"},"modified":"2024-05-17T18:36:47","modified_gmt":"2024-05-17T18:36:47","slug":"explorando-la-primera-guerra-mundial-a-traves-del-periodismo","status":"publish","type":"post","link":"https:\/\/blogsaverroes.juntadeandalucia.es\/ieselsauce\/?p=2900","title":{"rendered":"\u00a0Explorando la Primera Guerra Mundial a trav\u00e9s del Periodismo"},"content":{"rendered":"<p><img loading=\"lazy\" decoding=\"async\" class=\"alignnone size-medium wp-image-2901\" src=\"https:\/\/blogsaverroes.juntadeandalucia.es\/ieselsauce\/files\/2024\/02\/WhatsApp-Image-2024-02-20-at-11.51.14-1-225x300.jpeg\" alt=\"\" width=\"225\" height=\"300\" srcset=\"https:\/\/blogsaverroes.juntadeandalucia.es\/ieselsauce\/files\/2024\/02\/WhatsApp-Image-2024-02-20-at-11.51.14-1-225x300.jpeg 225w, https:\/\/blogsaverroes.juntadeandalucia.es\/ieselsauce\/files\/2024\/02\/WhatsApp-Image-2024-02-20-at-11.51.14-1-769x1024.jpeg 769w, https:\/\/blogsaverroes.juntadeandalucia.es\/ieselsauce\/files\/2024\/02\/WhatsApp-Image-2024-02-20-at-11.51.14-1-768x1023.jpeg 768w, https:\/\/blogsaverroes.juntadeandalucia.es\/ieselsauce\/files\/2024\/02\/WhatsApp-Image-2024-02-20-at-11.51.14-1-1153x1536.jpeg 1153w, https:\/\/blogsaverroes.juntadeandalucia.es\/ieselsauce\/files\/2024\/02\/WhatsApp-Image-2024-02-20-at-11.51.14-1.jpeg 1201w\" sizes=\"(max-width: 225px) 100vw, 225px\" \/> <img loading=\"lazy\" decoding=\"async\" class=\"alignnone size-medium wp-image-2902\" src=\"https:\/\/blogsaverroes.juntadeandalucia.es\/ieselsauce\/files\/2024\/02\/WhatsApp-Image-2024-02-20-at-11.51.14-2-225x300.jpeg\" alt=\"\" width=\"225\" height=\"300\" srcset=\"https:\/\/blogsaverroes.juntadeandalucia.es\/ieselsauce\/files\/2024\/02\/WhatsApp-Image-2024-02-20-at-11.51.14-2-225x300.jpeg 225w, https:\/\/blogsaverroes.juntadeandalucia.es\/ieselsauce\/files\/2024\/02\/WhatsApp-Image-2024-02-20-at-11.51.14-2-769x1024.jpeg 769w, https:\/\/blogsaverroes.juntadeandalucia.es\/ieselsauce\/files\/2024\/02\/WhatsApp-Image-2024-02-20-at-11.51.14-2-768x1023.jpeg 768w, https:\/\/blogsaverroes.juntadeandalucia.es\/ieselsauce\/files\/2024\/02\/WhatsApp-Image-2024-02-20-at-11.51.14-2-1153x1536.jpeg 1153w, https:\/\/blogsaverroes.juntadeandalucia.es\/ieselsauce\/files\/2024\/02\/WhatsApp-Image-2024-02-20-at-11.51.14-2.jpeg 1201w\" sizes=\"(max-width: 225px) 100vw, 225px\" \/> <img loading=\"lazy\" decoding=\"async\" class=\"alignnone size-medium wp-image-2903\" src=\"https:\/\/blogsaverroes.juntadeandalucia.es\/ieselsauce\/files\/2024\/02\/WhatsApp-Image-2024-02-20-at-11.51.14-225x300.jpeg\" alt=\"\" width=\"225\" height=\"300\" srcset=\"https:\/\/blogsaverroes.juntadeandalucia.es\/ieselsauce\/files\/2024\/02\/WhatsApp-Image-2024-02-20-at-11.51.14-225x300.jpeg 225w, https:\/\/blogsaverroes.juntadeandalucia.es\/ieselsauce\/files\/2024\/02\/WhatsApp-Image-2024-02-20-at-11.51.14-769x1024.jpeg 769w, https:\/\/blogsaverroes.juntadeandalucia.es\/ieselsauce\/files\/2024\/02\/WhatsApp-Image-2024-02-20-at-11.51.14-768x1023.jpeg 768w, https:\/\/blogsaverroes.juntadeandalucia.es\/ieselsauce\/files\/2024\/02\/WhatsApp-Image-2024-02-20-at-11.51.14-1153x1536.jpeg 1153w, https:\/\/blogsaverroes.juntadeandalucia.es\/ieselsauce\/files\/2024\/02\/WhatsApp-Image-2024-02-20-at-11.51.14.jpeg 1201w\" sizes=\"(max-width: 225px) 100vw, 225px\" \/> <img loading=\"lazy\" decoding=\"async\" class=\"alignnone size-medium wp-image-2904\" src=\"https:\/\/blogsaverroes.juntadeandalucia.es\/ieselsauce\/files\/2024\/02\/WhatsApp-Image-2024-02-20-at-11.51.15-1-225x300.jpeg\" alt=\"\" width=\"225\" height=\"300\" srcset=\"https:\/\/blogsaverroes.juntadeandalucia.es\/ieselsauce\/files\/2024\/02\/WhatsApp-Image-2024-02-20-at-11.51.15-1-225x300.jpeg 225w, https:\/\/blogsaverroes.juntadeandalucia.es\/ieselsauce\/files\/2024\/02\/WhatsApp-Image-2024-02-20-at-11.51.15-1-769x1024.jpeg 769w, https:\/\/blogsaverroes.juntadeandalucia.es\/ieselsauce\/files\/2024\/02\/WhatsApp-Image-2024-02-20-at-11.51.15-1-768x1023.jpeg 768w, https:\/\/blogsaverroes.juntadeandalucia.es\/ieselsauce\/files\/2024\/02\/WhatsApp-Image-2024-02-20-at-11.51.15-1-1153x1536.jpeg 1153w, https:\/\/blogsaverroes.juntadeandalucia.es\/ieselsauce\/files\/2024\/02\/WhatsApp-Image-2024-02-20-at-11.51.15-1.jpeg 1201w\" sizes=\"(max-width: 225px) 100vw, 225px\" \/> <img loading=\"lazy\" decoding=\"async\" class=\"alignnone size-medium wp-image-2905\" src=\"https:\/\/blogsaverroes.juntadeandalucia.es\/ieselsauce\/files\/2024\/02\/WhatsApp-Image-2024-02-20-at-11.51.15-2-225x300.jpeg\" alt=\"\" width=\"225\" height=\"300\" srcset=\"https:\/\/blogsaverroes.juntadeandalucia.es\/ieselsauce\/files\/2024\/02\/WhatsApp-Image-2024-02-20-at-11.51.15-2-225x300.jpeg 225w, https:\/\/blogsaverroes.juntadeandalucia.es\/ieselsauce\/files\/2024\/02\/WhatsApp-Image-2024-02-20-at-11.51.15-2-769x1024.jpeg 769w, https:\/\/blogsaverroes.juntadeandalucia.es\/ieselsauce\/files\/2024\/02\/WhatsApp-Image-2024-02-20-at-11.51.15-2-768x1023.jpeg 768w, https:\/\/blogsaverroes.juntadeandalucia.es\/ieselsauce\/files\/2024\/02\/WhatsApp-Image-2024-02-20-at-11.51.15-2-1153x1536.jpeg 1153w, https:\/\/blogsaverroes.juntadeandalucia.es\/ieselsauce\/files\/2024\/02\/WhatsApp-Image-2024-02-20-at-11.51.15-2.jpeg 1201w\" sizes=\"(max-width: 225px) 100vw, 225px\" \/> <img loading=\"lazy\" decoding=\"async\" class=\"alignnone size-medium wp-image-2906\" src=\"https:\/\/blogsaverroes.juntadeandalucia.es\/ieselsauce\/files\/2024\/02\/WhatsApp-Image-2024-02-20-at-11.51.15-3-225x300.jpeg\" alt=\"\" width=\"225\" height=\"300\" srcset=\"https:\/\/blogsaverroes.juntadeandalucia.es\/ieselsauce\/files\/2024\/02\/WhatsApp-Image-2024-02-20-at-11.51.15-3-225x300.jpeg 225w, https:\/\/blogsaverroes.juntadeandalucia.es\/ieselsauce\/files\/2024\/02\/WhatsApp-Image-2024-02-20-at-11.51.15-3-769x1024.jpeg 769w, https:\/\/blogsaverroes.juntadeandalucia.es\/ieselsauce\/files\/2024\/02\/WhatsApp-Image-2024-02-20-at-11.51.15-3-768x1023.jpeg 768w, https:\/\/blogsaverroes.juntadeandalucia.es\/ieselsauce\/files\/2024\/02\/WhatsApp-Image-2024-02-20-at-11.51.15-3-1153x1536.jpeg 1153w, https:\/\/blogsaverroes.juntadeandalucia.es\/ieselsauce\/files\/2024\/02\/WhatsApp-Image-2024-02-20-at-11.51.15-3.jpeg 1201w\" sizes=\"(max-width: 225px) 100vw, 225px\" \/> <img loading=\"lazy\" decoding=\"async\" class=\"alignnone size-medium wp-image-2907\" src=\"https:\/\/blogsaverroes.juntadeandalucia.es\/ieselsauce\/files\/2024\/02\/WhatsApp-Image-2024-02-20-at-11.51.15-4-225x300.jpeg\" alt=\"\" width=\"225\" height=\"300\" srcset=\"https:\/\/blogsaverroes.juntadeandalucia.es\/ieselsauce\/files\/2024\/02\/WhatsApp-Image-2024-02-20-at-11.51.15-4-225x300.jpeg 225w, https:\/\/blogsaverroes.juntadeandalucia.es\/ieselsauce\/files\/2024\/02\/WhatsApp-Image-2024-02-20-at-11.51.15-4-769x1024.jpeg 769w, https:\/\/blogsaverroes.juntadeandalucia.es\/ieselsauce\/files\/2024\/02\/WhatsApp-Image-2024-02-20-at-11.51.15-4-768x1023.jpeg 768w, https:\/\/blogsaverroes.juntadeandalucia.es\/ieselsauce\/files\/2024\/02\/WhatsApp-Image-2024-02-20-at-11.51.15-4-1153x1536.jpeg 1153w, https:\/\/blogsaverroes.juntadeandalucia.es\/ieselsauce\/files\/2024\/02\/WhatsApp-Image-2024-02-20-at-11.51.15-4.jpeg 1201w\" sizes=\"(max-width: 225px) 100vw, 225px\" \/> <img loading=\"lazy\" decoding=\"async\" class=\"alignnone size-medium wp-image-2908\" src=\"https:\/\/blogsaverroes.juntadeandalucia.es\/ieselsauce\/files\/2024\/02\/WhatsApp-Image-2024-02-20-at-11.51.15-225x300.jpeg\" alt=\"\" width=\"225\" height=\"300\" srcset=\"https:\/\/blogsaverroes.juntadeandalucia.es\/ieselsauce\/files\/2024\/02\/WhatsApp-Image-2024-02-20-at-11.51.15-225x300.jpeg 225w, https:\/\/blogsaverroes.juntadeandalucia.es\/ieselsauce\/files\/2024\/02\/WhatsApp-Image-2024-02-20-at-11.51.15-769x1024.jpeg 769w, https:\/\/blogsaverroes.juntadeandalucia.es\/ieselsauce\/files\/2024\/02\/WhatsApp-Image-2024-02-20-at-11.51.15-768x1023.jpeg 768w, https:\/\/blogsaverroes.juntadeandalucia.es\/ieselsauce\/files\/2024\/02\/WhatsApp-Image-2024-02-20-at-11.51.15-1153x1536.jpeg 1153w, https:\/\/blogsaverroes.juntadeandalucia.es\/ieselsauce\/files\/2024\/02\/WhatsApp-Image-2024-02-20-at-11.51.15.jpeg 1201w\" sizes=\"(max-width: 225px) 100vw, 225px\" \/> <img loading=\"lazy\" decoding=\"async\" class=\"alignnone size-medium wp-image-2909\" src=\"https:\/\/blogsaverroes.juntadeandalucia.es\/ieselsauce\/files\/2024\/02\/WhatsApp-Image-2024-02-20-at-11.51.16-225x300.jpeg\" alt=\"\" width=\"225\" height=\"300\" srcset=\"https:\/\/blogsaverroes.juntadeandalucia.es\/ieselsauce\/files\/2024\/02\/WhatsApp-Image-2024-02-20-at-11.51.16-225x300.jpeg 225w, https:\/\/blogsaverroes.juntadeandalucia.es\/ieselsauce\/files\/2024\/02\/WhatsApp-Image-2024-02-20-at-11.51.16-769x1024.jpeg 769w, https:\/\/blogsaverroes.juntadeandalucia.es\/ieselsauce\/files\/2024\/02\/WhatsApp-Image-2024-02-20-at-11.51.16-768x1023.jpeg 768w, https:\/\/blogsaverroes.juntadeandalucia.es\/ieselsauce\/files\/2024\/02\/WhatsApp-Image-2024-02-20-at-11.51.16-1153x1536.jpeg 1153w, https:\/\/blogsaverroes.juntadeandalucia.es\/ieselsauce\/files\/2024\/02\/WhatsApp-Image-2024-02-20-at-11.51.16.jpeg 1201w\" sizes=\"(max-width: 225px) 100vw, 225px\" \/><\/p>\n<p>Durante el segundo trimestre desde el \u00c1mbito Socioling\u00fc\u00edstico y bajo la coordinaci\u00f3n y revisi\u00f3n del profesor Manuel Bonilla, el alumnado de 4\u00b0 del Programa de Diversificaci\u00f3n Curricular, ha realizado una actividad evaluable en la que han trabajado la Primera Guerra Mundial desde la \u00f3ptica del periodismo de la \u00e9poca. En esta actividad han elaborado art\u00edculos de peri\u00f3dico, realizado entrevistas y han dise\u00f1ado carteles propagand\u00edsticos, todo en un formato que nos ha transportado al mundo de hace un siglo.<\/p>\n<p>Destacamos art\u00edculos que evocaban la atm\u00f3sfera hist\u00f3rica, como \u00abAlemania pone fin a la guerra\u00bb y la edici\u00f3n especial \u00abVictoria decisiva en Tannenberg\u00bb. Todas las producciones reflejan la profundidad con la que han trabajado el tema dando importancia a los eventos de la \u00e9poca.<\/p>\n<p>Esta actividad estar\u00e1 expuesta en el tabl\u00f3n de la entrada del instituto para que el resto del alumnado y miembros de la comunidad educativa puedan verlo y aprender de la historia.<\/p>\n<p>Cabe destacar la implicaci\u00f3n del alumnado en esta actividad, demostrando su creatividad, destrezas tecnol\u00f3gicas y art\u00edsticas.<\/p>\n<p>A continuaci\u00f3n se muestran algunas fotograf\u00edas de la exposici\u00f3n. \u00a1Esperamos que os guste!<\/p>\n","protected":false},"excerpt":{"rendered":"<p>Durante el segundo trimestre desde el \u00c1mbito Socioling\u00fc\u00edstico y bajo la coordinaci\u00f3n y revisi\u00f3n del profesor Manuel Bonilla, el alumnado de 4\u00b0 del Programa de Diversificaci\u00f3n Curricular, ha realizado una&#46;&#46;&#46;<\/p>\n","protected":false},"author":19277,"featured_media":2903,"comment_status":"open","ping_status":"open","sticky":false,"template":"","format":"standard","meta":{"ngg_post_thumbnail":0,"footnotes":""},"categories":[1862865,11909],"tags":[],"aioseo_notices":[],"_links":{"self":[{"href":"https:\/\/blogsaverroes.juntadeandalucia.es\/ieselsauce\/index.php?rest_route=\/wp\/v2\/posts\/2900"}],"collection":[{"href":"https:\/\/blogsaverroes.juntadeandalucia.es\/ieselsauce\/index.php?rest_route=\/wp\/v2\/posts"}],"about":[{"href":"https:\/\/blogsaverroes.juntadeandalucia.es\/ieselsauce\/index.php?rest_route=\/wp\/v2\/types\/post"}],"author":[{"embeddable":true,"href":"https:\/\/blogsaverroes.juntadeandalucia.es\/ieselsauce\/index.php?rest_route=\/wp\/v2\/users\/19277"}],"replies":[{"embeddable":true,"href":"https:\/\/blogsaverroes.juntadeandalucia.es\/ieselsauce\/index.php?rest_route=%2Fwp%2Fv2%2Fcomments&post=2900"}],"version-history":[{"count":2,"href":"https:\/\/blogsaverroes.juntadeandalucia.es\/ieselsauce\/index.php?rest_route=\/wp\/v2\/posts\/2900\/revisions"}],"predecessor-version":[{"id":2960,"href":"https:\/\/blogsaverroes.juntadeandalucia.es\/ieselsauce\/index.php?rest_route=\/wp\/v2\/posts\/2900\/revisions\/2960"}],"wp:featuredmedia":[{"embeddable":true,"href":"https:\/\/blogsaverroes.juntadeandalucia.es\/ieselsauce\/index.php?rest_route=\/wp\/v2\/media\/2903"}],"wp:attachment":[{"href":"https:\/\/blogsaverroes.juntadeandalucia.es\/ieselsauce\/index.php?rest_route=%2Fwp%2Fv2%2Fmedia&parent=2900"}],"wp:term":[{"taxonomy":"category","embeddable":true,"href":"https:\/\/blogsaverroes.juntadeandalucia.es\/ieselsauce\/index.php?rest_route=%2Fwp%2Fv2%2Fcategories&post=2900"},{"taxonomy":"post_tag","embeddable":true,"href":"https:\/\/blogsaverroes.juntadeandalucia.es\/ieselsauce\/index.php?rest_route=%2Fwp%2Fv2%2Ftags&post=2900"}],"curies":[{"name":"wp","href":"https:\/\/api.w.org\/{rel}","templated":true}]}}