{"id":3139,"date":"2025-05-07T16:58:02","date_gmt":"2025-05-07T16:58:02","guid":{"rendered":"https:\/\/blogsaverroes.juntadeandalucia.es\/ieselsauce\/?p=3139"},"modified":"2025-05-07T20:51:42","modified_gmt":"2025-05-07T20:51:42","slug":"dia-del-autismo-en-nuestro-centro","status":"publish","type":"post","link":"https:\/\/blogsaverroes.juntadeandalucia.es\/ieselsauce\/?p=3139","title":{"rendered":"D\u00eda del Autismo en nuestro Centro"},"content":{"rendered":"<p>El d\u00eda 2 de abril de este curso (2024\/25) celebramos en nuestro centro IES. El Sauce, la efem\u00e9ride por el \u00abD\u00eda del Autismo\u00bb con la colocaci\u00f3n de corazones y globos azules, color con el que se hace referencia a esta causa.<\/p>\n<p>En la clase de pl\u00e1stica trabajaron en la elaboraci\u00f3n de un retrato del dibujo animado \u00abBluey\u00bb, la profesora de Pl\u00e1stica (Sandra) y nuestra profesora de Apoyo (Rosa). La elecci\u00f3n de este personaje fue debido a que Bluey es un personaje que gusta mucho a nuestro querido antiguo alumno Tom\u00e1s R. Este alumno tiene autismo, acab\u00f3 sus estudios con nosotros el a\u00f1o pasado tras 4 a\u00f1os en el Sauce, es muy querido por todos\/as y quisimos darle esta sorpresa con estas actividades y este retrato. Sus hermanos tambi\u00e9n han estado estudiando en nuestro centro por lo que colaboraron en acercarle a casa el retrato de Bluey, globos, corazones&#8230; y darle una sorpresa.<\/p>\n<p><img loading=\"lazy\" decoding=\"async\" class=\"alignnone size-medium wp-image-3140\" src=\"https:\/\/blogsaverroes.juntadeandalucia.es\/ieselsauce\/files\/2025\/05\/WhatsApp-Image-2025-05-07-at-18.28.01-1-300x169.jpeg\" alt=\"\" width=\"300\" height=\"169\" srcset=\"https:\/\/blogsaverroes.juntadeandalucia.es\/ieselsauce\/files\/2025\/05\/WhatsApp-Image-2025-05-07-at-18.28.01-1-300x169.jpeg 300w, https:\/\/blogsaverroes.juntadeandalucia.es\/ieselsauce\/files\/2025\/05\/WhatsApp-Image-2025-05-07-at-18.28.01-1-1024x576.jpeg 1024w, https:\/\/blogsaverroes.juntadeandalucia.es\/ieselsauce\/files\/2025\/05\/WhatsApp-Image-2025-05-07-at-18.28.01-1-768x432.jpeg 768w, https:\/\/blogsaverroes.juntadeandalucia.es\/ieselsauce\/files\/2025\/05\/WhatsApp-Image-2025-05-07-at-18.28.01-1-1536x864.jpeg 1536w, https:\/\/blogsaverroes.juntadeandalucia.es\/ieselsauce\/files\/2025\/05\/WhatsApp-Image-2025-05-07-at-18.28.01-1.jpeg 2000w\" sizes=\"(max-width: 300px) 100vw, 300px\" \/> <img loading=\"lazy\" decoding=\"async\" class=\"alignnone size-medium wp-image-3141\" src=\"https:\/\/blogsaverroes.juntadeandalucia.es\/ieselsauce\/files\/2025\/05\/WhatsApp-Image-2025-05-07-at-18.28.01-169x300.jpeg\" alt=\"\" width=\"169\" height=\"300\" srcset=\"https:\/\/blogsaverroes.juntadeandalucia.es\/ieselsauce\/files\/2025\/05\/WhatsApp-Image-2025-05-07-at-18.28.01-169x300.jpeg 169w, https:\/\/blogsaverroes.juntadeandalucia.es\/ieselsauce\/files\/2025\/05\/WhatsApp-Image-2025-05-07-at-18.28.01-576x1024.jpeg 576w, https:\/\/blogsaverroes.juntadeandalucia.es\/ieselsauce\/files\/2025\/05\/WhatsApp-Image-2025-05-07-at-18.28.01-768x1365.jpeg 768w, https:\/\/blogsaverroes.juntadeandalucia.es\/ieselsauce\/files\/2025\/05\/WhatsApp-Image-2025-05-07-at-18.28.01-864x1536.jpeg 864w, https:\/\/blogsaverroes.juntadeandalucia.es\/ieselsauce\/files\/2025\/05\/WhatsApp-Image-2025-05-07-at-18.28.01.jpeg 1125w\" sizes=\"(max-width: 169px) 100vw, 169px\" \/> <img loading=\"lazy\" decoding=\"async\" class=\"alignnone size-medium wp-image-3142\" src=\"https:\/\/blogsaverroes.juntadeandalucia.es\/ieselsauce\/files\/2025\/05\/WhatsApp-Image-2025-05-07-at-18.28.03-1-134x300.jpeg\" alt=\"\" width=\"134\" height=\"300\" srcset=\"https:\/\/blogsaverroes.juntadeandalucia.es\/ieselsauce\/files\/2025\/05\/WhatsApp-Image-2025-05-07-at-18.28.03-1-134x300.jpeg 134w, https:\/\/blogsaverroes.juntadeandalucia.es\/ieselsauce\/files\/2025\/05\/WhatsApp-Image-2025-05-07-at-18.28.03-1-458x1024.jpeg 458w, https:\/\/blogsaverroes.juntadeandalucia.es\/ieselsauce\/files\/2025\/05\/WhatsApp-Image-2025-05-07-at-18.28.03-1-768x1718.jpeg 768w, https:\/\/blogsaverroes.juntadeandalucia.es\/ieselsauce\/files\/2025\/05\/WhatsApp-Image-2025-05-07-at-18.28.03-1-687x1536.jpeg 687w, https:\/\/blogsaverroes.juntadeandalucia.es\/ieselsauce\/files\/2025\/05\/WhatsApp-Image-2025-05-07-at-18.28.03-1.jpeg 912w\" sizes=\"(max-width: 134px) 100vw, 134px\" \/><img loading=\"lazy\" decoding=\"async\" class=\"alignnone size-medium wp-image-3152\" src=\"https:\/\/blogsaverroes.juntadeandalucia.es\/ieselsauce\/files\/2025\/05\/WhatsApp-Image-2025-05-07-at-19.09.59-134x300.jpeg\" alt=\"\" width=\"134\" height=\"300\" srcset=\"https:\/\/blogsaverroes.juntadeandalucia.es\/ieselsauce\/files\/2025\/05\/WhatsApp-Image-2025-05-07-at-19.09.59-134x300.jpeg 134w, https:\/\/blogsaverroes.juntadeandalucia.es\/ieselsauce\/files\/2025\/05\/WhatsApp-Image-2025-05-07-at-19.09.59-458x1024.jpeg 458w, https:\/\/blogsaverroes.juntadeandalucia.es\/ieselsauce\/files\/2025\/05\/WhatsApp-Image-2025-05-07-at-19.09.59-768x1718.jpeg 768w, https:\/\/blogsaverroes.juntadeandalucia.es\/ieselsauce\/files\/2025\/05\/WhatsApp-Image-2025-05-07-at-19.09.59-687x1536.jpeg 687w, https:\/\/blogsaverroes.juntadeandalucia.es\/ieselsauce\/files\/2025\/05\/WhatsApp-Image-2025-05-07-at-19.09.59.jpeg 912w\" sizes=\"(max-width: 134px) 100vw, 134px\" \/> <img loading=\"lazy\" decoding=\"async\" class=\"alignnone size-medium wp-image-3143\" src=\"https:\/\/blogsaverroes.juntadeandalucia.es\/ieselsauce\/files\/2025\/05\/WhatsApp-Image-2025-05-07-at-18.28.03-2-300x300.jpeg\" alt=\"\" width=\"300\" height=\"300\" srcset=\"https:\/\/blogsaverroes.juntadeandalucia.es\/ieselsauce\/files\/2025\/05\/WhatsApp-Image-2025-05-07-at-18.28.03-2-300x300.jpeg 300w, https:\/\/blogsaverroes.juntadeandalucia.es\/ieselsauce\/files\/2025\/05\/WhatsApp-Image-2025-05-07-at-18.28.03-2-1024x1024.jpeg 1024w, https:\/\/blogsaverroes.juntadeandalucia.es\/ieselsauce\/files\/2025\/05\/WhatsApp-Image-2025-05-07-at-18.28.03-2-150x150.jpeg 150w, https:\/\/blogsaverroes.juntadeandalucia.es\/ieselsauce\/files\/2025\/05\/WhatsApp-Image-2025-05-07-at-18.28.03-2-768x768.jpeg 768w, https:\/\/blogsaverroes.juntadeandalucia.es\/ieselsauce\/files\/2025\/05\/WhatsApp-Image-2025-05-07-at-18.28.03-2-1536x1536.jpeg 1536w, https:\/\/blogsaverroes.juntadeandalucia.es\/ieselsauce\/files\/2025\/05\/WhatsApp-Image-2025-05-07-at-18.28.03-2-80x80.jpeg 80w, https:\/\/blogsaverroes.juntadeandalucia.es\/ieselsauce\/files\/2025\/05\/WhatsApp-Image-2025-05-07-at-18.28.03-2-320x320.jpeg 320w, https:\/\/blogsaverroes.juntadeandalucia.es\/ieselsauce\/files\/2025\/05\/WhatsApp-Image-2025-05-07-at-18.28.03-2.jpeg 2048w\" sizes=\"(max-width: 300px) 100vw, 300px\" \/> \u00a0<img loading=\"lazy\" decoding=\"async\" class=\"alignnone size-medium wp-image-3145\" src=\"https:\/\/blogsaverroes.juntadeandalucia.es\/ieselsauce\/files\/2025\/05\/WhatsApp-Image-2025-05-07-at-18.28.03-300x300.jpeg\" alt=\"\" width=\"300\" height=\"300\" srcset=\"https:\/\/blogsaverroes.juntadeandalucia.es\/ieselsauce\/files\/2025\/05\/WhatsApp-Image-2025-05-07-at-18.28.03-300x300.jpeg 300w, https:\/\/blogsaverroes.juntadeandalucia.es\/ieselsauce\/files\/2025\/05\/WhatsApp-Image-2025-05-07-at-18.28.03-1024x1024.jpeg 1024w, https:\/\/blogsaverroes.juntadeandalucia.es\/ieselsauce\/files\/2025\/05\/WhatsApp-Image-2025-05-07-at-18.28.03-150x150.jpeg 150w, https:\/\/blogsaverroes.juntadeandalucia.es\/ieselsauce\/files\/2025\/05\/WhatsApp-Image-2025-05-07-at-18.28.03-768x768.jpeg 768w, https:\/\/blogsaverroes.juntadeandalucia.es\/ieselsauce\/files\/2025\/05\/WhatsApp-Image-2025-05-07-at-18.28.03-1536x1536.jpeg 1536w, https:\/\/blogsaverroes.juntadeandalucia.es\/ieselsauce\/files\/2025\/05\/WhatsApp-Image-2025-05-07-at-18.28.03-80x80.jpeg 80w, https:\/\/blogsaverroes.juntadeandalucia.es\/ieselsauce\/files\/2025\/05\/WhatsApp-Image-2025-05-07-at-18.28.03-320x320.jpeg 320w, https:\/\/blogsaverroes.juntadeandalucia.es\/ieselsauce\/files\/2025\/05\/WhatsApp-Image-2025-05-07-at-18.28.03.jpeg 2048w\" sizes=\"(max-width: 300px) 100vw, 300px\" \/> \u00a0<img loading=\"lazy\" decoding=\"async\" class=\"alignnone size-medium wp-image-3147\" src=\"https:\/\/blogsaverroes.juntadeandalucia.es\/ieselsauce\/files\/2025\/05\/WhatsApp-Image-2025-05-07-at-18.28.04-300x300.jpeg\" alt=\"\" width=\"300\" height=\"300\" srcset=\"https:\/\/blogsaverroes.juntadeandalucia.es\/ieselsauce\/files\/2025\/05\/WhatsApp-Image-2025-05-07-at-18.28.04-300x300.jpeg 300w, https:\/\/blogsaverroes.juntadeandalucia.es\/ieselsauce\/files\/2025\/05\/WhatsApp-Image-2025-05-07-at-18.28.04-1024x1024.jpeg 1024w, https:\/\/blogsaverroes.juntadeandalucia.es\/ieselsauce\/files\/2025\/05\/WhatsApp-Image-2025-05-07-at-18.28.04-150x150.jpeg 150w, https:\/\/blogsaverroes.juntadeandalucia.es\/ieselsauce\/files\/2025\/05\/WhatsApp-Image-2025-05-07-at-18.28.04-768x768.jpeg 768w, https:\/\/blogsaverroes.juntadeandalucia.es\/ieselsauce\/files\/2025\/05\/WhatsApp-Image-2025-05-07-at-18.28.04-1536x1536.jpeg 1536w, https:\/\/blogsaverroes.juntadeandalucia.es\/ieselsauce\/files\/2025\/05\/WhatsApp-Image-2025-05-07-at-18.28.04-80x80.jpeg 80w, https:\/\/blogsaverroes.juntadeandalucia.es\/ieselsauce\/files\/2025\/05\/WhatsApp-Image-2025-05-07-at-18.28.04-320x320.jpeg 320w, https:\/\/blogsaverroes.juntadeandalucia.es\/ieselsauce\/files\/2025\/05\/WhatsApp-Image-2025-05-07-at-18.28.04.jpeg 2048w\" sizes=\"(max-width: 300px) 100vw, 300px\" \/> <img loading=\"lazy\" decoding=\"async\" class=\"size-medium wp-image-3148 aligncenter\" src=\"https:\/\/blogsaverroes.juntadeandalucia.es\/ieselsauce\/files\/2025\/05\/WhatsApp-Image-2025-05-07-at-18.28.05-1-300x300.jpeg\" alt=\"\" width=\"300\" height=\"300\" srcset=\"https:\/\/blogsaverroes.juntadeandalucia.es\/ieselsauce\/files\/2025\/05\/WhatsApp-Image-2025-05-07-at-18.28.05-1-300x300.jpeg 300w, https:\/\/blogsaverroes.juntadeandalucia.es\/ieselsauce\/files\/2025\/05\/WhatsApp-Image-2025-05-07-at-18.28.05-1-1024x1024.jpeg 1024w, https:\/\/blogsaverroes.juntadeandalucia.es\/ieselsauce\/files\/2025\/05\/WhatsApp-Image-2025-05-07-at-18.28.05-1-150x150.jpeg 150w, https:\/\/blogsaverroes.juntadeandalucia.es\/ieselsauce\/files\/2025\/05\/WhatsApp-Image-2025-05-07-at-18.28.05-1-768x768.jpeg 768w, https:\/\/blogsaverroes.juntadeandalucia.es\/ieselsauce\/files\/2025\/05\/WhatsApp-Image-2025-05-07-at-18.28.05-1-1536x1536.jpeg 1536w, https:\/\/blogsaverroes.juntadeandalucia.es\/ieselsauce\/files\/2025\/05\/WhatsApp-Image-2025-05-07-at-18.28.05-1-80x80.jpeg 80w, https:\/\/blogsaverroes.juntadeandalucia.es\/ieselsauce\/files\/2025\/05\/WhatsApp-Image-2025-05-07-at-18.28.05-1-320x320.jpeg 320w, https:\/\/blogsaverroes.juntadeandalucia.es\/ieselsauce\/files\/2025\/05\/WhatsApp-Image-2025-05-07-at-18.28.05-1.jpeg 2048w\" sizes=\"(max-width: 300px) 100vw, 300px\" \/><\/p>\n<p>Queremos con todo ello acordarnos de las personas con autismo, los retos con los que se encuentran y concienciar a cerca de sus diferencias, fortalezas&#8230;<\/p>\n<p>Fue un d\u00eda alegre y positivo para toda la comunidad del Sauce, y una gran sorpresa para nuestro Tom\u00e1s.<\/p>\n","protected":false},"excerpt":{"rendered":"<p>El d\u00eda 2 de abril de este curso (2024\/25) celebramos en nuestro centro IES. El Sauce, la efem\u00e9ride por el \u00abD\u00eda del Autismo\u00bb con la colocaci\u00f3n de corazones y globos&#46;&#46;&#46;<\/p>\n","protected":false},"author":14742,"featured_media":3148,"comment_status":"open","ping_status":"open","sticky":false,"template":"","format":"standard","meta":{"ngg_post_thumbnail":0,"footnotes":""},"categories":[1862866,1862833],"tags":[],"aioseo_notices":[],"_links":{"self":[{"href":"https:\/\/blogsaverroes.juntadeandalucia.es\/ieselsauce\/index.php?rest_route=\/wp\/v2\/posts\/3139"}],"collection":[{"href":"https:\/\/blogsaverroes.juntadeandalucia.es\/ieselsauce\/index.php?rest_route=\/wp\/v2\/posts"}],"about":[{"href":"https:\/\/blogsaverroes.juntadeandalucia.es\/ieselsauce\/index.php?rest_route=\/wp\/v2\/types\/post"}],"author":[{"embeddable":true,"href":"https:\/\/blogsaverroes.juntadeandalucia.es\/ieselsauce\/index.php?rest_route=\/wp\/v2\/users\/14742"}],"replies":[{"embeddable":true,"href":"https:\/\/blogsaverroes.juntadeandalucia.es\/ieselsauce\/index.php?rest_route=%2Fwp%2Fv2%2Fcomments&post=3139"}],"version-history":[{"count":3,"href":"https:\/\/blogsaverroes.juntadeandalucia.es\/ieselsauce\/index.php?rest_route=\/wp\/v2\/posts\/3139\/revisions"}],"predecessor-version":[{"id":3153,"href":"https:\/\/blogsaverroes.juntadeandalucia.es\/ieselsauce\/index.php?rest_route=\/wp\/v2\/posts\/3139\/revisions\/3153"}],"wp:featuredmedia":[{"embeddable":true,"href":"https:\/\/blogsaverroes.juntadeandalucia.es\/ieselsauce\/index.php?rest_route=\/wp\/v2\/media\/3148"}],"wp:attachment":[{"href":"https:\/\/blogsaverroes.juntadeandalucia.es\/ieselsauce\/index.php?rest_route=%2Fwp%2Fv2%2Fmedia&parent=3139"}],"wp:term":[{"taxonomy":"category","embeddable":true,"href":"https:\/\/blogsaverroes.juntadeandalucia.es\/ieselsauce\/index.php?rest_route=%2Fwp%2Fv2%2Fcategories&post=3139"},{"taxonomy":"post_tag","embeddable":true,"href":"https:\/\/blogsaverroes.juntadeandalucia.es\/ieselsauce\/index.php?rest_route=%2Fwp%2Fv2%2Ftags&post=3139"}],"curies":[{"name":"wp","href":"https:\/\/api.w.org\/{rel}","templated":true}]}}