{"id":3311,"date":"2025-06-17T15:12:46","date_gmt":"2025-06-17T15:12:46","guid":{"rendered":"https:\/\/blogsaverroes.juntadeandalucia.es\/ieselsauce\/?p=3311"},"modified":"2025-06-17T15:12:46","modified_gmt":"2025-06-17T15:12:46","slug":"collage-guernica","status":"publish","type":"post","link":"https:\/\/blogsaverroes.juntadeandalucia.es\/ieselsauce\/?p=3311","title":{"rendered":"COLLAGE GUERNICA"},"content":{"rendered":"<p>El alumnado de 4\u00ba de ESO C, de la materia Expresi\u00f3n Art\u00edstica, ha realizado una interpretaci\u00f3n de la obra el Guernica de Picasso. Cada alumno\/a ha contribuido de manera individual, utilizando como t\u00e9cnica del l\u00e1piz grafito para crear una secci\u00f3n de la obra. El objetivo ha sido conformar una pieza a partir de las aportaciones individuales de cada alumno, reflejando la idea de que todos somos parte imprescindible de un todo.<\/p>\n<p><img loading=\"lazy\" decoding=\"async\" class=\"wp-image-3312 size-medium aligncenter\" src=\"https:\/\/blogsaverroes.juntadeandalucia.es\/ieselsauce\/files\/2025\/06\/IMG_20250317_224014-300x161.jpg\" alt=\"\" width=\"300\" height=\"161\" srcset=\"https:\/\/blogsaverroes.juntadeandalucia.es\/ieselsauce\/files\/2025\/06\/IMG_20250317_224014-300x161.jpg 300w, https:\/\/blogsaverroes.juntadeandalucia.es\/ieselsauce\/files\/2025\/06\/IMG_20250317_224014-1024x551.jpg 1024w, https:\/\/blogsaverroes.juntadeandalucia.es\/ieselsauce\/files\/2025\/06\/IMG_20250317_224014-768x413.jpg 768w, https:\/\/blogsaverroes.juntadeandalucia.es\/ieselsauce\/files\/2025\/06\/IMG_20250317_224014-1536x826.jpg 1536w, https:\/\/blogsaverroes.juntadeandalucia.es\/ieselsauce\/files\/2025\/06\/IMG_20250317_224014-2048x1101.jpg 2048w\" sizes=\"(max-width: 300px) 100vw, 300px\" \/>\u00a0<img loading=\"lazy\" decoding=\"async\" class=\"alignnone wp-image-3313 size-large\" src=\"https:\/\/blogsaverroes.juntadeandalucia.es\/ieselsauce\/files\/2025\/06\/IMG-20250504-WA0050-776x1024.jpg\" alt=\"\" width=\"776\" height=\"1024\" srcset=\"https:\/\/blogsaverroes.juntadeandalucia.es\/ieselsauce\/files\/2025\/06\/IMG-20250504-WA0050-776x1024.jpg 776w, https:\/\/blogsaverroes.juntadeandalucia.es\/ieselsauce\/files\/2025\/06\/IMG-20250504-WA0050-227x300.jpg 227w, https:\/\/blogsaverroes.juntadeandalucia.es\/ieselsauce\/files\/2025\/06\/IMG-20250504-WA0050-768x1013.jpg 768w, https:\/\/blogsaverroes.juntadeandalucia.es\/ieselsauce\/files\/2025\/06\/IMG-20250504-WA0050-1164x1536.jpg 1164w, https:\/\/blogsaverroes.juntadeandalucia.es\/ieselsauce\/files\/2025\/06\/IMG-20250504-WA0050.jpg 1213w\" sizes=\"(max-width: 776px) 100vw, 776px\" \/><\/p>\n","protected":false},"excerpt":{"rendered":"<p>El alumnado de 4\u00ba de ESO C, de la materia Expresi\u00f3n Art\u00edstica, ha realizado una interpretaci\u00f3n de la obra el Guernica de Picasso. Cada alumno\/a ha contribuido de manera individual,&#46;&#46;&#46;<\/p>\n","protected":false},"author":20989,"featured_media":3312,"comment_status":"open","ping_status":"open","sticky":false,"template":"","format":"standard","meta":{"ngg_post_thumbnail":0,"footnotes":""},"categories":[1862866],"tags":[],"aioseo_notices":[],"_links":{"self":[{"href":"https:\/\/blogsaverroes.juntadeandalucia.es\/ieselsauce\/index.php?rest_route=\/wp\/v2\/posts\/3311"}],"collection":[{"href":"https:\/\/blogsaverroes.juntadeandalucia.es\/ieselsauce\/index.php?rest_route=\/wp\/v2\/posts"}],"about":[{"href":"https:\/\/blogsaverroes.juntadeandalucia.es\/ieselsauce\/index.php?rest_route=\/wp\/v2\/types\/post"}],"author":[{"embeddable":true,"href":"https:\/\/blogsaverroes.juntadeandalucia.es\/ieselsauce\/index.php?rest_route=\/wp\/v2\/users\/20989"}],"replies":[{"embeddable":true,"href":"https:\/\/blogsaverroes.juntadeandalucia.es\/ieselsauce\/index.php?rest_route=%2Fwp%2Fv2%2Fcomments&post=3311"}],"version-history":[{"count":1,"href":"https:\/\/blogsaverroes.juntadeandalucia.es\/ieselsauce\/index.php?rest_route=\/wp\/v2\/posts\/3311\/revisions"}],"predecessor-version":[{"id":3314,"href":"https:\/\/blogsaverroes.juntadeandalucia.es\/ieselsauce\/index.php?rest_route=\/wp\/v2\/posts\/3311\/revisions\/3314"}],"wp:featuredmedia":[{"embeddable":true,"href":"https:\/\/blogsaverroes.juntadeandalucia.es\/ieselsauce\/index.php?rest_route=\/wp\/v2\/media\/3312"}],"wp:attachment":[{"href":"https:\/\/blogsaverroes.juntadeandalucia.es\/ieselsauce\/index.php?rest_route=%2Fwp%2Fv2%2Fmedia&parent=3311"}],"wp:term":[{"taxonomy":"category","embeddable":true,"href":"https:\/\/blogsaverroes.juntadeandalucia.es\/ieselsauce\/index.php?rest_route=%2Fwp%2Fv2%2Fcategories&post=3311"},{"taxonomy":"post_tag","embeddable":true,"href":"https:\/\/blogsaverroes.juntadeandalucia.es\/ieselsauce\/index.php?rest_route=%2Fwp%2Fv2%2Ftags&post=3311"}],"curies":[{"name":"wp","href":"https:\/\/api.w.org\/{rel}","templated":true}]}}