{"id":3319,"date":"2025-06-17T15:27:13","date_gmt":"2025-06-17T15:27:13","guid":{"rendered":"https:\/\/blogsaverroes.juntadeandalucia.es\/ieselsauce\/?p=3319"},"modified":"2025-06-17T15:27:13","modified_gmt":"2025-06-17T15:27:13","slug":"ganadores-concurso-provincial-xxviii-gymkhana-matematica-por-cordoba","status":"publish","type":"post","link":"https:\/\/blogsaverroes.juntadeandalucia.es\/ieselsauce\/?p=3319","title":{"rendered":"GANADORES CONCURSO PROVINCIAL XXVIII GYMKHANA MATEM\u00c1TICA POR C\u00d3RDOBA"},"content":{"rendered":"<p>Nuestros alumnos de 3\u00ba de ESO D, Adri\u00e1n Garc\u00eda P\u00e9rez y Jes\u00fas Est\u00e9vez Granados,\u00a0se han alzado con el primer premio del concurso provincial de carteles de la XVIII Gymkhana Matem\u00e1tica por C\u00f3rdoba. Enhorabuena chicos!!!<img loading=\"lazy\" decoding=\"async\" class=\"alignnone wp-image-3320 size-full\" src=\"https:\/\/blogsaverroes.juntadeandalucia.es\/ieselsauce\/files\/2025\/06\/CARTEL-DEFINITIVO.jpg\" alt=\"\" width=\"1587\" height=\"2245\" srcset=\"https:\/\/blogsaverroes.juntadeandalucia.es\/ieselsauce\/files\/2025\/06\/CARTEL-DEFINITIVO.jpg 1587w, https:\/\/blogsaverroes.juntadeandalucia.es\/ieselsauce\/files\/2025\/06\/CARTEL-DEFINITIVO-212x300.jpg 212w, https:\/\/blogsaverroes.juntadeandalucia.es\/ieselsauce\/files\/2025\/06\/CARTEL-DEFINITIVO-724x1024.jpg 724w, https:\/\/blogsaverroes.juntadeandalucia.es\/ieselsauce\/files\/2025\/06\/CARTEL-DEFINITIVO-768x1086.jpg 768w, https:\/\/blogsaverroes.juntadeandalucia.es\/ieselsauce\/files\/2025\/06\/CARTEL-DEFINITIVO-1086x1536.jpg 1086w, https:\/\/blogsaverroes.juntadeandalucia.es\/ieselsauce\/files\/2025\/06\/CARTEL-DEFINITIVO-1448x2048.jpg 1448w\" sizes=\"(max-width: 1587px) 100vw, 1587px\" \/><\/p>\n","protected":false},"excerpt":{"rendered":"<p>Nuestros alumnos de 3\u00ba de ESO D, Adri\u00e1n Garc\u00eda P\u00e9rez y Jes\u00fas Est\u00e9vez Granados,\u00a0se han alzado con el primer premio del concurso provincial de carteles de la XVIII Gymkhana Matem\u00e1tica&#46;&#46;&#46;<\/p>\n","protected":false},"author":20989,"featured_media":3320,"comment_status":"open","ping_status":"open","sticky":false,"template":"","format":"standard","meta":{"ngg_post_thumbnail":0,"footnotes":""},"categories":[1862866],"tags":[],"aioseo_notices":[],"_links":{"self":[{"href":"https:\/\/blogsaverroes.juntadeandalucia.es\/ieselsauce\/index.php?rest_route=\/wp\/v2\/posts\/3319"}],"collection":[{"href":"https:\/\/blogsaverroes.juntadeandalucia.es\/ieselsauce\/index.php?rest_route=\/wp\/v2\/posts"}],"about":[{"href":"https:\/\/blogsaverroes.juntadeandalucia.es\/ieselsauce\/index.php?rest_route=\/wp\/v2\/types\/post"}],"author":[{"embeddable":true,"href":"https:\/\/blogsaverroes.juntadeandalucia.es\/ieselsauce\/index.php?rest_route=\/wp\/v2\/users\/20989"}],"replies":[{"embeddable":true,"href":"https:\/\/blogsaverroes.juntadeandalucia.es\/ieselsauce\/index.php?rest_route=%2Fwp%2Fv2%2Fcomments&post=3319"}],"version-history":[{"count":1,"href":"https:\/\/blogsaverroes.juntadeandalucia.es\/ieselsauce\/index.php?rest_route=\/wp\/v2\/posts\/3319\/revisions"}],"predecessor-version":[{"id":3321,"href":"https:\/\/blogsaverroes.juntadeandalucia.es\/ieselsauce\/index.php?rest_route=\/wp\/v2\/posts\/3319\/revisions\/3321"}],"wp:featuredmedia":[{"embeddable":true,"href":"https:\/\/blogsaverroes.juntadeandalucia.es\/ieselsauce\/index.php?rest_route=\/wp\/v2\/media\/3320"}],"wp:attachment":[{"href":"https:\/\/blogsaverroes.juntadeandalucia.es\/ieselsauce\/index.php?rest_route=%2Fwp%2Fv2%2Fmedia&parent=3319"}],"wp:term":[{"taxonomy":"category","embeddable":true,"href":"https:\/\/blogsaverroes.juntadeandalucia.es\/ieselsauce\/index.php?rest_route=%2Fwp%2Fv2%2Fcategories&post=3319"},{"taxonomy":"post_tag","embeddable":true,"href":"https:\/\/blogsaverroes.juntadeandalucia.es\/ieselsauce\/index.php?rest_route=%2Fwp%2Fv2%2Ftags&post=3319"}],"curies":[{"name":"wp","href":"https:\/\/api.w.org\/{rel}","templated":true}]}}