{"id":3819,"date":"2026-03-20T12:17:07","date_gmt":"2026-03-20T12:17:07","guid":{"rendered":"https:\/\/blogsaverroes.juntadeandalucia.es\/ieselsauce\/?p=3819"},"modified":"2026-03-19T12:17:50","modified_gmt":"2026-03-19T12:17:50","slug":"ruta-cicloturista-por-la-carlota-2","status":"publish","type":"post","link":"https:\/\/blogsaverroes.juntadeandalucia.es\/ieselsauce\/?p=3819","title":{"rendered":"Ruta Cicloturista por La Carlota"},"content":{"rendered":"<p>Durante esta semana hemos terminado la SdA sobre <strong>seguridad vial, mantenimiento y mec\u00e1nica de bicicleta<\/strong> con los grupos de 1\u00ba ESO. Se han desarrollado distintos aspectos sobre las normas de seguridad vial, reparaci\u00f3n, mec\u00e1nica y mantenimiento de nuestras bicicletas en clase de Educaci\u00f3n F\u00edsica.<\/p>\n<p><img loading=\"lazy\" decoding=\"async\" class=\"alignnone size-medium wp-image-3816\" src=\"https:\/\/blogsaverroes.juntadeandalucia.es\/ieselsauce\/files\/2026\/03\/WhatsApp-Image-2026-03-18-at-22.28.00-300x225.jpeg\" alt=\"\" width=\"300\" height=\"225\" srcset=\"https:\/\/blogsaverroes.juntadeandalucia.es\/ieselsauce\/files\/2026\/03\/WhatsApp-Image-2026-03-18-at-22.28.00-300x225.jpeg 300w, https:\/\/blogsaverroes.juntadeandalucia.es\/ieselsauce\/files\/2026\/03\/WhatsApp-Image-2026-03-18-at-22.28.00-1024x768.jpeg 1024w, https:\/\/blogsaverroes.juntadeandalucia.es\/ieselsauce\/files\/2026\/03\/WhatsApp-Image-2026-03-18-at-22.28.00-768x576.jpeg 768w, https:\/\/blogsaverroes.juntadeandalucia.es\/ieselsauce\/files\/2026\/03\/WhatsApp-Image-2026-03-18-at-22.28.00-1536x1152.jpeg 1536w, https:\/\/blogsaverroes.juntadeandalucia.es\/ieselsauce\/files\/2026\/03\/WhatsApp-Image-2026-03-18-at-22.28.00.jpeg 1600w\" sizes=\"(max-width: 300px) 100vw, 300px\" \/><img loading=\"lazy\" decoding=\"async\" class=\"alignnone size-medium wp-image-3811\" src=\"https:\/\/blogsaverroes.juntadeandalucia.es\/ieselsauce\/files\/2026\/03\/WhatsApp-Image-2026-03-18-at-22.28.00-1-300x225.jpeg\" alt=\"\" width=\"300\" height=\"225\" srcset=\"https:\/\/blogsaverroes.juntadeandalucia.es\/ieselsauce\/files\/2026\/03\/WhatsApp-Image-2026-03-18-at-22.28.00-1-300x225.jpeg 300w, https:\/\/blogsaverroes.juntadeandalucia.es\/ieselsauce\/files\/2026\/03\/WhatsApp-Image-2026-03-18-at-22.28.00-1-1024x768.jpeg 1024w, https:\/\/blogsaverroes.juntadeandalucia.es\/ieselsauce\/files\/2026\/03\/WhatsApp-Image-2026-03-18-at-22.28.00-1-768x576.jpeg 768w, https:\/\/blogsaverroes.juntadeandalucia.es\/ieselsauce\/files\/2026\/03\/WhatsApp-Image-2026-03-18-at-22.28.00-1-1536x1152.jpeg 1536w, https:\/\/blogsaverroes.juntadeandalucia.es\/ieselsauce\/files\/2026\/03\/WhatsApp-Image-2026-03-18-at-22.28.00-1.jpeg 1600w\" sizes=\"(max-width: 300px) 100vw, 300px\" \/><\/p>\n<p>Como producto final a esta situaci\u00f3n de aprendizaje, hemos realizado una ruta Cicloturista, en la que han participado todos los IES y CEIP de La Carlota y sus aldeas. Una ma\u00f1ana en la que nuestros grupos de 1\u00ba ESO, acompa\u00f1adas de tres profesoras han recorrido la distancia de <strong>casi 20 kil\u00f3metros en bici.<\/strong> D\u00f3nde han puesto en pr\u00e1ctica todo lo trabajado en clase sobre se\u00f1alizaci\u00f3n y gu\u00eda durante recorridos en bici, adem\u00e1s de mejorar y poner a prueba su condici\u00f3n f\u00edsica.<\/p>\n<p><img loading=\"lazy\" decoding=\"async\" class=\"alignnone size-medium wp-image-3813\" src=\"https:\/\/blogsaverroes.juntadeandalucia.es\/ieselsauce\/files\/2026\/03\/WhatsApp-Image-2026-03-18-at-22.28.00-3-300x225.jpeg\" alt=\"\" width=\"300\" height=\"225\" srcset=\"https:\/\/blogsaverroes.juntadeandalucia.es\/ieselsauce\/files\/2026\/03\/WhatsApp-Image-2026-03-18-at-22.28.00-3-300x225.jpeg 300w, https:\/\/blogsaverroes.juntadeandalucia.es\/ieselsauce\/files\/2026\/03\/WhatsApp-Image-2026-03-18-at-22.28.00-3-1024x768.jpeg 1024w, https:\/\/blogsaverroes.juntadeandalucia.es\/ieselsauce\/files\/2026\/03\/WhatsApp-Image-2026-03-18-at-22.28.00-3-768x576.jpeg 768w, https:\/\/blogsaverroes.juntadeandalucia.es\/ieselsauce\/files\/2026\/03\/WhatsApp-Image-2026-03-18-at-22.28.00-3-1536x1152.jpeg 1536w, https:\/\/blogsaverroes.juntadeandalucia.es\/ieselsauce\/files\/2026\/03\/WhatsApp-Image-2026-03-18-at-22.28.00-3.jpeg 1600w\" sizes=\"(max-width: 300px) 100vw, 300px\" \/> <img loading=\"lazy\" decoding=\"async\" class=\"alignnone size-medium wp-image-3817\" src=\"https:\/\/blogsaverroes.juntadeandalucia.es\/ieselsauce\/files\/2026\/03\/WhatsApp-Image-2026-03-18-at-22.28.01-169x300.jpeg\" alt=\"\" width=\"169\" height=\"300\" srcset=\"https:\/\/blogsaverroes.juntadeandalucia.es\/ieselsauce\/files\/2026\/03\/WhatsApp-Image-2026-03-18-at-22.28.01-169x300.jpeg 169w, https:\/\/blogsaverroes.juntadeandalucia.es\/ieselsauce\/files\/2026\/03\/WhatsApp-Image-2026-03-18-at-22.28.01-576x1024.jpeg 576w, https:\/\/blogsaverroes.juntadeandalucia.es\/ieselsauce\/files\/2026\/03\/WhatsApp-Image-2026-03-18-at-22.28.01-768x1365.jpeg 768w, https:\/\/blogsaverroes.juntadeandalucia.es\/ieselsauce\/files\/2026\/03\/WhatsApp-Image-2026-03-18-at-22.28.01-864x1536.jpeg 864w, https:\/\/blogsaverroes.juntadeandalucia.es\/ieselsauce\/files\/2026\/03\/WhatsApp-Image-2026-03-18-at-22.28.01.jpeg 900w\" sizes=\"(max-width: 169px) 100vw, 169px\" \/><img loading=\"lazy\" decoding=\"async\" class=\"alignnone size-medium wp-image-3814\" src=\"https:\/\/blogsaverroes.juntadeandalucia.es\/ieselsauce\/files\/2026\/03\/WhatsApp-Image-2026-03-18-at-22.28.00-4-300x225.jpeg\" alt=\"\" width=\"300\" height=\"225\" srcset=\"https:\/\/blogsaverroes.juntadeandalucia.es\/ieselsauce\/files\/2026\/03\/WhatsApp-Image-2026-03-18-at-22.28.00-4-300x225.jpeg 300w, https:\/\/blogsaverroes.juntadeandalucia.es\/ieselsauce\/files\/2026\/03\/WhatsApp-Image-2026-03-18-at-22.28.00-4-1024x768.jpeg 1024w, https:\/\/blogsaverroes.juntadeandalucia.es\/ieselsauce\/files\/2026\/03\/WhatsApp-Image-2026-03-18-at-22.28.00-4-768x576.jpeg 768w, https:\/\/blogsaverroes.juntadeandalucia.es\/ieselsauce\/files\/2026\/03\/WhatsApp-Image-2026-03-18-at-22.28.00-4-1536x1152.jpeg 1536w, https:\/\/blogsaverroes.juntadeandalucia.es\/ieselsauce\/files\/2026\/03\/WhatsApp-Image-2026-03-18-at-22.28.00-4.jpeg 1600w\" sizes=\"(max-width: 300px) 100vw, 300px\" \/><\/p>\n","protected":false},"excerpt":{"rendered":"<p>Durante esta semana hemos terminado la SdA sobre seguridad vial, mantenimiento y mec\u00e1nica de bicicleta con los grupos de 1\u00ba ESO. Se han desarrollado distintos aspectos sobre las normas de&#46;&#46;&#46;<\/p>\n","protected":false},"author":21015,"featured_media":0,"comment_status":"open","ping_status":"closed","sticky":false,"template":"","format":"standard","meta":{"ngg_post_thumbnail":0,"footnotes":""},"categories":[1862871,3987,1862867,328735,11909],"tags":[],"aioseo_notices":[],"_links":{"self":[{"href":"https:\/\/blogsaverroes.juntadeandalucia.es\/ieselsauce\/index.php?rest_route=\/wp\/v2\/posts\/3819"}],"collection":[{"href":"https:\/\/blogsaverroes.juntadeandalucia.es\/ieselsauce\/index.php?rest_route=\/wp\/v2\/posts"}],"about":[{"href":"https:\/\/blogsaverroes.juntadeandalucia.es\/ieselsauce\/index.php?rest_route=\/wp\/v2\/types\/post"}],"author":[{"embeddable":true,"href":"https:\/\/blogsaverroes.juntadeandalucia.es\/ieselsauce\/index.php?rest_route=\/wp\/v2\/users\/21015"}],"replies":[{"embeddable":true,"href":"https:\/\/blogsaverroes.juntadeandalucia.es\/ieselsauce\/index.php?rest_route=%2Fwp%2Fv2%2Fcomments&post=3819"}],"version-history":[{"count":4,"href":"https:\/\/blogsaverroes.juntadeandalucia.es\/ieselsauce\/index.php?rest_route=\/wp\/v2\/posts\/3819\/revisions"}],"predecessor-version":[{"id":3826,"href":"https:\/\/blogsaverroes.juntadeandalucia.es\/ieselsauce\/index.php?rest_route=\/wp\/v2\/posts\/3819\/revisions\/3826"}],"wp:attachment":[{"href":"https:\/\/blogsaverroes.juntadeandalucia.es\/ieselsauce\/index.php?rest_route=%2Fwp%2Fv2%2Fmedia&parent=3819"}],"wp:term":[{"taxonomy":"category","embeddable":true,"href":"https:\/\/blogsaverroes.juntadeandalucia.es\/ieselsauce\/index.php?rest_route=%2Fwp%2Fv2%2Fcategories&post=3819"},{"taxonomy":"post_tag","embeddable":true,"href":"https:\/\/blogsaverroes.juntadeandalucia.es\/ieselsauce\/index.php?rest_route=%2Fwp%2Fv2%2Ftags&post=3819"}],"curies":[{"name":"wp","href":"https:\/\/api.w.org\/{rel}","templated":true}]}}