{"id":743,"date":"2020-03-14T10:08:04","date_gmt":"2020-03-14T10:08:04","guid":{"rendered":"https:\/\/blogsaverroes.juntadeandalucia.es\/ieselsauce\/?p=743"},"modified":"2024-05-17T19:19:49","modified_gmt":"2024-05-17T19:19:49","slug":"suspension-de-la-actividad-docente-presencial-del-16-al-27-de-marzo","status":"publish","type":"post","link":"https:\/\/blogsaverroes.juntadeandalucia.es\/ieselsauce\/?p=743","title":{"rendered":"SUSPENSI\u00d3N DE LA ACTIVIDAD DOCENTE PRESENCIAL DEL 16 AL 27 DE MARZO."},"content":{"rendered":"<p><img loading=\"lazy\" decoding=\"async\" class=\"aligncenter size-medium wp-image-750\" src=\"https:\/\/blogsaverroes.juntadeandalucia.es\/ieselsauce\/files\/2020\/03\/coronavirus-2-300x169.jpg\" alt=\"\" width=\"300\" height=\"169\" srcset=\"https:\/\/blogsaverroes.juntadeandalucia.es\/ieselsauce\/files\/2020\/03\/coronavirus-2-300x169.jpg 300w, https:\/\/blogsaverroes.juntadeandalucia.es\/ieselsauce\/files\/2020\/03\/coronavirus-2-768x432.jpg 768w, https:\/\/blogsaverroes.juntadeandalucia.es\/ieselsauce\/files\/2020\/03\/coronavirus-2-1024x576.jpg 1024w, https:\/\/blogsaverroes.juntadeandalucia.es\/ieselsauce\/files\/2020\/03\/coronavirus-2-24x14.jpg 24w, https:\/\/blogsaverroes.juntadeandalucia.es\/ieselsauce\/files\/2020\/03\/coronavirus-2-36x20.jpg 36w, https:\/\/blogsaverroes.juntadeandalucia.es\/ieselsauce\/files\/2020\/03\/coronavirus-2-48x27.jpg 48w, https:\/\/blogsaverroes.juntadeandalucia.es\/ieselsauce\/files\/2020\/03\/coronavirus-2.jpg 1200w\" sizes=\"(max-width: 300px) 100vw, 300px\" \/>Como consecuencia de las medidas establecidas a ra\u00edz del COVID-19, las clases se han suspendido. Esto no supone un periodo vacacional, sino una medida de <strong>CONFINAMIENTO <\/strong>en los domicilios.<\/p>\n<p>El equipo docente ha informado al alumnado, tanto de la v\u00eda de comunicaci\u00f3n para este periodo no presencial, como de las tareas y actividades que tienen que realizar con el fin de garantizar la continuidad de los procesos de ense\u00f1anza-aprendizaje. El medio electr\u00f3nico m\u00e1s utilizado por el profesorado de nuestro centro es Google Classroom, v\u00eda que ya se estaba usando desde el curso pasado.<\/p>\n<p>El servicio de transporte escolar queda suspendido el mismo periodo que el de la actividad docente presencial.<\/p>\n<p>Todas las tutor\u00edas presenciales con las familias quedan aplazadas sin fecha. Padres, madres y tutores legales pueden comunicarse con el profesorado a trav\u00e9s de PASEN.<\/p>\n<p>En cuanto a los boletines con los resultados de la segunda evaluaci\u00f3n se har\u00e1n llegar por v\u00eda PASEN a partir del 3 de abril.<\/p>\n<p><strong>El centro permanecer\u00e1 cerrado hasta el 27 de marzo inclusive<\/strong>. Este periodo puede ser ampliado por las autoridades competentes.<\/p>\n<p>Las familias que deseen <strong>solicitar plaza escolar<\/strong> para el curso 2020\/2021 pueden hacerlo sin desplazarse al centro, a trav\u00e9s de la solicitud telem\u00e1tica a la que pueden acceder pinchando en el siguiente enlace: (<a href=\"https:\/\/www.juntadeandalucia.es\/educacion\/secretariavirtual\/accesoTramite\/439\/\">https:\/\/www.juntadeandalucia.es\/educacion\/secretariavirtual\/accesoTramite\/439\/<\/a>). La Consejer\u00eda de educaci\u00f3n dispone de un tel\u00e9fono gratuito de informaci\u00f3n: 900 848 000.<\/p>\n<p>A partir del lunes 16 de marzo, se habilitar\u00e1 una herramienta que permite solicitar plaza escolar en las ense\u00f1anzas de r\u00e9gimen general de <strong>manera simplificada<\/strong>, necesitando tan solo el n\u00famero de DNI y un tel\u00e9fono m\u00f3vil, sin perjuicio de que se determinen nuevos plazos.<\/p>\n<p>El lunes 30 de marzo se tiene previsto reestablecer la actividad presencial. En el caso de que se prorrogue la suspensi\u00f3n ser\u00e1 comunicado a trav\u00e9s de PASEN, p\u00e1gina web y carteler\u00eda en el exterior del centro.<\/p>\n<p>El n\u00famero de tel\u00e9fono del centro: 671 565 861.<\/p>\n<p style=\"text-align: center\"><strong>GRACIAS A TODOS Y TODAS POR VUESTRA COLABORACI\u00d3N.<\/strong><\/p>\n<p style=\"text-align: center\"><span style=\"font-size: 18pt\"><strong>Y RECORDAD QUE HAY QUE QUEDARSE EN CASA.<\/strong><\/span><\/p>\n<p style=\"text-align: right\">&nbsp;&nbsp;&nbsp;&nbsp;&nbsp;&nbsp;&nbsp;&nbsp;&nbsp;&nbsp;&nbsp;&nbsp;&nbsp;&nbsp;&nbsp;&nbsp;&nbsp;&nbsp;&nbsp;&nbsp;&nbsp;&nbsp;&nbsp;&nbsp;&nbsp;&nbsp;&nbsp;&nbsp;&nbsp;&nbsp;&nbsp;&nbsp;&nbsp;&nbsp;&nbsp;&nbsp;&nbsp;&nbsp;&nbsp;&nbsp;&nbsp;&nbsp;&nbsp;&nbsp;&nbsp;&nbsp;&nbsp;&nbsp;&nbsp;&nbsp;&nbsp;&nbsp;&nbsp;&nbsp;&nbsp;&nbsp;&nbsp;&nbsp;&nbsp;&nbsp;&nbsp;&nbsp;&nbsp;&nbsp;&nbsp;&nbsp;&nbsp;&nbsp;&nbsp;&nbsp;&nbsp;&nbsp;&nbsp;&nbsp;&nbsp;&nbsp;&nbsp;&nbsp;&nbsp;&nbsp;&nbsp;&nbsp;&nbsp;&nbsp;&nbsp;&nbsp;&nbsp;&nbsp;&nbsp;&nbsp;&nbsp;&nbsp;&nbsp; La directiva<\/p>\n","protected":false},"excerpt":{"rendered":"<p>Como consecuencia de las medidas establecidas a ra\u00edz del COVID-19, las clases se han suspendido. Esto no supone un periodo vacacional, sino una medida de CONFINAMIENTO en los domicilios. El&#46;&#46;&#46;<\/p>\n","protected":false},"author":8155,"featured_media":750,"comment_status":"open","ping_status":"open","sticky":false,"template":"","format":"standard","meta":{"ngg_post_thumbnail":0,"footnotes":""},"categories":[1740544,11909],"tags":[],"aioseo_notices":[],"_links":{"self":[{"href":"https:\/\/blogsaverroes.juntadeandalucia.es\/ieselsauce\/index.php?rest_route=\/wp\/v2\/posts\/743"}],"collection":[{"href":"https:\/\/blogsaverroes.juntadeandalucia.es\/ieselsauce\/index.php?rest_route=\/wp\/v2\/posts"}],"about":[{"href":"https:\/\/blogsaverroes.juntadeandalucia.es\/ieselsauce\/index.php?rest_route=\/wp\/v2\/types\/post"}],"author":[{"embeddable":true,"href":"https:\/\/blogsaverroes.juntadeandalucia.es\/ieselsauce\/index.php?rest_route=\/wp\/v2\/users\/8155"}],"replies":[{"embeddable":true,"href":"https:\/\/blogsaverroes.juntadeandalucia.es\/ieselsauce\/index.php?rest_route=%2Fwp%2Fv2%2Fcomments&post=743"}],"version-history":[{"count":4,"href":"https:\/\/blogsaverroes.juntadeandalucia.es\/ieselsauce\/index.php?rest_route=\/wp\/v2\/posts\/743\/revisions"}],"predecessor-version":[{"id":751,"href":"https:\/\/blogsaverroes.juntadeandalucia.es\/ieselsauce\/index.php?rest_route=\/wp\/v2\/posts\/743\/revisions\/751"}],"wp:featuredmedia":[{"embeddable":true,"href":"https:\/\/blogsaverroes.juntadeandalucia.es\/ieselsauce\/index.php?rest_route=\/wp\/v2\/media\/750"}],"wp:attachment":[{"href":"https:\/\/blogsaverroes.juntadeandalucia.es\/ieselsauce\/index.php?rest_route=%2Fwp%2Fv2%2Fmedia&parent=743"}],"wp:term":[{"taxonomy":"category","embeddable":true,"href":"https:\/\/blogsaverroes.juntadeandalucia.es\/ieselsauce\/index.php?rest_route=%2Fwp%2Fv2%2Fcategories&post=743"},{"taxonomy":"post_tag","embeddable":true,"href":"https:\/\/blogsaverroes.juntadeandalucia.es\/ieselsauce\/index.php?rest_route=%2Fwp%2Fv2%2Ftags&post=743"}],"curies":[{"name":"wp","href":"https:\/\/api.w.org\/{rel}","templated":true}]}}