{"id":953,"date":"2020-11-05T11:54:41","date_gmt":"2020-11-05T11:54:41","guid":{"rendered":"https:\/\/blogsaverroes.juntadeandalucia.es\/ieselsauce\/?p=953"},"modified":"2024-05-17T19:17:25","modified_gmt":"2024-05-17T19:17:25","slug":"conociendo-los-macronutrientes","status":"publish","type":"post","link":"https:\/\/blogsaverroes.juntadeandalucia.es\/ieselsauce\/?p=953","title":{"rendered":"Feeding: Alimentaci\u00f3n consciente"},"content":{"rendered":"<p>El alumnado de 1\u00ba de ESO ha completado la unidad sobre alimentaci\u00f3n en la materia de Educaci\u00f3n F\u00edsica. La unidad est\u00e1 enmarcada dentro del Programa ALDEA en el que participa nuestro IES y ha sido desarrollada completamente en ingl\u00e9s, por lo que todos los contenidos aprendidos lo han sido en este idioma. El alumnado ha aprendido a clasificar los alimentos seg\u00fan su contenido en carbohidratos, grasas y prote\u00ednas, as\u00ed como la importancia de los macronutrientes para nuestro organismo. Como producto final se ha creado una nueva pir\u00e1mide alimenticia, para ello se ha puesto en duda la que se considera como normal, tambi\u00e9n se ha analizado la cantidad de az\u00facar refinado presente en muchos alimentos, para ello el alumnado ha sido el encargado de rellenar bolsas con el az\u00facar de cada alimento indicando la cantidad de sacarosa (az\u00facar de mesa de origen vegetal) presente en los mismos, con el fin de reducir el consumo de este edulcorante natural, y de esta manera prevenir enfermedades tales como la diabetes.<\/p>\n<p>Os dejamos algunas im\u00e1genes y v\u00eddeos de las actividades propuesta en las sesiones.<\/p>\n<p><img loading=\"lazy\" decoding=\"async\" class=\"alignnone size-full wp-image-956\" src=\"https:\/\/blogsaverroes.juntadeandalucia.es\/ieselsauce\/files\/2020\/11\/WhatsApp-Image-2020-11-05-at-12.56.16.jpeg\" alt=\"\" width=\"1600\" height=\"800\" srcset=\"https:\/\/blogsaverroes.juntadeandalucia.es\/ieselsauce\/files\/2020\/11\/WhatsApp-Image-2020-11-05-at-12.56.16.jpeg 1600w, https:\/\/blogsaverroes.juntadeandalucia.es\/ieselsauce\/files\/2020\/11\/WhatsApp-Image-2020-11-05-at-12.56.16-300x150.jpeg 300w, https:\/\/blogsaverroes.juntadeandalucia.es\/ieselsauce\/files\/2020\/11\/WhatsApp-Image-2020-11-05-at-12.56.16-1024x512.jpeg 1024w, https:\/\/blogsaverroes.juntadeandalucia.es\/ieselsauce\/files\/2020\/11\/WhatsApp-Image-2020-11-05-at-12.56.16-768x384.jpeg 768w, https:\/\/blogsaverroes.juntadeandalucia.es\/ieselsauce\/files\/2020\/11\/WhatsApp-Image-2020-11-05-at-12.56.16-1536x768.jpeg 1536w, https:\/\/blogsaverroes.juntadeandalucia.es\/ieselsauce\/files\/2020\/11\/WhatsApp-Image-2020-11-05-at-12.56.16-24x12.jpeg 24w, https:\/\/blogsaverroes.juntadeandalucia.es\/ieselsauce\/files\/2020\/11\/WhatsApp-Image-2020-11-05-at-12.56.16-36x18.jpeg 36w, https:\/\/blogsaverroes.juntadeandalucia.es\/ieselsauce\/files\/2020\/11\/WhatsApp-Image-2020-11-05-at-12.56.16-48x24.jpeg 48w\" sizes=\"(max-width: 1600px) 100vw, 1600px\" \/><\/p>\n<p><img loading=\"lazy\" decoding=\"async\" class=\"alignnone size-full wp-image-957\" src=\"https:\/\/blogsaverroes.juntadeandalucia.es\/ieselsauce\/files\/2020\/11\/WhatsApp-Image-2020-11-05-at-12.56.20-1.jpeg\" alt=\"\" width=\"1600\" height=\"800\" srcset=\"https:\/\/blogsaverroes.juntadeandalucia.es\/ieselsauce\/files\/2020\/11\/WhatsApp-Image-2020-11-05-at-12.56.20-1.jpeg 1600w, https:\/\/blogsaverroes.juntadeandalucia.es\/ieselsauce\/files\/2020\/11\/WhatsApp-Image-2020-11-05-at-12.56.20-1-300x150.jpeg 300w, https:\/\/blogsaverroes.juntadeandalucia.es\/ieselsauce\/files\/2020\/11\/WhatsApp-Image-2020-11-05-at-12.56.20-1-1024x512.jpeg 1024w, https:\/\/blogsaverroes.juntadeandalucia.es\/ieselsauce\/files\/2020\/11\/WhatsApp-Image-2020-11-05-at-12.56.20-1-768x384.jpeg 768w, https:\/\/blogsaverroes.juntadeandalucia.es\/ieselsauce\/files\/2020\/11\/WhatsApp-Image-2020-11-05-at-12.56.20-1-1536x768.jpeg 1536w, https:\/\/blogsaverroes.juntadeandalucia.es\/ieselsauce\/files\/2020\/11\/WhatsApp-Image-2020-11-05-at-12.56.20-1-24x12.jpeg 24w, https:\/\/blogsaverroes.juntadeandalucia.es\/ieselsauce\/files\/2020\/11\/WhatsApp-Image-2020-11-05-at-12.56.20-1-36x18.jpeg 36w, https:\/\/blogsaverroes.juntadeandalucia.es\/ieselsauce\/files\/2020\/11\/WhatsApp-Image-2020-11-05-at-12.56.20-1-48x24.jpeg 48w\" sizes=\"(max-width: 1600px) 100vw, 1600px\" \/><\/p>\n<p><img loading=\"lazy\" decoding=\"async\" class=\"alignnone size-full wp-image-958\" src=\"https:\/\/blogsaverroes.juntadeandalucia.es\/ieselsauce\/files\/2020\/11\/WhatsApp-Image-2020-11-05-at-12.56.20.jpeg\" alt=\"\" width=\"1599\" height=\"899\" srcset=\"https:\/\/blogsaverroes.juntadeandalucia.es\/ieselsauce\/files\/2020\/11\/WhatsApp-Image-2020-11-05-at-12.56.20.jpeg 1599w, https:\/\/blogsaverroes.juntadeandalucia.es\/ieselsauce\/files\/2020\/11\/WhatsApp-Image-2020-11-05-at-12.56.20-300x169.jpeg 300w, https:\/\/blogsaverroes.juntadeandalucia.es\/ieselsauce\/files\/2020\/11\/WhatsApp-Image-2020-11-05-at-12.56.20-1024x576.jpeg 1024w, https:\/\/blogsaverroes.juntadeandalucia.es\/ieselsauce\/files\/2020\/11\/WhatsApp-Image-2020-11-05-at-12.56.20-768x432.jpeg 768w, https:\/\/blogsaverroes.juntadeandalucia.es\/ieselsauce\/files\/2020\/11\/WhatsApp-Image-2020-11-05-at-12.56.20-1536x864.jpeg 1536w, https:\/\/blogsaverroes.juntadeandalucia.es\/ieselsauce\/files\/2020\/11\/WhatsApp-Image-2020-11-05-at-12.56.20-24x13.jpeg 24w, https:\/\/blogsaverroes.juntadeandalucia.es\/ieselsauce\/files\/2020\/11\/WhatsApp-Image-2020-11-05-at-12.56.20-36x20.jpeg 36w, https:\/\/blogsaverroes.juntadeandalucia.es\/ieselsauce\/files\/2020\/11\/WhatsApp-Image-2020-11-05-at-12.56.20-48x27.jpeg 48w\" sizes=\"(max-width: 1599px) 100vw, 1599px\" \/><\/p>\n<p><img loading=\"lazy\" decoding=\"async\" class=\"alignnone size-full wp-image-959\" src=\"https:\/\/blogsaverroes.juntadeandalucia.es\/ieselsauce\/files\/2020\/11\/WhatsApp-Image-2020-11-05-at-12.56.22.jpeg\" alt=\"\" width=\"1600\" height=\"800\" srcset=\"https:\/\/blogsaverroes.juntadeandalucia.es\/ieselsauce\/files\/2020\/11\/WhatsApp-Image-2020-11-05-at-12.56.22.jpeg 1600w, https:\/\/blogsaverroes.juntadeandalucia.es\/ieselsauce\/files\/2020\/11\/WhatsApp-Image-2020-11-05-at-12.56.22-300x150.jpeg 300w, https:\/\/blogsaverroes.juntadeandalucia.es\/ieselsauce\/files\/2020\/11\/WhatsApp-Image-2020-11-05-at-12.56.22-1024x512.jpeg 1024w, https:\/\/blogsaverroes.juntadeandalucia.es\/ieselsauce\/files\/2020\/11\/WhatsApp-Image-2020-11-05-at-12.56.22-768x384.jpeg 768w, https:\/\/blogsaverroes.juntadeandalucia.es\/ieselsauce\/files\/2020\/11\/WhatsApp-Image-2020-11-05-at-12.56.22-1536x768.jpeg 1536w, https:\/\/blogsaverroes.juntadeandalucia.es\/ieselsauce\/files\/2020\/11\/WhatsApp-Image-2020-11-05-at-12.56.22-24x12.jpeg 24w, https:\/\/blogsaverroes.juntadeandalucia.es\/ieselsauce\/files\/2020\/11\/WhatsApp-Image-2020-11-05-at-12.56.22-36x18.jpeg 36w, https:\/\/blogsaverroes.juntadeandalucia.es\/ieselsauce\/files\/2020\/11\/WhatsApp-Image-2020-11-05-at-12.56.22-48x24.jpeg 48w\" sizes=\"(max-width: 1600px) 100vw, 1600px\" \/><\/p>\n<p><img loading=\"lazy\" decoding=\"async\" class=\"alignnone size-full wp-image-1052\" src=\"https:\/\/blogsaverroes.juntadeandalucia.es\/ieselsauce\/files\/2020\/11\/IMG_20201125_124345-scaled.jpg\" alt=\"\" width=\"2560\" height=\"1280\" srcset=\"https:\/\/blogsaverroes.juntadeandalucia.es\/ieselsauce\/files\/2020\/11\/IMG_20201125_124345-scaled.jpg 2560w, https:\/\/blogsaverroes.juntadeandalucia.es\/ieselsauce\/files\/2020\/11\/IMG_20201125_124345-300x150.jpg 300w, https:\/\/blogsaverroes.juntadeandalucia.es\/ieselsauce\/files\/2020\/11\/IMG_20201125_124345-1024x512.jpg 1024w, https:\/\/blogsaverroes.juntadeandalucia.es\/ieselsauce\/files\/2020\/11\/IMG_20201125_124345-768x384.jpg 768w, https:\/\/blogsaverroes.juntadeandalucia.es\/ieselsauce\/files\/2020\/11\/IMG_20201125_124345-1536x768.jpg 1536w, https:\/\/blogsaverroes.juntadeandalucia.es\/ieselsauce\/files\/2020\/11\/IMG_20201125_124345-2048x1024.jpg 2048w, https:\/\/blogsaverroes.juntadeandalucia.es\/ieselsauce\/files\/2020\/11\/IMG_20201125_124345-24x12.jpg 24w, https:\/\/blogsaverroes.juntadeandalucia.es\/ieselsauce\/files\/2020\/11\/IMG_20201125_124345-36x18.jpg 36w, https:\/\/blogsaverroes.juntadeandalucia.es\/ieselsauce\/files\/2020\/11\/IMG_20201125_124345-48x24.jpg 48w\" sizes=\"(max-width: 2560px) 100vw, 2560px\" \/><\/p>\n<p><img loading=\"lazy\" decoding=\"async\" class=\"alignnone size-full wp-image-1053\" src=\"https:\/\/blogsaverroes.juntadeandalucia.es\/ieselsauce\/files\/2020\/11\/IMG_20201125_131102_1-scaled.jpg\" alt=\"\" width=\"2560\" height=\"1280\" srcset=\"https:\/\/blogsaverroes.juntadeandalucia.es\/ieselsauce\/files\/2020\/11\/IMG_20201125_131102_1-scaled.jpg 2560w, https:\/\/blogsaverroes.juntadeandalucia.es\/ieselsauce\/files\/2020\/11\/IMG_20201125_131102_1-300x150.jpg 300w, https:\/\/blogsaverroes.juntadeandalucia.es\/ieselsauce\/files\/2020\/11\/IMG_20201125_131102_1-1024x512.jpg 1024w, https:\/\/blogsaverroes.juntadeandalucia.es\/ieselsauce\/files\/2020\/11\/IMG_20201125_131102_1-768x384.jpg 768w, https:\/\/blogsaverroes.juntadeandalucia.es\/ieselsauce\/files\/2020\/11\/IMG_20201125_131102_1-1536x768.jpg 1536w, https:\/\/blogsaverroes.juntadeandalucia.es\/ieselsauce\/files\/2020\/11\/IMG_20201125_131102_1-2048x1024.jpg 2048w, https:\/\/blogsaverroes.juntadeandalucia.es\/ieselsauce\/files\/2020\/11\/IMG_20201125_131102_1-24x12.jpg 24w, https:\/\/blogsaverroes.juntadeandalucia.es\/ieselsauce\/files\/2020\/11\/IMG_20201125_131102_1-36x18.jpg 36w, https:\/\/blogsaverroes.juntadeandalucia.es\/ieselsauce\/files\/2020\/11\/IMG_20201125_131102_1-48x24.jpg 48w\" sizes=\"(max-width: 2560px) 100vw, 2560px\" \/><\/p>\n<p><img loading=\"lazy\" decoding=\"async\" class=\"alignnone size-full wp-image-1054\" src=\"https:\/\/blogsaverroes.juntadeandalucia.es\/ieselsauce\/files\/2020\/11\/IMG_20201201_141421-scaled.jpg\" alt=\"\" width=\"2560\" height=\"1280\" srcset=\"https:\/\/blogsaverroes.juntadeandalucia.es\/ieselsauce\/files\/2020\/11\/IMG_20201201_141421-scaled.jpg 2560w, https:\/\/blogsaverroes.juntadeandalucia.es\/ieselsauce\/files\/2020\/11\/IMG_20201201_141421-300x150.jpg 300w, https:\/\/blogsaverroes.juntadeandalucia.es\/ieselsauce\/files\/2020\/11\/IMG_20201201_141421-1024x512.jpg 1024w, https:\/\/blogsaverroes.juntadeandalucia.es\/ieselsauce\/files\/2020\/11\/IMG_20201201_141421-768x384.jpg 768w, https:\/\/blogsaverroes.juntadeandalucia.es\/ieselsauce\/files\/2020\/11\/IMG_20201201_141421-1536x768.jpg 1536w, https:\/\/blogsaverroes.juntadeandalucia.es\/ieselsauce\/files\/2020\/11\/IMG_20201201_141421-2048x1024.jpg 2048w, https:\/\/blogsaverroes.juntadeandalucia.es\/ieselsauce\/files\/2020\/11\/IMG_20201201_141421-24x12.jpg 24w, https:\/\/blogsaverroes.juntadeandalucia.es\/ieselsauce\/files\/2020\/11\/IMG_20201201_141421-36x18.jpg 36w, https:\/\/blogsaverroes.juntadeandalucia.es\/ieselsauce\/files\/2020\/11\/IMG_20201201_141421-48x24.jpg 48w\" sizes=\"(max-width: 2560px) 100vw, 2560px\" \/><\/p>\n<p><img loading=\"lazy\" decoding=\"async\" class=\"alignnone size-full wp-image-1056\" src=\"https:\/\/blogsaverroes.juntadeandalucia.es\/ieselsauce\/files\/2020\/11\/IMG_20201111_131557-scaled.jpg\" alt=\"\" width=\"1280\" height=\"2560\" srcset=\"https:\/\/blogsaverroes.juntadeandalucia.es\/ieselsauce\/files\/2020\/11\/IMG_20201111_131557-scaled.jpg 1280w, https:\/\/blogsaverroes.juntadeandalucia.es\/ieselsauce\/files\/2020\/11\/IMG_20201111_131557-150x300.jpg 150w, https:\/\/blogsaverroes.juntadeandalucia.es\/ieselsauce\/files\/2020\/11\/IMG_20201111_131557-512x1024.jpg 512w, https:\/\/blogsaverroes.juntadeandalucia.es\/ieselsauce\/files\/2020\/11\/IMG_20201111_131557-768x1536.jpg 768w, https:\/\/blogsaverroes.juntadeandalucia.es\/ieselsauce\/files\/2020\/11\/IMG_20201111_131557-1024x2048.jpg 1024w, https:\/\/blogsaverroes.juntadeandalucia.es\/ieselsauce\/files\/2020\/11\/IMG_20201111_131557-12x24.jpg 12w, https:\/\/blogsaverroes.juntadeandalucia.es\/ieselsauce\/files\/2020\/11\/IMG_20201111_131557-18x36.jpg 18w, https:\/\/blogsaverroes.juntadeandalucia.es\/ieselsauce\/files\/2020\/11\/IMG_20201111_131557-24x48.jpg 24w\" sizes=\"(max-width: 1280px) 100vw, 1280px\" \/><\/p>\n","protected":false},"excerpt":{"rendered":"<p>El alumnado de 1\u00ba de ESO ha completado la unidad sobre alimentaci\u00f3n en la materia de Educaci\u00f3n F\u00edsica. La unidad est\u00e1 enmarcada dentro del Programa ALDEA en el que participa&#46;&#46;&#46;<\/p>\n","protected":false},"author":10765,"featured_media":1053,"comment_status":"open","ping_status":"open","sticky":false,"template":"","format":"standard","meta":{"ngg_post_thumbnail":0,"footnotes":""},"categories":[1862862,1862834],"tags":[],"aioseo_notices":[],"_links":{"self":[{"href":"https:\/\/blogsaverroes.juntadeandalucia.es\/ieselsauce\/index.php?rest_route=\/wp\/v2\/posts\/953"}],"collection":[{"href":"https:\/\/blogsaverroes.juntadeandalucia.es\/ieselsauce\/index.php?rest_route=\/wp\/v2\/posts"}],"about":[{"href":"https:\/\/blogsaverroes.juntadeandalucia.es\/ieselsauce\/index.php?rest_route=\/wp\/v2\/types\/post"}],"author":[{"embeddable":true,"href":"https:\/\/blogsaverroes.juntadeandalucia.es\/ieselsauce\/index.php?rest_route=\/wp\/v2\/users\/10765"}],"replies":[{"embeddable":true,"href":"https:\/\/blogsaverroes.juntadeandalucia.es\/ieselsauce\/index.php?rest_route=%2Fwp%2Fv2%2Fcomments&post=953"}],"version-history":[{"count":10,"href":"https:\/\/blogsaverroes.juntadeandalucia.es\/ieselsauce\/index.php?rest_route=\/wp\/v2\/posts\/953\/revisions"}],"predecessor-version":[{"id":1127,"href":"https:\/\/blogsaverroes.juntadeandalucia.es\/ieselsauce\/index.php?rest_route=\/wp\/v2\/posts\/953\/revisions\/1127"}],"wp:featuredmedia":[{"embeddable":true,"href":"https:\/\/blogsaverroes.juntadeandalucia.es\/ieselsauce\/index.php?rest_route=\/wp\/v2\/media\/1053"}],"wp:attachment":[{"href":"https:\/\/blogsaverroes.juntadeandalucia.es\/ieselsauce\/index.php?rest_route=%2Fwp%2Fv2%2Fmedia&parent=953"}],"wp:term":[{"taxonomy":"category","embeddable":true,"href":"https:\/\/blogsaverroes.juntadeandalucia.es\/ieselsauce\/index.php?rest_route=%2Fwp%2Fv2%2Fcategories&post=953"},{"taxonomy":"post_tag","embeddable":true,"href":"https:\/\/blogsaverroes.juntadeandalucia.es\/ieselsauce\/index.php?rest_route=%2Fwp%2Fv2%2Ftags&post=953"}],"curies":[{"name":"wp","href":"https:\/\/api.w.org\/{rel}","templated":true}]}}