{"id":10895,"date":"2023-05-12T10:42:24","date_gmt":"2023-05-12T10:42:24","guid":{"rendered":"https:\/\/blogsaverroes.juntadeandalucia.es\/iesfranciscorodriguezmarin\/?p=10895"},"modified":"2025-09-19T16:57:02","modified_gmt":"2025-09-19T16:57:02","slug":"iii-feria-virtual-de-las-ciencias-y-del-conocimiento","status":"publish","type":"post","link":"https:\/\/blogsaverroes.juntadeandalucia.es\/iesfranciscorodriguezmarin\/?p=10895","title":{"rendered":"III FERIA VIRTUAL DE LAS CIENCIAS Y DEL CONOCIMIENTO"},"content":{"rendered":"<p style=\"text-align: justify\">Uno de los prop\u00f3sitos de esta tercera edici\u00f3n de la Feria Virtual de las Ciencias y del Conocimiento es que quede un registro para la posteridad de las experiencias vividas durante los d\u00edas 18 y 19 de abril de 2023. En las p\u00e1ginas de este <a href=\"https:\/\/sites.google.com\/g.educaand.es\/fcc23\/inicio\">Sites<\/a> encontrar\u00e1n la versi\u00f3n digital de un gran n\u00famero de exposiciones y talleres que se prepararon para vivirlos presencialmente pero que sin la perspectiva digital podr\u00edan quedar en el olvido. Por supuesto, tambi\u00e9n encontraremos actividades que no se pudieron realizar presencialmente en esos d\u00edas porque est\u00e1n preparadas para disfrutarlas en el momento que se desee a trav\u00e9s de estes Sites, son estrictamente digitales. Se cumple as\u00ed con el punto m\u00e1s importante de nuestro Plan de Actuaci\u00f3n Digital que engloba dos de los \u00e1mbitos de actuaci\u00f3n, el de la Digitalizaci\u00f3n de los Procesos de Ense\u00f1anza y Aprendizaje y el de Informaci\u00f3n y Comunicaci\u00f3n.<\/p>\n<p><a href=\"https:\/\/sites.google.com\/g.educaand.es\/fcc23\/inicio\">https:\/\/sites.google.com\/iesrodmarin.com\/fcc23\/inicio<\/a><\/p>\n","protected":false},"excerpt":{"rendered":"<p>Uno de los prop\u00f3sitos de esta tercera edici\u00f3n de la Feria Virtual de las Ciencias y del Conocimiento es que quede un registro para la posteridad de las experiencias vividas durante los d\u00edas 18 y 19 de abril de 2023.&#46;&#46;&#46;<\/p>\n","protected":false},"author":2333,"featured_media":10898,"comment_status":"closed","ping_status":"open","sticky":false,"template":"","format":"standard","meta":{"ngg_post_thumbnail":0,"footnotes":""},"categories":[926],"tags":[],"aioseo_notices":[],"_links":{"self":[{"href":"https:\/\/blogsaverroes.juntadeandalucia.es\/iesfranciscorodriguezmarin\/index.php?rest_route=\/wp\/v2\/posts\/10895"}],"collection":[{"href":"https:\/\/blogsaverroes.juntadeandalucia.es\/iesfranciscorodriguezmarin\/index.php?rest_route=\/wp\/v2\/posts"}],"about":[{"href":"https:\/\/blogsaverroes.juntadeandalucia.es\/iesfranciscorodriguezmarin\/index.php?rest_route=\/wp\/v2\/types\/post"}],"author":[{"embeddable":true,"href":"https:\/\/blogsaverroes.juntadeandalucia.es\/iesfranciscorodriguezmarin\/index.php?rest_route=\/wp\/v2\/users\/2333"}],"replies":[{"embeddable":true,"href":"https:\/\/blogsaverroes.juntadeandalucia.es\/iesfranciscorodriguezmarin\/index.php?rest_route=%2Fwp%2Fv2%2Fcomments&post=10895"}],"version-history":[{"count":3,"href":"https:\/\/blogsaverroes.juntadeandalucia.es\/iesfranciscorodriguezmarin\/index.php?rest_route=\/wp\/v2\/posts\/10895\/revisions"}],"predecessor-version":[{"id":12768,"href":"https:\/\/blogsaverroes.juntadeandalucia.es\/iesfranciscorodriguezmarin\/index.php?rest_route=\/wp\/v2\/posts\/10895\/revisions\/12768"}],"wp:featuredmedia":[{"embeddable":true,"href":"https:\/\/blogsaverroes.juntadeandalucia.es\/iesfranciscorodriguezmarin\/index.php?rest_route=\/wp\/v2\/media\/10898"}],"wp:attachment":[{"href":"https:\/\/blogsaverroes.juntadeandalucia.es\/iesfranciscorodriguezmarin\/index.php?rest_route=%2Fwp%2Fv2%2Fmedia&parent=10895"}],"wp:term":[{"taxonomy":"category","embeddable":true,"href":"https:\/\/blogsaverroes.juntadeandalucia.es\/iesfranciscorodriguezmarin\/index.php?rest_route=%2Fwp%2Fv2%2Fcategories&post=10895"},{"taxonomy":"post_tag","embeddable":true,"href":"https:\/\/blogsaverroes.juntadeandalucia.es\/iesfranciscorodriguezmarin\/index.php?rest_route=%2Fwp%2Fv2%2Ftags&post=10895"}],"curies":[{"name":"wp","href":"https:\/\/api.w.org\/{rel}","templated":true}]}}