{"id":11658,"date":"2024-03-04T11:08:01","date_gmt":"2024-03-04T11:08:01","guid":{"rendered":"https:\/\/blogsaverroes.juntadeandalucia.es\/iesfranciscorodriguezmarin\/?p=11658"},"modified":"2024-03-04T11:10:00","modified_gmt":"2024-03-04T11:10:00","slug":"el-alumnado-de-2o-de-eso-aprende-arquitectura-y-paisajismo-en-sevilla","status":"publish","type":"post","link":"https:\/\/blogsaverroes.juntadeandalucia.es\/iesfranciscorodriguezmarin\/?p=11658","title":{"rendered":"EL ALUMNADO DE 2\u00ba DE ESO APRENDE ARQUITECTURA Y PAISAJISMO EN SEVILLA"},"content":{"rendered":"<p><a href=\"https:\/\/blogsaverroes.juntadeandalucia.es\/iesfranciscorodriguezmarin\/files\/2024\/03\/foto-a5.jpg\"><img loading=\"lazy\" decoding=\"async\" class=\"aligncenter size-large wp-image-11664\" src=\"https:\/\/blogsaverroes.juntadeandalucia.es\/iesfranciscorodriguezmarin\/files\/2024\/03\/foto-a5-1024x375.jpg\" alt=\"\" width=\"1024\" height=\"375\" srcset=\"https:\/\/blogsaverroes.juntadeandalucia.es\/iesfranciscorodriguezmarin\/files\/2024\/03\/foto-a5-1024x375.jpg 1024w, https:\/\/blogsaverroes.juntadeandalucia.es\/iesfranciscorodriguezmarin\/files\/2024\/03\/foto-a5-300x110.jpg 300w, https:\/\/blogsaverroes.juntadeandalucia.es\/iesfranciscorodriguezmarin\/files\/2024\/03\/foto-a5-768x281.jpg 768w, https:\/\/blogsaverroes.juntadeandalucia.es\/iesfranciscorodriguezmarin\/files\/2024\/03\/foto-a5-1536x563.jpg 1536w, https:\/\/blogsaverroes.juntadeandalucia.es\/iesfranciscorodriguezmarin\/files\/2024\/03\/foto-a5-600x220.jpg 600w, https:\/\/blogsaverroes.juntadeandalucia.es\/iesfranciscorodriguezmarin\/files\/2024\/03\/foto-a5.jpg 1600w\" sizes=\"(max-width: 1024px) 100vw, 1024px\" \/><\/a>El&nbsp; lunes 19 de febrero, el alumnado de 2\u00ba de la ESO del IES <em>Francisco Rodr\u00edguez Mar\u00edn<\/em> visit\u00f3 Sevilla con el objetivo de conocer y descubrir parte del centro hist\u00f3rico.<\/p>\n<p>El propio An\u00edbal Gonz\u00e1lez y su ayudante contaron a los j\u00f3venes los secretos de la Plaza de Espa\u00f1a y del Parque Mar\u00eda Luisa, incluso se atrevieron a dar sus primeros pasos en arquitectura y paisajismo de la mano de estos actores que acercaron, ataviados como estos personajes ilustres, parte de la historia a un alumnado que, entusiasmado, aprendi\u00f3 a mirar con otros ojos y a valorar los tesoros de la capital.<\/p>\n<p>Tras tener tiempo libre para seguir descubriendo algunos rincones de la ciudad, hicieron una gymkhana por el barrio Santa Cruz. Entre tantas callejuelas pudieron aprender, adem\u00e1s, historia, leyendas y curiosidades de uno de los lugares m\u00e1s bonitos de Sevilla.&nbsp;<\/p>\n<p>En definitiva, una apuesta de nuestro centro por ofrecer a nuestro alumnado una educaci\u00f3n integral que les ayude a mejorar y a hacer m\u00e1s completo su proceso de ense\u00f1anza- aprendizaje.<\/p>\n<p><a href=\"https:\/\/blogsaverroes.juntadeandalucia.es\/iesfranciscorodriguezmarin\/files\/2024\/03\/foto-3.jpg\"><img loading=\"lazy\" decoding=\"async\" class=\"aligncenter size-large wp-image-11659\" src=\"https:\/\/blogsaverroes.juntadeandalucia.es\/iesfranciscorodriguezmarin\/files\/2024\/03\/foto-3-1024x768.jpg\" alt=\"\" width=\"1024\" height=\"768\" srcset=\"https:\/\/blogsaverroes.juntadeandalucia.es\/iesfranciscorodriguezmarin\/files\/2024\/03\/foto-3-1024x768.jpg 1024w, https:\/\/blogsaverroes.juntadeandalucia.es\/iesfranciscorodriguezmarin\/files\/2024\/03\/foto-3-300x225.jpg 300w, https:\/\/blogsaverroes.juntadeandalucia.es\/iesfranciscorodriguezmarin\/files\/2024\/03\/foto-3-768x576.jpg 768w, https:\/\/blogsaverroes.juntadeandalucia.es\/iesfranciscorodriguezmarin\/files\/2024\/03\/foto-3-1536x1152.jpg 1536w, https:\/\/blogsaverroes.juntadeandalucia.es\/iesfranciscorodriguezmarin\/files\/2024\/03\/foto-3.jpg 1600w\" sizes=\"(max-width: 1024px) 100vw, 1024px\" \/><\/a> <a href=\"https:\/\/blogsaverroes.juntadeandalucia.es\/iesfranciscorodriguezmarin\/files\/2024\/03\/foto-2-scaled.jpg\"><img loading=\"lazy\" decoding=\"async\" class=\"aligncenter size-large wp-image-11661\" src=\"https:\/\/blogsaverroes.juntadeandalucia.es\/iesfranciscorodriguezmarin\/files\/2024\/03\/foto-2-768x1024.jpg\" alt=\"\" width=\"768\" height=\"1024\" srcset=\"https:\/\/blogsaverroes.juntadeandalucia.es\/iesfranciscorodriguezmarin\/files\/2024\/03\/foto-2-768x1024.jpg 768w, https:\/\/blogsaverroes.juntadeandalucia.es\/iesfranciscorodriguezmarin\/files\/2024\/03\/foto-2-225x300.jpg 225w, https:\/\/blogsaverroes.juntadeandalucia.es\/iesfranciscorodriguezmarin\/files\/2024\/03\/foto-2-1152x1536.jpg 1152w, https:\/\/blogsaverroes.juntadeandalucia.es\/iesfranciscorodriguezmarin\/files\/2024\/03\/foto-2-1536x2048.jpg 1536w, https:\/\/blogsaverroes.juntadeandalucia.es\/iesfranciscorodriguezmarin\/files\/2024\/03\/foto-2-scaled.jpg 1200w\" sizes=\"(max-width: 768px) 100vw, 768px\" \/><\/a> <a href=\"https:\/\/blogsaverroes.juntadeandalucia.es\/iesfranciscorodriguezmarin\/files\/2024\/03\/foto-4.jpg\"><img loading=\"lazy\" decoding=\"async\" class=\"aligncenter size-large wp-image-11662\" src=\"https:\/\/blogsaverroes.juntadeandalucia.es\/iesfranciscorodriguezmarin\/files\/2024\/03\/foto-4-1024x768.jpg\" alt=\"\" width=\"1024\" height=\"768\" srcset=\"https:\/\/blogsaverroes.juntadeandalucia.es\/iesfranciscorodriguezmarin\/files\/2024\/03\/foto-4-1024x768.jpg 1024w, https:\/\/blogsaverroes.juntadeandalucia.es\/iesfranciscorodriguezmarin\/files\/2024\/03\/foto-4-300x225.jpg 300w, https:\/\/blogsaverroes.juntadeandalucia.es\/iesfranciscorodriguezmarin\/files\/2024\/03\/foto-4-768x576.jpg 768w, https:\/\/blogsaverroes.juntadeandalucia.es\/iesfranciscorodriguezmarin\/files\/2024\/03\/foto-4-1536x1152.jpg 1536w, https:\/\/blogsaverroes.juntadeandalucia.es\/iesfranciscorodriguezmarin\/files\/2024\/03\/foto-4.jpg 1600w\" sizes=\"(max-width: 1024px) 100vw, 1024px\" \/><\/a> <a href=\"https:\/\/blogsaverroes.juntadeandalucia.es\/iesfranciscorodriguezmarin\/files\/2024\/03\/foto-1.jpg\"><img loading=\"lazy\" decoding=\"async\" class=\"aligncenter size-large wp-image-11663\" src=\"https:\/\/blogsaverroes.juntadeandalucia.es\/iesfranciscorodriguezmarin\/files\/2024\/03\/foto-1-1024x768.jpg\" alt=\"\" width=\"1024\" height=\"768\" srcset=\"https:\/\/blogsaverroes.juntadeandalucia.es\/iesfranciscorodriguezmarin\/files\/2024\/03\/foto-1-1024x768.jpg 1024w, https:\/\/blogsaverroes.juntadeandalucia.es\/iesfranciscorodriguezmarin\/files\/2024\/03\/foto-1-300x225.jpg 300w, https:\/\/blogsaverroes.juntadeandalucia.es\/iesfranciscorodriguezmarin\/files\/2024\/03\/foto-1-768x576.jpg 768w, https:\/\/blogsaverroes.juntadeandalucia.es\/iesfranciscorodriguezmarin\/files\/2024\/03\/foto-1-1536x1152.jpg 1536w, https:\/\/blogsaverroes.juntadeandalucia.es\/iesfranciscorodriguezmarin\/files\/2024\/03\/foto-1.jpg 1600w\" sizes=\"(max-width: 1024px) 100vw, 1024px\" \/><\/a><\/p>\n","protected":false},"excerpt":{"rendered":"<p>El&nbsp; lunes 19 de febrero, el alumnado de 2\u00ba de la ESO del IES Francisco Rodr\u00edguez Mar\u00edn visit\u00f3 Sevilla con el objetivo de conocer y descubrir parte del centro hist\u00f3rico. El propio An\u00edbal Gonz\u00e1lez y su ayudante contaron a los&#46;&#46;&#46;<\/p>\n","protected":false},"author":2333,"featured_media":11664,"comment_status":"closed","ping_status":"open","sticky":false,"template":"","format":"standard","meta":{"ngg_post_thumbnail":0,"footnotes":""},"categories":[33],"tags":[],"aioseo_notices":[],"_links":{"self":[{"href":"https:\/\/blogsaverroes.juntadeandalucia.es\/iesfranciscorodriguezmarin\/index.php?rest_route=\/wp\/v2\/posts\/11658"}],"collection":[{"href":"https:\/\/blogsaverroes.juntadeandalucia.es\/iesfranciscorodriguezmarin\/index.php?rest_route=\/wp\/v2\/posts"}],"about":[{"href":"https:\/\/blogsaverroes.juntadeandalucia.es\/iesfranciscorodriguezmarin\/index.php?rest_route=\/wp\/v2\/types\/post"}],"author":[{"embeddable":true,"href":"https:\/\/blogsaverroes.juntadeandalucia.es\/iesfranciscorodriguezmarin\/index.php?rest_route=\/wp\/v2\/users\/2333"}],"replies":[{"embeddable":true,"href":"https:\/\/blogsaverroes.juntadeandalucia.es\/iesfranciscorodriguezmarin\/index.php?rest_route=%2Fwp%2Fv2%2Fcomments&post=11658"}],"version-history":[{"count":2,"href":"https:\/\/blogsaverroes.juntadeandalucia.es\/iesfranciscorodriguezmarin\/index.php?rest_route=\/wp\/v2\/posts\/11658\/revisions"}],"predecessor-version":[{"id":11668,"href":"https:\/\/blogsaverroes.juntadeandalucia.es\/iesfranciscorodriguezmarin\/index.php?rest_route=\/wp\/v2\/posts\/11658\/revisions\/11668"}],"wp:featuredmedia":[{"embeddable":true,"href":"https:\/\/blogsaverroes.juntadeandalucia.es\/iesfranciscorodriguezmarin\/index.php?rest_route=\/wp\/v2\/media\/11664"}],"wp:attachment":[{"href":"https:\/\/blogsaverroes.juntadeandalucia.es\/iesfranciscorodriguezmarin\/index.php?rest_route=%2Fwp%2Fv2%2Fmedia&parent=11658"}],"wp:term":[{"taxonomy":"category","embeddable":true,"href":"https:\/\/blogsaverroes.juntadeandalucia.es\/iesfranciscorodriguezmarin\/index.php?rest_route=%2Fwp%2Fv2%2Fcategories&post=11658"},{"taxonomy":"post_tag","embeddable":true,"href":"https:\/\/blogsaverroes.juntadeandalucia.es\/iesfranciscorodriguezmarin\/index.php?rest_route=%2Fwp%2Fv2%2Ftags&post=11658"}],"curies":[{"name":"wp","href":"https:\/\/api.w.org\/{rel}","templated":true}]}}