{"id":12098,"date":"2024-06-06T11:12:07","date_gmt":"2024-06-06T11:12:07","guid":{"rendered":"https:\/\/blogsaverroes.juntadeandalucia.es\/iesfranciscorodriguezmarin\/?p=12098"},"modified":"2024-06-06T11:12:07","modified_gmt":"2024-06-06T11:12:07","slug":"el-alumnado-de-1a-de-bachillerato-recibe-una-charla-educativa-sobre-fotoproteccion-solar","status":"publish","type":"post","link":"https:\/\/blogsaverroes.juntadeandalucia.es\/iesfranciscorodriguezmarin\/?p=12098","title":{"rendered":"EL ALUMNADO DE 1\u00aa DE BACHILLERATO RECIBE UNA CHARLA EDUCATIVA SOBRE FOTOPROTECCI\u00d3N SOLAR"},"content":{"rendered":"<div class=\"html-div xe8uvvx xdj266r x11i5rnm xat24cr x1mh8g0r xexx8yu x4uap5 x18d9i69 xkhd6sd\" dir=\"auto\">\n<div id=\":r35:\" class=\"x1iorvi4 x1pi30zi x1l90r2v x1swvt13\" data-ad-comet-preview=\"message\" data-ad-preview=\"message\">\n<div class=\"x78zum5 xdt5ytf xz62fqu x16ldp7u\">\n<div class=\"xu06os2 x1ok221b\">\n<div class=\"xdj266r x11i5rnm xat24cr x1mh8g0r x1vvkbs x126k92a\">\n<div dir=\"auto\">&nbsp;<\/div>\n<\/div>\n<div class=\"x11i5rnm xat24cr x1mh8g0r x1vvkbs xtlvy1s x126k92a\">\n<div dir=\"auto\">\u201cPrevenir el da\u00f1o que ocurre en nuestra piel como resultado de su exposici\u00f3n a la radiaci\u00f3n ultravioleta\u201d es el lema bajo el que hemos realizado una campa\u00f1a informativa para que el alumnado de nuestro centro, concretamente de 1\u00ba bachillerato, tome conciencia de la necesidad de proteger su piel del sol y utilice la protecci\u00f3n adecuada para ello.<\/div>\n<div dir=\"auto\">Antonio Delgado y Rosa Ruda, farmac\u00e9uticos de Osuna, han sido los encargados de informar a los j\u00f3venes sobre los beneficios y los perjuicios del sol y de la radiaci\u00f3n solar, as\u00ed como los efectos que \u00e9sta tiene sobre la piel. Para ello, les hablaron de la fotoprotecci\u00f3n y les ofrecieron, adem\u00e1s, consejos sobre la efectividad de usar un correcto protector solar y pautas para prevenir las quemaduras por los rayos UV B.<\/div>\n<div dir=\"auto\">Del mismo modo, les hicieron saber que los da\u00f1os producidos por el sol son acumulativos e irreversibles, es decir, que pueden aparecer muchos a\u00f1os despu\u00e9s, como ocurre con las manchas, y que, muchas veces, pueden no presentarse lesiones visibles inmediatamente. En relaci\u00f3n con esto, suele afirmarse que \u201cla piel tiene memoria\u201d, por lo que resulta fundamental cuidarla adecuadamente desde el principio, para evitar inconvenientes futuros.<\/div>\n<div dir=\"auto\">Tras la charla, ambos farmac\u00e9uticos, a quienes desde nuestro IES Francisco Rodr\u00edguez Mar\u00edn queremos dar las gracias expresamente por su implicaci\u00f3n y su ayuda desinteresada siempre y ofrecida desde la profesionalidad y el cari\u00f1o, repartieron al alumnado algunos folletos informativos, realizaron un peque\u00f1o juego, y les entregaron muestras de cremas solares protectoras.<\/div>\n<div dir=\"auto\">En definitiva, una apuesta m\u00e1s de nuestro centro para concienciar a nuestros j\u00f3venes sobre la importancia de cuidar la salud y la necesidad de crear h\u00e1bitos de vida saludables.<a href=\"https:\/\/blogsaverroes.juntadeandalucia.es\/iesfranciscorodriguezmarin\/files\/2024\/06\/prot-solar.jpg\"><img loading=\"lazy\" decoding=\"async\" class=\"aligncenter  wp-image-12099\" src=\"https:\/\/blogsaverroes.juntadeandalucia.es\/iesfranciscorodriguezmarin\/files\/2024\/06\/prot-solar.jpg\" alt=\"\" width=\"634\" height=\"537\" srcset=\"https:\/\/blogsaverroes.juntadeandalucia.es\/iesfranciscorodriguezmarin\/files\/2024\/06\/prot-solar.jpg 400w, https:\/\/blogsaverroes.juntadeandalucia.es\/iesfranciscorodriguezmarin\/files\/2024\/06\/prot-solar-300x254.jpg 300w\" sizes=\"(max-width: 634px) 100vw, 634px\" \/><\/a><\/div>\n<\/div>\n<div class=\"x11i5rnm xat24cr x1mh8g0r x1vvkbs xtlvy1s x126k92a\">\n<div dir=\"auto\">.<\/div>\n<\/div>\n<\/div>\n<\/div>\n<\/div>\n<\/div>\n","protected":false},"excerpt":{"rendered":"<p>&nbsp; \u201cPrevenir el da\u00f1o que ocurre en nuestra piel como resultado de su exposici\u00f3n a la radiaci\u00f3n ultravioleta\u201d es el lema bajo el que hemos realizado una campa\u00f1a informativa para que el alumnado de nuestro centro, concretamente de 1\u00ba bachillerato,&#46;&#46;&#46;<\/p>\n","protected":false},"author":2333,"featured_media":12099,"comment_status":"closed","ping_status":"open","sticky":false,"template":"","format":"standard","meta":{"ngg_post_thumbnail":0,"footnotes":""},"categories":[5991],"tags":[],"aioseo_notices":[],"_links":{"self":[{"href":"https:\/\/blogsaverroes.juntadeandalucia.es\/iesfranciscorodriguezmarin\/index.php?rest_route=\/wp\/v2\/posts\/12098"}],"collection":[{"href":"https:\/\/blogsaverroes.juntadeandalucia.es\/iesfranciscorodriguezmarin\/index.php?rest_route=\/wp\/v2\/posts"}],"about":[{"href":"https:\/\/blogsaverroes.juntadeandalucia.es\/iesfranciscorodriguezmarin\/index.php?rest_route=\/wp\/v2\/types\/post"}],"author":[{"embeddable":true,"href":"https:\/\/blogsaverroes.juntadeandalucia.es\/iesfranciscorodriguezmarin\/index.php?rest_route=\/wp\/v2\/users\/2333"}],"replies":[{"embeddable":true,"href":"https:\/\/blogsaverroes.juntadeandalucia.es\/iesfranciscorodriguezmarin\/index.php?rest_route=%2Fwp%2Fv2%2Fcomments&post=12098"}],"version-history":[{"count":1,"href":"https:\/\/blogsaverroes.juntadeandalucia.es\/iesfranciscorodriguezmarin\/index.php?rest_route=\/wp\/v2\/posts\/12098\/revisions"}],"predecessor-version":[{"id":12100,"href":"https:\/\/blogsaverroes.juntadeandalucia.es\/iesfranciscorodriguezmarin\/index.php?rest_route=\/wp\/v2\/posts\/12098\/revisions\/12100"}],"wp:featuredmedia":[{"embeddable":true,"href":"https:\/\/blogsaverroes.juntadeandalucia.es\/iesfranciscorodriguezmarin\/index.php?rest_route=\/wp\/v2\/media\/12099"}],"wp:attachment":[{"href":"https:\/\/blogsaverroes.juntadeandalucia.es\/iesfranciscorodriguezmarin\/index.php?rest_route=%2Fwp%2Fv2%2Fmedia&parent=12098"}],"wp:term":[{"taxonomy":"category","embeddable":true,"href":"https:\/\/blogsaverroes.juntadeandalucia.es\/iesfranciscorodriguezmarin\/index.php?rest_route=%2Fwp%2Fv2%2Fcategories&post=12098"},{"taxonomy":"post_tag","embeddable":true,"href":"https:\/\/blogsaverroes.juntadeandalucia.es\/iesfranciscorodriguezmarin\/index.php?rest_route=%2Fwp%2Fv2%2Ftags&post=12098"}],"curies":[{"name":"wp","href":"https:\/\/api.w.org\/{rel}","templated":true}]}}