{"id":12191,"date":"2024-09-11T16:33:45","date_gmt":"2024-09-11T16:33:45","guid":{"rendered":"https:\/\/blogsaverroes.juntadeandalucia.es\/iesfranciscorodriguezmarin\/?p=12191"},"modified":"2024-09-13T09:59:22","modified_gmt":"2024-09-13T09:59:22","slug":"bienvenidos-y-feliz-curso-2024-2025","status":"publish","type":"post","link":"https:\/\/blogsaverroes.juntadeandalucia.es\/iesfranciscorodriguezmarin\/?p=12191","title":{"rendered":"\u00a1Bienvenidos y feliz curso 2024 &#8211; 2025!"},"content":{"rendered":"<p style=\"text-align: justify\">Desde el IES <em>Francisco Rodr\u00edguez Mar\u00edn<\/em> queremos dar la bienvenida al centro a todas las familias, a las que se incorporan este curso y a las que contin\u00faan con nosotros.<\/p>\n<p style=\"text-align: justify\">El <strong>pr\u00f3ximo lunes 16 de septiembre<\/strong> comienza el curso escolar. La recepci\u00f3n, como cada a\u00f1o, se har\u00e1 de manera escalonada.<\/p>\n<table style=\"width: 55.2692%;height: 448px\" width=\"613\">\n<tbody>\n<tr style=\"height: 56px\">\n<td style=\"height: 56px\" width=\"93\"><strong>HORA<\/strong><\/td>\n<td style=\"height: 56px\" width=\"520\"><strong>curso\/grupo<\/strong><\/td>\n<\/tr>\n<tr style=\"height: 56px\">\n<td style=\"height: 56px\" width=\"93\">11:30-14:45<\/td>\n<td style=\"height: 56px\" width=\"520\">1\u00ba ESO<\/td>\n<\/tr>\n<tr style=\"height: 56px\">\n<td style=\"height: 56px\" width=\"93\">12:00-14:45<\/td>\n<td style=\"height: 56px\" width=\"520\">2\u00ba&nbsp; ESO<\/td>\n<\/tr>\n<tr style=\"height: 56px\">\n<td style=\"height: 56px\" width=\"93\">12:30-14:45<\/td>\n<td style=\"height: 56px\" width=\"520\">3\u00ba ESO<\/td>\n<\/tr>\n<tr style=\"height: 56px\">\n<td style=\"height: 56px\" width=\"93\">13:00-14:45<\/td>\n<td style=\"height: 56px\" width=\"520\">4\u00ba ESO<\/td>\n<\/tr>\n<tr style=\"height: 56px\">\n<td style=\"height: 56px\" width=\"93\">13:30-14:45<\/td>\n<td style=\"height: 56px\" width=\"520\">1\u00ba BACHILLERATO<\/td>\n<\/tr>\n<tr style=\"height: 56px\">\n<td style=\"height: 56px\" width=\"93\">13:30-14:45<\/td>\n<td style=\"height: 56px\" width=\"520\">2\u00ba BACHILLERATO<\/td>\n<\/tr>\n<tr style=\"height: 56px\">\n<td style=\"height: 56px\" width=\"93\">13:30-14:45<\/td>\n<td style=\"height: 56px\" width=\"520\">CICLOS FORMATIVOS*<\/td>\n<\/tr>\n<\/tbody>\n<\/table>\n<p style=\"text-align: justify\">* El alumnado de Ciclo Formativo de Grado Superior de Desarrollo de Aplicaciones Multiplataforma ser\u00e1 recibido en la 1\u00aa planta del edificio \u00abAntiguo Matadero\u00bb frente al recinto ferial.&nbsp;<\/p>\n<p style=\"text-align: justify\">Ese mismo d\u00eda, <strong><u>lunes 16 de septiembre, por la tarde, a las 17:00 horas<\/u><\/strong>, las <strong><u>familias del alumnado de 1\u00ba de ESO <\/u><\/strong>tendr\u00e1n una <strong><u>reuni\u00f3n en el centro<\/u><\/strong> con el equipo directivo en la que se les informar\u00e1 sobre los aspectos m\u00e1s destacados (normas de funcionamiento, organizaci\u00f3n\u2026) del instituto.<\/p>\n","protected":false},"excerpt":{"rendered":"<p>Desde el IES Francisco Rodr\u00edguez Mar\u00edn queremos dar la bienvenida al centro a todas las familias, a las que se incorporan este curso y a las que contin\u00faan con nosotros. El pr\u00f3ximo lunes 16 de septiembre comienza el curso escolar.&#46;&#46;&#46;<\/p>\n","protected":false},"author":2333,"featured_media":12196,"comment_status":"closed","ping_status":"open","sticky":false,"template":"","format":"standard","meta":{"ngg_post_thumbnail":0,"footnotes":""},"categories":[926],"tags":[],"aioseo_notices":[],"_links":{"self":[{"href":"https:\/\/blogsaverroes.juntadeandalucia.es\/iesfranciscorodriguezmarin\/index.php?rest_route=\/wp\/v2\/posts\/12191"}],"collection":[{"href":"https:\/\/blogsaverroes.juntadeandalucia.es\/iesfranciscorodriguezmarin\/index.php?rest_route=\/wp\/v2\/posts"}],"about":[{"href":"https:\/\/blogsaverroes.juntadeandalucia.es\/iesfranciscorodriguezmarin\/index.php?rest_route=\/wp\/v2\/types\/post"}],"author":[{"embeddable":true,"href":"https:\/\/blogsaverroes.juntadeandalucia.es\/iesfranciscorodriguezmarin\/index.php?rest_route=\/wp\/v2\/users\/2333"}],"replies":[{"embeddable":true,"href":"https:\/\/blogsaverroes.juntadeandalucia.es\/iesfranciscorodriguezmarin\/index.php?rest_route=%2Fwp%2Fv2%2Fcomments&post=12191"}],"version-history":[{"count":4,"href":"https:\/\/blogsaverroes.juntadeandalucia.es\/iesfranciscorodriguezmarin\/index.php?rest_route=\/wp\/v2\/posts\/12191\/revisions"}],"predecessor-version":[{"id":12198,"href":"https:\/\/blogsaverroes.juntadeandalucia.es\/iesfranciscorodriguezmarin\/index.php?rest_route=\/wp\/v2\/posts\/12191\/revisions\/12198"}],"wp:featuredmedia":[{"embeddable":true,"href":"https:\/\/blogsaverroes.juntadeandalucia.es\/iesfranciscorodriguezmarin\/index.php?rest_route=\/wp\/v2\/media\/12196"}],"wp:attachment":[{"href":"https:\/\/blogsaverroes.juntadeandalucia.es\/iesfranciscorodriguezmarin\/index.php?rest_route=%2Fwp%2Fv2%2Fmedia&parent=12191"}],"wp:term":[{"taxonomy":"category","embeddable":true,"href":"https:\/\/blogsaverroes.juntadeandalucia.es\/iesfranciscorodriguezmarin\/index.php?rest_route=%2Fwp%2Fv2%2Fcategories&post=12191"},{"taxonomy":"post_tag","embeddable":true,"href":"https:\/\/blogsaverroes.juntadeandalucia.es\/iesfranciscorodriguezmarin\/index.php?rest_route=%2Fwp%2Fv2%2Ftags&post=12191"}],"curies":[{"name":"wp","href":"https:\/\/api.w.org\/{rel}","templated":true}]}}