{"id":12256,"date":"2024-10-28T08:55:56","date_gmt":"2024-10-28T08:55:56","guid":{"rendered":"https:\/\/blogsaverroes.juntadeandalucia.es\/iesfranciscorodriguezmarin\/?p=12256"},"modified":"2024-10-28T08:55:56","modified_gmt":"2024-10-28T08:55:56","slug":"dia-de-la-empresa","status":"publish","type":"post","link":"https:\/\/blogsaverroes.juntadeandalucia.es\/iesfranciscorodriguezmarin\/?p=12256","title":{"rendered":"D\u00eda de la Empresa"},"content":{"rendered":"<p><strong><u>LA EMPRESA \u201c<em>CANITAS\u201d<\/em>&nbsp; VISITA NUESTRO CENTRO CON MOTIVO DEL D\u00cdA DE LA EMPRESA EN ANDALUC\u00cdA<\/u><\/strong><\/p>\n<p style=\"text-align: justify\">El 28 de octubre se celebra el <em>D\u00eda de la empresa andaluza<\/em>, un d\u00eda que nace con la finalidad de fomentar en el alumnado los valores de colaboraci\u00f3n, an\u00e1lisis, participaci\u00f3n y emprendimiento en el tejido social y empresarial de nuestra comunidad.<\/p>\n<p style=\"text-align: justify\">Desde el IES <em>Francisco Rodr\u00edguez Mar\u00edn<\/em>, lo hemos celebramos con actividades que propician el desarrollo de ese esp\u00edritu emprendedor, la confianza, el sentido cr\u00edtico y la iniciativa personal, preparando a nuestro alumnado para planificar, tomar decisiones y asumir responsabilidades que los har\u00e1n ser miembros activos y de pleno derecho de la sociedad de la que forman parte.<\/p>\n<p style=\"text-align: justify\">El pasado 24 de octubre <strong>D. Eladio \u00c1lvarez<\/strong>, gerente de la empresa de servicios veterinarios: \u00ab<strong><em>Canitas, La Seguridad Social de tu Mascota<\/em><\/strong>\u00bb (una empresa andaluza en expansi\u00f3n por todo el territorio) ofreci\u00f3 al alumnado de Ciclos y al de 4\u00ba de ESO que estudia <em>Iniciativa y cultura emprendedora<\/em>, una conferencia bajo el lema \u00abIncentivar el pensamiento emprendedor\u00bb, una charla-coloquio en la que el empresario insisti\u00f3 en la necesidad de preparar al alumnado andaluz para su incorporaci\u00f3n a estudios posteriores y su inserci\u00f3n laboral como ciudadanos y ciudadanas de una sociedad en continuo desarrollo, as\u00ed como en la importancia de afianzar el esp\u00edritu emprendedor con actitudes de creatividad, flexibilidad, iniciativa, trabajo en equipo, confianza en uno mismo y sentido cr\u00edtico.<\/p>\n<p style=\"text-align: justify\"><a href=\"https:\/\/blogsaverroes.juntadeandalucia.es\/iesfranciscorodriguezmarin\/files\/2024\/10\/empresa-3.jpg\"><img loading=\"lazy\" decoding=\"async\" class=\"aligncenter size-large wp-image-12257\" src=\"https:\/\/blogsaverroes.juntadeandalucia.es\/iesfranciscorodriguezmarin\/files\/2024\/10\/empresa-3-1024x768.jpg\" alt=\"\" width=\"1024\" height=\"768\" srcset=\"https:\/\/blogsaverroes.juntadeandalucia.es\/iesfranciscorodriguezmarin\/files\/2024\/10\/empresa-3-1024x768.jpg 1024w, https:\/\/blogsaverroes.juntadeandalucia.es\/iesfranciscorodriguezmarin\/files\/2024\/10\/empresa-3-300x225.jpg 300w, https:\/\/blogsaverroes.juntadeandalucia.es\/iesfranciscorodriguezmarin\/files\/2024\/10\/empresa-3-768x576.jpg 768w, https:\/\/blogsaverroes.juntadeandalucia.es\/iesfranciscorodriguezmarin\/files\/2024\/10\/empresa-3-1536x1152.jpg 1536w, https:\/\/blogsaverroes.juntadeandalucia.es\/iesfranciscorodriguezmarin\/files\/2024\/10\/empresa-3.jpg 1600w\" sizes=\"(max-width: 1024px) 100vw, 1024px\" \/><\/a> <a href=\"https:\/\/blogsaverroes.juntadeandalucia.es\/iesfranciscorodriguezmarin\/files\/2024\/10\/empresa4.jpg\"><img loading=\"lazy\" decoding=\"async\" class=\"aligncenter size-large wp-image-12259\" src=\"https:\/\/blogsaverroes.juntadeandalucia.es\/iesfranciscorodriguezmarin\/files\/2024\/10\/empresa4-1024x576.jpg\" alt=\"\" width=\"1024\" height=\"576\" srcset=\"https:\/\/blogsaverroes.juntadeandalucia.es\/iesfranciscorodriguezmarin\/files\/2024\/10\/empresa4-1024x576.jpg 1024w, https:\/\/blogsaverroes.juntadeandalucia.es\/iesfranciscorodriguezmarin\/files\/2024\/10\/empresa4-300x169.jpg 300w, https:\/\/blogsaverroes.juntadeandalucia.es\/iesfranciscorodriguezmarin\/files\/2024\/10\/empresa4-768x432.jpg 768w, https:\/\/blogsaverroes.juntadeandalucia.es\/iesfranciscorodriguezmarin\/files\/2024\/10\/empresa4-1536x864.jpg 1536w, https:\/\/blogsaverroes.juntadeandalucia.es\/iesfranciscorodriguezmarin\/files\/2024\/10\/empresa4.jpg 1600w\" sizes=\"(max-width: 1024px) 100vw, 1024px\" \/><\/a> <a href=\"https:\/\/blogsaverroes.juntadeandalucia.es\/iesfranciscorodriguezmarin\/files\/2024\/10\/empresa-1.jpg\"><img loading=\"lazy\" decoding=\"async\" class=\"aligncenter size-large wp-image-12260\" src=\"https:\/\/blogsaverroes.juntadeandalucia.es\/iesfranciscorodriguezmarin\/files\/2024\/10\/empresa-1-1024x768.jpg\" alt=\"\" width=\"1024\" height=\"768\" srcset=\"https:\/\/blogsaverroes.juntadeandalucia.es\/iesfranciscorodriguezmarin\/files\/2024\/10\/empresa-1-1024x768.jpg 1024w, https:\/\/blogsaverroes.juntadeandalucia.es\/iesfranciscorodriguezmarin\/files\/2024\/10\/empresa-1-300x225.jpg 300w, https:\/\/blogsaverroes.juntadeandalucia.es\/iesfranciscorodriguezmarin\/files\/2024\/10\/empresa-1-768x576.jpg 768w, https:\/\/blogsaverroes.juntadeandalucia.es\/iesfranciscorodriguezmarin\/files\/2024\/10\/empresa-1-1536x1152.jpg 1536w, https:\/\/blogsaverroes.juntadeandalucia.es\/iesfranciscorodriguezmarin\/files\/2024\/10\/empresa-1.jpg 1600w\" sizes=\"(max-width: 1024px) 100vw, 1024px\" \/><\/a><\/p>\n","protected":false},"excerpt":{"rendered":"<p>LA EMPRESA \u201cCANITAS\u201d&nbsp; VISITA NUESTRO CENTRO CON MOTIVO DEL D\u00cdA DE LA EMPRESA EN ANDALUC\u00cdA El 28 de octubre se celebra el D\u00eda de la empresa andaluza, un d\u00eda que nace con la finalidad de fomentar en el alumnado los&#46;&#46;&#46;<\/p>\n","protected":false},"author":2333,"featured_media":12261,"comment_status":"closed","ping_status":"open","sticky":false,"template":"","format":"standard","meta":{"ngg_post_thumbnail":0,"footnotes":""},"categories":[1854613],"tags":[],"aioseo_notices":[],"_links":{"self":[{"href":"https:\/\/blogsaverroes.juntadeandalucia.es\/iesfranciscorodriguezmarin\/index.php?rest_route=\/wp\/v2\/posts\/12256"}],"collection":[{"href":"https:\/\/blogsaverroes.juntadeandalucia.es\/iesfranciscorodriguezmarin\/index.php?rest_route=\/wp\/v2\/posts"}],"about":[{"href":"https:\/\/blogsaverroes.juntadeandalucia.es\/iesfranciscorodriguezmarin\/index.php?rest_route=\/wp\/v2\/types\/post"}],"author":[{"embeddable":true,"href":"https:\/\/blogsaverroes.juntadeandalucia.es\/iesfranciscorodriguezmarin\/index.php?rest_route=\/wp\/v2\/users\/2333"}],"replies":[{"embeddable":true,"href":"https:\/\/blogsaverroes.juntadeandalucia.es\/iesfranciscorodriguezmarin\/index.php?rest_route=%2Fwp%2Fv2%2Fcomments&post=12256"}],"version-history":[{"count":1,"href":"https:\/\/blogsaverroes.juntadeandalucia.es\/iesfranciscorodriguezmarin\/index.php?rest_route=\/wp\/v2\/posts\/12256\/revisions"}],"predecessor-version":[{"id":12262,"href":"https:\/\/blogsaverroes.juntadeandalucia.es\/iesfranciscorodriguezmarin\/index.php?rest_route=\/wp\/v2\/posts\/12256\/revisions\/12262"}],"wp:featuredmedia":[{"embeddable":true,"href":"https:\/\/blogsaverroes.juntadeandalucia.es\/iesfranciscorodriguezmarin\/index.php?rest_route=\/wp\/v2\/media\/12261"}],"wp:attachment":[{"href":"https:\/\/blogsaverroes.juntadeandalucia.es\/iesfranciscorodriguezmarin\/index.php?rest_route=%2Fwp%2Fv2%2Fmedia&parent=12256"}],"wp:term":[{"taxonomy":"category","embeddable":true,"href":"https:\/\/blogsaverroes.juntadeandalucia.es\/iesfranciscorodriguezmarin\/index.php?rest_route=%2Fwp%2Fv2%2Fcategories&post=12256"},{"taxonomy":"post_tag","embeddable":true,"href":"https:\/\/blogsaverroes.juntadeandalucia.es\/iesfranciscorodriguezmarin\/index.php?rest_route=%2Fwp%2Fv2%2Ftags&post=12256"}],"curies":[{"name":"wp","href":"https:\/\/api.w.org\/{rel}","templated":true}]}}