{"id":12312,"date":"2024-11-22T08:30:27","date_gmt":"2024-11-22T08:30:27","guid":{"rendered":"https:\/\/blogsaverroes.juntadeandalucia.es\/iesfranciscorodriguezmarin\/?p=12312"},"modified":"2024-11-22T08:30:27","modified_gmt":"2024-11-22T08:30:27","slug":"primeros-auxilios-y-rcp-para-alumnado-y-profesorado-centran-las-actividades-formativas-de-este-mes","status":"publish","type":"post","link":"https:\/\/blogsaverroes.juntadeandalucia.es\/iesfranciscorodriguezmarin\/?p=12312","title":{"rendered":"PRIMEROS AUXILIOS Y RCP PARA ALUMNADO Y PROFESORADO CENTRAN LAS ACTIVIDADES FORMATIVAS DE ESTE MES"},"content":{"rendered":"<p style=\"text-align: justify\">Saber c\u00f3mo actuar en caso de emergencias y reaccionar de manera eficaz en ese tipo de situaciones es crucial tanto para el personal docente como para el alumnado de cualquier centro escolar. Con esta premisa, el IES <em>Francisco Rodr\u00edguez Mar\u00edn<\/em> ha puesto en marcha este mes un plan de actuaci\u00f3n basado en la realizaci\u00f3n de charlas y pr\u00e1cticas de primeros auxilios y de RCP tanto para el profesorado del centro como para el alumnado.<\/p>\n<p style=\"text-align: justify\">En primer lugar, el pasado 13 de noviembre, fueron nuestros alumnos de 3\u00ba de ESO quienes recibieron una clase sobre este tema de la mano de nuestra enfermera de referencia, Ana Isabel Pliego. Durante esta jornada formativa, se les dot\u00f3 de los conocimientos necesarios para identificar y reconocer situaciones de emergencia y actuar aplicando t\u00e9cnicas de soporte vital b\u00e1sico, adem\u00e1s se les ense\u00f1\u00f3 a utilizar un desfibrilador (nuestro centro cuenta con uno), colocarlo y manejarlo en caso de tener que usarlo.<\/p>\n<p style=\"text-align: justify\">Por otro lado, el lunes 18 de noviembre fue el turno del profesorado, que tuvo la oportunidad de formarse y saber c\u00f3mo actuar en caso de alumnado con diabetes y epilepsia, actuar en caso de atragantamiento o c\u00f3mo hacer una RCP adecuada en caso de emergencia. El profesorado pudo practicar las t\u00e9cnicas ense\u00f1adas, de manera entusiasta e ilustrativa, por los enfermeros y pudo simular c\u00f3mo actuar eficazmente ante una parada cardiorrespiratoria. Recordemos que la implementaci\u00f3n de <em>espacios cardioprotegidos<\/em> en entornos educativos y de trabajo cada vez es mayor, por este motivo, se hace fundamental que todos conozcamos c\u00f3mo actuar.<\/p>\n<p style=\"text-align: justify\">Desde el IES <em>Francisco Rodr\u00edguez Mar\u00edn<\/em> agradecemos, en este caso a Ana Isabel Pliego, su entusiasmo y su destreza a la hora de ense\u00f1ar, a nuestro alumnado y al profesorado del centro, t\u00e9cnicas que pueden ayudar a salvar vidas.<\/p>\n\n\t\t<style>\n\t\t\t#gallery-1 {\n\t\t\t\tmargin: auto;\n\t\t\t}\n\t\t\t#gallery-1 .gallery-item {\n\t\t\t\tfloat: left;\n\t\t\t\tmargin-top: 10px;\n\t\t\t\ttext-align: center;\n\t\t\t\twidth: 33%;\n\t\t\t}\n\t\t\t#gallery-1 img {\n\t\t\t\tborder: 2px solid #cfcfcf;\n\t\t\t}\n\t\t\t#gallery-1 .gallery-caption {\n\t\t\t\tmargin-left: 0;\n\t\t\t}\n\t\t\t\/* see gallery_shortcode() in wp-includes\/media.php *\/\n\t\t<\/style>\n\t\t<div id='gallery-1' class='gallery galleryid-12312 gallery-columns-3 gallery-size-thumbnail'><dl class='gallery-item'>\n\t\t\t<dt class='gallery-icon landscape'>\n\t\t\t\t<a href='https:\/\/blogsaverroes.juntadeandalucia.es\/iesfranciscorodriguezmarin\/?attachment_id=12316'><img loading=\"lazy\" decoding=\"async\" width=\"150\" height=\"150\" src=\"https:\/\/blogsaverroes.juntadeandalucia.es\/iesfranciscorodriguezmarin\/files\/2024\/11\/WhatsApp-Image-2024-11-21-at-09.53.06-150x150.jpeg\" class=\"attachment-thumbnail size-thumbnail\" alt=\"\" srcset=\"https:\/\/blogsaverroes.juntadeandalucia.es\/iesfranciscorodriguezmarin\/files\/2024\/11\/WhatsApp-Image-2024-11-21-at-09.53.06-150x150.jpeg 150w, https:\/\/blogsaverroes.juntadeandalucia.es\/iesfranciscorodriguezmarin\/files\/2024\/11\/WhatsApp-Image-2024-11-21-at-09.53.06-80x80.jpeg 80w, https:\/\/blogsaverroes.juntadeandalucia.es\/iesfranciscorodriguezmarin\/files\/2024\/11\/WhatsApp-Image-2024-11-21-at-09.53.06-320x320.jpeg 320w\" sizes=\"(max-width: 150px) 100vw, 150px\" \/><\/a>\n\t\t\t<\/dt><\/dl><dl class='gallery-item'>\n\t\t\t<dt class='gallery-icon landscape'>\n\t\t\t\t<a href='https:\/\/blogsaverroes.juntadeandalucia.es\/iesfranciscorodriguezmarin\/?attachment_id=12317'><img loading=\"lazy\" decoding=\"async\" width=\"150\" height=\"150\" src=\"https:\/\/blogsaverroes.juntadeandalucia.es\/iesfranciscorodriguezmarin\/files\/2024\/11\/WhatsApp-Image-2024-11-21-at-09.53.05-2-150x150.jpeg\" class=\"attachment-thumbnail size-thumbnail\" alt=\"\" srcset=\"https:\/\/blogsaverroes.juntadeandalucia.es\/iesfranciscorodriguezmarin\/files\/2024\/11\/WhatsApp-Image-2024-11-21-at-09.53.05-2-150x150.jpeg 150w, https:\/\/blogsaverroes.juntadeandalucia.es\/iesfranciscorodriguezmarin\/files\/2024\/11\/WhatsApp-Image-2024-11-21-at-09.53.05-2-80x80.jpeg 80w, https:\/\/blogsaverroes.juntadeandalucia.es\/iesfranciscorodriguezmarin\/files\/2024\/11\/WhatsApp-Image-2024-11-21-at-09.53.05-2-320x320.jpeg 320w\" sizes=\"(max-width: 150px) 100vw, 150px\" \/><\/a>\n\t\t\t<\/dt><\/dl><dl class='gallery-item'>\n\t\t\t<dt class='gallery-icon landscape'>\n\t\t\t\t<a href='https:\/\/blogsaverroes.juntadeandalucia.es\/iesfranciscorodriguezmarin\/?attachment_id=12318'><img loading=\"lazy\" decoding=\"async\" width=\"150\" height=\"150\" src=\"https:\/\/blogsaverroes.juntadeandalucia.es\/iesfranciscorodriguezmarin\/files\/2024\/11\/WhatsApp-Image-2024-11-21-at-09.53.05-1-150x150.jpeg\" class=\"attachment-thumbnail size-thumbnail\" alt=\"\" srcset=\"https:\/\/blogsaverroes.juntadeandalucia.es\/iesfranciscorodriguezmarin\/files\/2024\/11\/WhatsApp-Image-2024-11-21-at-09.53.05-1-150x150.jpeg 150w, https:\/\/blogsaverroes.juntadeandalucia.es\/iesfranciscorodriguezmarin\/files\/2024\/11\/WhatsApp-Image-2024-11-21-at-09.53.05-1-80x80.jpeg 80w, https:\/\/blogsaverroes.juntadeandalucia.es\/iesfranciscorodriguezmarin\/files\/2024\/11\/WhatsApp-Image-2024-11-21-at-09.53.05-1-320x320.jpeg 320w\" sizes=\"(max-width: 150px) 100vw, 150px\" \/><\/a>\n\t\t\t<\/dt><\/dl><br style=\"clear: both\" \/><dl class='gallery-item'>\n\t\t\t<dt class='gallery-icon landscape'>\n\t\t\t\t<a href='https:\/\/blogsaverroes.juntadeandalucia.es\/iesfranciscorodriguezmarin\/?attachment_id=12315'><img loading=\"lazy\" decoding=\"async\" width=\"150\" height=\"150\" src=\"https:\/\/blogsaverroes.juntadeandalucia.es\/iesfranciscorodriguezmarin\/files\/2024\/11\/WhatsApp-Image-2024-11-21-at-09.53.06-1-150x150.jpeg\" class=\"attachment-thumbnail size-thumbnail\" alt=\"\" srcset=\"https:\/\/blogsaverroes.juntadeandalucia.es\/iesfranciscorodriguezmarin\/files\/2024\/11\/WhatsApp-Image-2024-11-21-at-09.53.06-1-150x150.jpeg 150w, https:\/\/blogsaverroes.juntadeandalucia.es\/iesfranciscorodriguezmarin\/files\/2024\/11\/WhatsApp-Image-2024-11-21-at-09.53.06-1-80x80.jpeg 80w, https:\/\/blogsaverroes.juntadeandalucia.es\/iesfranciscorodriguezmarin\/files\/2024\/11\/WhatsApp-Image-2024-11-21-at-09.53.06-1-320x320.jpeg 320w\" sizes=\"(max-width: 150px) 100vw, 150px\" \/><\/a>\n\t\t\t<\/dt><\/dl><dl class='gallery-item'>\n\t\t\t<dt class='gallery-icon landscape'>\n\t\t\t\t<a href='https:\/\/blogsaverroes.juntadeandalucia.es\/iesfranciscorodriguezmarin\/?attachment_id=12314'><img loading=\"lazy\" decoding=\"async\" width=\"150\" height=\"150\" src=\"https:\/\/blogsaverroes.juntadeandalucia.es\/iesfranciscorodriguezmarin\/files\/2024\/11\/WhatsApp-Image-2024-11-21-at-09.53.06-2-150x150.jpeg\" class=\"attachment-thumbnail size-thumbnail\" alt=\"\" srcset=\"https:\/\/blogsaverroes.juntadeandalucia.es\/iesfranciscorodriguezmarin\/files\/2024\/11\/WhatsApp-Image-2024-11-21-at-09.53.06-2-150x150.jpeg 150w, https:\/\/blogsaverroes.juntadeandalucia.es\/iesfranciscorodriguezmarin\/files\/2024\/11\/WhatsApp-Image-2024-11-21-at-09.53.06-2-80x80.jpeg 80w, https:\/\/blogsaverroes.juntadeandalucia.es\/iesfranciscorodriguezmarin\/files\/2024\/11\/WhatsApp-Image-2024-11-21-at-09.53.06-2-320x320.jpeg 320w\" sizes=\"(max-width: 150px) 100vw, 150px\" \/><\/a>\n\t\t\t<\/dt><\/dl><dl class='gallery-item'>\n\t\t\t<dt class='gallery-icon landscape'>\n\t\t\t\t<a href='https:\/\/blogsaverroes.juntadeandalucia.es\/iesfranciscorodriguezmarin\/?attachment_id=12313'><img loading=\"lazy\" decoding=\"async\" width=\"150\" height=\"150\" src=\"https:\/\/blogsaverroes.juntadeandalucia.es\/iesfranciscorodriguezmarin\/files\/2024\/11\/WhatsApp-Image-2024-11-21-at-09.53.06-3-150x150.jpeg\" class=\"attachment-thumbnail size-thumbnail\" alt=\"\" srcset=\"https:\/\/blogsaverroes.juntadeandalucia.es\/iesfranciscorodriguezmarin\/files\/2024\/11\/WhatsApp-Image-2024-11-21-at-09.53.06-3-150x150.jpeg 150w, https:\/\/blogsaverroes.juntadeandalucia.es\/iesfranciscorodriguezmarin\/files\/2024\/11\/WhatsApp-Image-2024-11-21-at-09.53.06-3-80x80.jpeg 80w, https:\/\/blogsaverroes.juntadeandalucia.es\/iesfranciscorodriguezmarin\/files\/2024\/11\/WhatsApp-Image-2024-11-21-at-09.53.06-3-320x320.jpeg 320w\" sizes=\"(max-width: 150px) 100vw, 150px\" \/><\/a>\n\t\t\t<\/dt><\/dl><br style=\"clear: both\" \/>\n\t\t<\/div>\n\n","protected":false},"excerpt":{"rendered":"<p>Saber c\u00f3mo actuar en caso de emergencias y reaccionar de manera eficaz en ese tipo de situaciones es crucial tanto para el personal docente como para el alumnado de cualquier centro escolar. Con esta premisa, el IES Francisco Rodr\u00edguez Mar\u00edn&#46;&#46;&#46;<\/p>\n","protected":false},"author":2333,"featured_media":12313,"comment_status":"closed","ping_status":"open","sticky":false,"template":"","format":"standard","meta":{"ngg_post_thumbnail":0,"footnotes":""},"categories":[926],"tags":[],"aioseo_notices":[],"_links":{"self":[{"href":"https:\/\/blogsaverroes.juntadeandalucia.es\/iesfranciscorodriguezmarin\/index.php?rest_route=\/wp\/v2\/posts\/12312"}],"collection":[{"href":"https:\/\/blogsaverroes.juntadeandalucia.es\/iesfranciscorodriguezmarin\/index.php?rest_route=\/wp\/v2\/posts"}],"about":[{"href":"https:\/\/blogsaverroes.juntadeandalucia.es\/iesfranciscorodriguezmarin\/index.php?rest_route=\/wp\/v2\/types\/post"}],"author":[{"embeddable":true,"href":"https:\/\/blogsaverroes.juntadeandalucia.es\/iesfranciscorodriguezmarin\/index.php?rest_route=\/wp\/v2\/users\/2333"}],"replies":[{"embeddable":true,"href":"https:\/\/blogsaverroes.juntadeandalucia.es\/iesfranciscorodriguezmarin\/index.php?rest_route=%2Fwp%2Fv2%2Fcomments&post=12312"}],"version-history":[{"count":2,"href":"https:\/\/blogsaverroes.juntadeandalucia.es\/iesfranciscorodriguezmarin\/index.php?rest_route=\/wp\/v2\/posts\/12312\/revisions"}],"predecessor-version":[{"id":12320,"href":"https:\/\/blogsaverroes.juntadeandalucia.es\/iesfranciscorodriguezmarin\/index.php?rest_route=\/wp\/v2\/posts\/12312\/revisions\/12320"}],"wp:featuredmedia":[{"embeddable":true,"href":"https:\/\/blogsaverroes.juntadeandalucia.es\/iesfranciscorodriguezmarin\/index.php?rest_route=\/wp\/v2\/media\/12313"}],"wp:attachment":[{"href":"https:\/\/blogsaverroes.juntadeandalucia.es\/iesfranciscorodriguezmarin\/index.php?rest_route=%2Fwp%2Fv2%2Fmedia&parent=12312"}],"wp:term":[{"taxonomy":"category","embeddable":true,"href":"https:\/\/blogsaverroes.juntadeandalucia.es\/iesfranciscorodriguezmarin\/index.php?rest_route=%2Fwp%2Fv2%2Fcategories&post=12312"},{"taxonomy":"post_tag","embeddable":true,"href":"https:\/\/blogsaverroes.juntadeandalucia.es\/iesfranciscorodriguezmarin\/index.php?rest_route=%2Fwp%2Fv2%2Ftags&post=12312"}],"curies":[{"name":"wp","href":"https:\/\/api.w.org\/{rel}","templated":true}]}}