{"id":12321,"date":"2024-11-22T12:50:42","date_gmt":"2024-11-22T12:50:42","guid":{"rendered":"https:\/\/blogsaverroes.juntadeandalucia.es\/iesfranciscorodriguezmarin\/?p=12321"},"modified":"2024-11-28T10:58:22","modified_gmt":"2024-11-28T10:58:22","slug":"la-obra-no-more-matildas-dale-la-vuelta-a-la-foto-consigue-el-primer-premio-en-la-xxv-edicion-del-concurso-internacional-ciencia-en-accion","status":"publish","type":"post","link":"https:\/\/blogsaverroes.juntadeandalucia.es\/iesfranciscorodriguezmarin\/?p=12321","title":{"rendered":"La obra \u201cNo more Matildas. Dale la vuelta a la foto\u201d consigue el PRIMER PREMIO en la XXV edici\u00f3n del concurso internacional Ciencia en Acci\u00f3n"},"content":{"rendered":"<p>La obra de teatro escolar \u201cNo more Matildas. Dale la vuelta a la foto\u201d del IES Francisco Rodr\u00edguez Mar\u00edn de Osuna consigue el primer premio en la XXV edici\u00f3n del concurso internacional Ciencia en Acci\u00f3n, organizado por la Red innpulso de la que forman parte ciudades comprometidas con la promoci\u00f3n de la ciencia y la innovaci\u00f3n a nivel local. El concurso cuenta adem\u00e1s con el impulso y la financiaci\u00f3n del Ministerio de Ciencia e Innovaci\u00f3n de Espa\u00f1a y con el respaldo de las Sociedades Cient\u00edficas de Espa\u00f1a.<\/p>\n<p>Este prestigioso certamen anual est\u00e1&nbsp;<strong>dirigido a estudiantes, profesores, investigadores y divulgadores<\/strong>&nbsp;de la comunidad cient\u00edfica de toda Iberoam\u00e9rica y pretende presentar la ciencia de una manera atractiva y motivadora, de modo que los j\u00f3venes y el gran p\u00fablico se interesen por ella. El jurado destac\u00f3 el car\u00e1cter did\u00e1ctico y la claridad en el mensaje de la obra de teatro, concediendo el primer premio de la categor\u00eda&nbsp;<strong>Puesta en Escena 2024.&nbsp;<\/strong><\/p>\n<p>La obra de teatro es la culminaci\u00f3n de una serie de acciones pedag\u00f3gicas innovadoras llevadas a cabo en el instituto, en torno al 11 de febrero,&nbsp;<strong>D\u00eda Internacional de la Mujer y la Ni\u00f1a en la Ciencia<\/strong>, encaminadas a dar visibilidad a la mujer en el mundo de la ciencia y a realizar materiales pedag\u00f3gicos \u00fatiles y de calidad que hagan la ciencia m\u00e1s atractiva entre nuestro alumnado.&nbsp;<\/p>\n<p>Un total de&nbsp;<strong>40 alumnas y profesoras,<\/strong>&nbsp;caracterizadas cada una de ellas como un personaje femenino relevante de la ciencia a lo largo de la historia, se encargan de contar la importancia cient\u00edfica y acad\u00e9mica de cada una de las personajes all\u00ed presentes, as\u00ed como las dificultades y vicisitudes que tuvieron que pasar por el hecho de ser mujeres en un mundo reservado para hombres.<\/p>\n<p>Dirigida por el que fuera profesor del centro,&nbsp;<strong>Miguel D\u00edaz<\/strong>, vestidas de \u00e9poca por quien fuera directora del centro,&nbsp;<strong>Ana M. L\u00f3pez<\/strong>, y partiendo de la base de la foto real de hombres cient\u00edficos de&nbsp;<strong>Solvay de 1927,<\/strong>&nbsp;una abuela cient\u00edfica habla con su nieta estudiante sobre la mujer y la ciencia y las numerosas mujeres que a lo largo de la historia tambi\u00e9n han formado parte silenciosa del progreso cient\u00edfico, las cuales por orden cronol\u00f3gico van apareciendo en escena y contando su vida, sus logros y sus discriminaciones y dificultades por el hecho de ser mujer. Cada una de ellas, tras contar su vida, pasa a formar parte del fondo del escenario hasta completar una escena de s\u00f3lo mujeres, tal y como era la foto de hombres del inicio. El \u00fanico cient\u00edfico que aparece es Darwin, que lo hace para pedir perd\u00f3n en nombre de la ciencia por la invisibilidad a la que ha sido sometida la mujer cient\u00edfica. El final de la obra es la conversi\u00f3n de la nieta en cient\u00edfica, en<strong>&nbsp;Rosario Domingo<\/strong>,&nbsp;<strong>\u201cLa Charo\u201d<\/strong>, primera mujer doctora de la Universidad de Valencia y catedr\u00e1tica de qu\u00edmica, completando la foto y cambi\u00e1ndose la foto s\u00f3lo de hombres por la foto s\u00f3lo de mujeres que han conformado las cient\u00edficas de la obra.<\/p>\n<p>Durante la obra se proyecta un v\u00eddeo en el que participa la propia<strong>&nbsp;Rosario Domingo Sebasti\u00e1n,<\/strong>&nbsp;hoy con 93 a\u00f1os, en la que narra su vida y alienta a las alumnas del centro a que dediquen su vida a algo tan apasionante como es la ciencia.<\/p>\n<p>Entre las cient\u00edficas caracterizadas se encontraban&nbsp;<strong>Madame Curie<\/strong>, \u00fanica persona en la historia con dos premios Nobel,<strong>&nbsp;Sofia Kovaleskaya<\/strong>, primera profesora matem\u00e1tica,&nbsp;<strong>Matilde Ucelay<\/strong>, primera arquitecta espa\u00f1ola o&nbsp;<strong>Ada Lovelace<\/strong>, primera programadora del mundo, personajes que eran explicados por las diferentes alumnas al resto de la comunidad educativa.<\/p>\n<p>La actividad, que convierte al alumnado en parte activa de su propio aprendizaje, tiene el objetivo de visibilizar el papel de las mujeres cient\u00edficas a lo largo de la historia, as\u00ed como de romper con el estereotipo de la vinculaci\u00f3n exclusiva de la ciencia al mundo masculino, haciendo especial hincapi\u00e9 en la creaci\u00f3n de una conciencia igualitaria en el \u00e1mbito acad\u00e9mico y educativo, tomando como base la ruptura de estos esquemas estereotipados y la concienciaci\u00f3n de las propias alumnas en su toma de decisiones, todo ello acompa\u00f1ado con la adquisici\u00f3n de destrezas de comunicaci\u00f3n y teatrales.<\/p>\n<p><a href=\"https:\/\/blogsaverroes.juntadeandalucia.es\/iesfranciscorodriguezmarin\/files\/2024\/11\/no-more.jpg\"><img loading=\"lazy\" decoding=\"async\" class=\"aligncenter size-full wp-image-12322\" src=\"https:\/\/blogsaverroes.juntadeandalucia.es\/iesfranciscorodriguezmarin\/files\/2024\/11\/no-more.jpg\" alt=\"\" width=\"801\" height=\"387\" srcset=\"https:\/\/blogsaverroes.juntadeandalucia.es\/iesfranciscorodriguezmarin\/files\/2024\/11\/no-more.jpg 801w, https:\/\/blogsaverroes.juntadeandalucia.es\/iesfranciscorodriguezmarin\/files\/2024\/11\/no-more-300x145.jpg 300w, https:\/\/blogsaverroes.juntadeandalucia.es\/iesfranciscorodriguezmarin\/files\/2024\/11\/no-more-768x371.jpg 768w\" sizes=\"(max-width: 801px) 100vw, 801px\" \/><\/a><\/p>\n","protected":false},"excerpt":{"rendered":"<p>La obra de teatro escolar \u201cNo more Matildas. Dale la vuelta a la foto\u201d del IES Francisco Rodr\u00edguez Mar\u00edn de Osuna consigue el primer premio en la XXV edici\u00f3n del concurso internacional Ciencia en Acci\u00f3n, organizado por la Red innpulso&#46;&#46;&#46;<\/p>\n","protected":false},"author":2333,"featured_media":9947,"comment_status":"closed","ping_status":"open","sticky":false,"template":"","format":"standard","meta":{"ngg_post_thumbnail":0,"footnotes":""},"categories":[926],"tags":[],"aioseo_notices":[],"_links":{"self":[{"href":"https:\/\/blogsaverroes.juntadeandalucia.es\/iesfranciscorodriguezmarin\/index.php?rest_route=\/wp\/v2\/posts\/12321"}],"collection":[{"href":"https:\/\/blogsaverroes.juntadeandalucia.es\/iesfranciscorodriguezmarin\/index.php?rest_route=\/wp\/v2\/posts"}],"about":[{"href":"https:\/\/blogsaverroes.juntadeandalucia.es\/iesfranciscorodriguezmarin\/index.php?rest_route=\/wp\/v2\/types\/post"}],"author":[{"embeddable":true,"href":"https:\/\/blogsaverroes.juntadeandalucia.es\/iesfranciscorodriguezmarin\/index.php?rest_route=\/wp\/v2\/users\/2333"}],"replies":[{"embeddable":true,"href":"https:\/\/blogsaverroes.juntadeandalucia.es\/iesfranciscorodriguezmarin\/index.php?rest_route=%2Fwp%2Fv2%2Fcomments&post=12321"}],"version-history":[{"count":1,"href":"https:\/\/blogsaverroes.juntadeandalucia.es\/iesfranciscorodriguezmarin\/index.php?rest_route=\/wp\/v2\/posts\/12321\/revisions"}],"predecessor-version":[{"id":12323,"href":"https:\/\/blogsaverroes.juntadeandalucia.es\/iesfranciscorodriguezmarin\/index.php?rest_route=\/wp\/v2\/posts\/12321\/revisions\/12323"}],"wp:featuredmedia":[{"embeddable":true,"href":"https:\/\/blogsaverroes.juntadeandalucia.es\/iesfranciscorodriguezmarin\/index.php?rest_route=\/wp\/v2\/media\/9947"}],"wp:attachment":[{"href":"https:\/\/blogsaverroes.juntadeandalucia.es\/iesfranciscorodriguezmarin\/index.php?rest_route=%2Fwp%2Fv2%2Fmedia&parent=12321"}],"wp:term":[{"taxonomy":"category","embeddable":true,"href":"https:\/\/blogsaverroes.juntadeandalucia.es\/iesfranciscorodriguezmarin\/index.php?rest_route=%2Fwp%2Fv2%2Fcategories&post=12321"},{"taxonomy":"post_tag","embeddable":true,"href":"https:\/\/blogsaverroes.juntadeandalucia.es\/iesfranciscorodriguezmarin\/index.php?rest_route=%2Fwp%2Fv2%2Ftags&post=12321"}],"curies":[{"name":"wp","href":"https:\/\/api.w.org\/{rel}","templated":true}]}}