{"id":12341,"date":"2024-12-05T11:16:16","date_gmt":"2024-12-05T11:16:16","guid":{"rendered":"https:\/\/blogsaverroes.juntadeandalucia.es\/iesfranciscorodriguezmarin\/?p=12341"},"modified":"2024-12-05T11:36:18","modified_gmt":"2024-12-05T11:36:18","slug":"el-alumnado-de-4o-de-eso-aprende-a-controlar-la-ansiedad-gracias-a-tecnicas-como-la-meditacion","status":"publish","type":"post","link":"https:\/\/blogsaverroes.juntadeandalucia.es\/iesfranciscorodriguezmarin\/?p=12341","title":{"rendered":"EL ALUMNADO DE 4\u00ba DE ESO APRENDE A CONTROLAR LA ANSIEDAD GRACIAS A T\u00c9CNICAS COMO LA MEDITACI\u00d3N"},"content":{"rendered":"<p style=\"text-align: justify\">El alumnado de 4\u00ba de ESO del IES <em>Francisco Rodr\u00edguez Mar\u00edn<\/em> ha recibido un taller para la gesti\u00f3n de la ansiedad de la mano de nuestra enfermera de referencia Ana Isabel Pliego. Durante ese tiempo, los j\u00f3venes han podido aprender t\u00e9cnicas de meditaci\u00f3n y f\u00f3rmulas para minimizar el malestar que les puede ocasionar situaciones dif\u00edciles de resolver como los ex\u00e1menes o las notas.<\/p>\n<p style=\"text-align: justify\">Y es que la ansiedad no es m\u00e1s que una respuesta emocional natural del cuerpo, que nos avisa que algo est\u00e1 mal, con lo cual la ansiedad, de alguna forma, busca protegernos del peligro. En medidas justas es buena y es necesaria, pero cuando se torna excesiva y nos provoca huir de ciertas situaciones porque no sabemos c\u00f3mo resolverlas, se torna en problema.<\/p>\n<p style=\"text-align: justify\">Si existe una forma sencilla de definir la ansiedad es el temor a que algo malo suceda. Esto conlleva una serie de s\u00edntomas f\u00edsicos y emocionales relacionados a lo que suponemos que va a salir mal y no controlamos. Cuando se presenta de esta manera, la ansiedad se torna un problema, pues en el intento de querer evitar que algo malo suceda, hace que surjan s\u00edntomas que no nos dejan pensar con claridad y que, de hecho, evitan que actuemos correctamente.<\/p>\n<p style=\"text-align: justify\">Gracias a las t\u00e9cnicas ofrecidas por nuestra enfermera, el alumnado ha practicado la meditaci\u00f3n durante la sesi\u00f3n y ha logrado hacerse con herramientas b\u00e1sicas para combatirla en caso de tornarse en inconveniente y malestar. Su \u00e9xito har\u00e1 que este taller se traslade en breve a otros niveles como 2\u00ba de bachillerato.<\/p>\n\n\t\t<style>\n\t\t\t#gallery-1 {\n\t\t\t\tmargin: auto;\n\t\t\t}\n\t\t\t#gallery-1 .gallery-item {\n\t\t\t\tfloat: left;\n\t\t\t\tmargin-top: 10px;\n\t\t\t\ttext-align: center;\n\t\t\t\twidth: 33%;\n\t\t\t}\n\t\t\t#gallery-1 img {\n\t\t\t\tborder: 2px solid #cfcfcf;\n\t\t\t}\n\t\t\t#gallery-1 .gallery-caption {\n\t\t\t\tmargin-left: 0;\n\t\t\t}\n\t\t\t\/* see gallery_shortcode() in wp-includes\/media.php *\/\n\t\t<\/style>\n\t\t<div id='gallery-1' class='gallery galleryid-12341 gallery-columns-3 gallery-size-medium'><dl class='gallery-item'>\n\t\t\t<dt class='gallery-icon landscape'>\n\t\t\t\t<a href='https:\/\/blogsaverroes.juntadeandalucia.es\/iesfranciscorodriguezmarin\/?attachment_id=12344'><img loading=\"lazy\" decoding=\"async\" width=\"300\" height=\"225\" src=\"https:\/\/blogsaverroes.juntadeandalucia.es\/iesfranciscorodriguezmarin\/files\/2024\/12\/WhatsApp-Image-2024-12-05-at-09.23.03-300x225.jpeg\" class=\"attachment-medium size-medium\" alt=\"\" srcset=\"https:\/\/blogsaverroes.juntadeandalucia.es\/iesfranciscorodriguezmarin\/files\/2024\/12\/WhatsApp-Image-2024-12-05-at-09.23.03-300x225.jpeg 300w, https:\/\/blogsaverroes.juntadeandalucia.es\/iesfranciscorodriguezmarin\/files\/2024\/12\/WhatsApp-Image-2024-12-05-at-09.23.03-1024x768.jpeg 1024w, https:\/\/blogsaverroes.juntadeandalucia.es\/iesfranciscorodriguezmarin\/files\/2024\/12\/WhatsApp-Image-2024-12-05-at-09.23.03-768x576.jpeg 768w, https:\/\/blogsaverroes.juntadeandalucia.es\/iesfranciscorodriguezmarin\/files\/2024\/12\/WhatsApp-Image-2024-12-05-at-09.23.03-1536x1152.jpeg 1536w, https:\/\/blogsaverroes.juntadeandalucia.es\/iesfranciscorodriguezmarin\/files\/2024\/12\/WhatsApp-Image-2024-12-05-at-09.23.03.jpeg 1600w\" sizes=\"(max-width: 300px) 100vw, 300px\" \/><\/a>\n\t\t\t<\/dt><\/dl><dl class='gallery-item'>\n\t\t\t<dt class='gallery-icon landscape'>\n\t\t\t\t<a href='https:\/\/blogsaverroes.juntadeandalucia.es\/iesfranciscorodriguezmarin\/?attachment_id=12343'><img loading=\"lazy\" decoding=\"async\" width=\"300\" height=\"225\" src=\"https:\/\/blogsaverroes.juntadeandalucia.es\/iesfranciscorodriguezmarin\/files\/2024\/12\/WhatsApp-Image-2024-12-05-at-09.24.00-300x225.jpeg\" class=\"attachment-medium size-medium\" alt=\"\" srcset=\"https:\/\/blogsaverroes.juntadeandalucia.es\/iesfranciscorodriguezmarin\/files\/2024\/12\/WhatsApp-Image-2024-12-05-at-09.24.00-300x225.jpeg 300w, https:\/\/blogsaverroes.juntadeandalucia.es\/iesfranciscorodriguezmarin\/files\/2024\/12\/WhatsApp-Image-2024-12-05-at-09.24.00-1024x768.jpeg 1024w, https:\/\/blogsaverroes.juntadeandalucia.es\/iesfranciscorodriguezmarin\/files\/2024\/12\/WhatsApp-Image-2024-12-05-at-09.24.00-768x576.jpeg 768w, https:\/\/blogsaverroes.juntadeandalucia.es\/iesfranciscorodriguezmarin\/files\/2024\/12\/WhatsApp-Image-2024-12-05-at-09.24.00-1536x1152.jpeg 1536w, https:\/\/blogsaverroes.juntadeandalucia.es\/iesfranciscorodriguezmarin\/files\/2024\/12\/WhatsApp-Image-2024-12-05-at-09.24.00.jpeg 1600w\" sizes=\"(max-width: 300px) 100vw, 300px\" \/><\/a>\n\t\t\t<\/dt><\/dl><dl class='gallery-item'>\n\t\t\t<dt class='gallery-icon landscape'>\n\t\t\t\t<a href='https:\/\/blogsaverroes.juntadeandalucia.es\/iesfranciscorodriguezmarin\/?attachment_id=12342'><img loading=\"lazy\" decoding=\"async\" width=\"300\" height=\"225\" src=\"https:\/\/blogsaverroes.juntadeandalucia.es\/iesfranciscorodriguezmarin\/files\/2024\/12\/WhatsApp-Image-2024-12-05-at-09.24.07-300x225.jpeg\" class=\"attachment-medium size-medium\" alt=\"\" srcset=\"https:\/\/blogsaverroes.juntadeandalucia.es\/iesfranciscorodriguezmarin\/files\/2024\/12\/WhatsApp-Image-2024-12-05-at-09.24.07-300x225.jpeg 300w, https:\/\/blogsaverroes.juntadeandalucia.es\/iesfranciscorodriguezmarin\/files\/2024\/12\/WhatsApp-Image-2024-12-05-at-09.24.07-1024x768.jpeg 1024w, https:\/\/blogsaverroes.juntadeandalucia.es\/iesfranciscorodriguezmarin\/files\/2024\/12\/WhatsApp-Image-2024-12-05-at-09.24.07-768x576.jpeg 768w, https:\/\/blogsaverroes.juntadeandalucia.es\/iesfranciscorodriguezmarin\/files\/2024\/12\/WhatsApp-Image-2024-12-05-at-09.24.07-1536x1152.jpeg 1536w, https:\/\/blogsaverroes.juntadeandalucia.es\/iesfranciscorodriguezmarin\/files\/2024\/12\/WhatsApp-Image-2024-12-05-at-09.24.07.jpeg 1600w\" sizes=\"(max-width: 300px) 100vw, 300px\" \/><\/a>\n\t\t\t<\/dt><\/dl><br style=\"clear: both\" \/>\n\t\t<\/div>\n\n","protected":false},"excerpt":{"rendered":"<p>El alumnado de 4\u00ba de ESO del IES Francisco Rodr\u00edguez Mar\u00edn ha recibido un taller para la gesti\u00f3n de la ansiedad de la mano de nuestra enfermera de referencia Ana Isabel Pliego. Durante ese tiempo, los j\u00f3venes han podido aprender&#46;&#46;&#46;<\/p>\n","protected":false},"author":2333,"featured_media":12346,"comment_status":"closed","ping_status":"open","sticky":false,"template":"","format":"standard","meta":{"ngg_post_thumbnail":0,"footnotes":""},"categories":[1854613],"tags":[],"aioseo_notices":[],"_links":{"self":[{"href":"https:\/\/blogsaverroes.juntadeandalucia.es\/iesfranciscorodriguezmarin\/index.php?rest_route=\/wp\/v2\/posts\/12341"}],"collection":[{"href":"https:\/\/blogsaverroes.juntadeandalucia.es\/iesfranciscorodriguezmarin\/index.php?rest_route=\/wp\/v2\/posts"}],"about":[{"href":"https:\/\/blogsaverroes.juntadeandalucia.es\/iesfranciscorodriguezmarin\/index.php?rest_route=\/wp\/v2\/types\/post"}],"author":[{"embeddable":true,"href":"https:\/\/blogsaverroes.juntadeandalucia.es\/iesfranciscorodriguezmarin\/index.php?rest_route=\/wp\/v2\/users\/2333"}],"replies":[{"embeddable":true,"href":"https:\/\/blogsaverroes.juntadeandalucia.es\/iesfranciscorodriguezmarin\/index.php?rest_route=%2Fwp%2Fv2%2Fcomments&post=12341"}],"version-history":[{"count":1,"href":"https:\/\/blogsaverroes.juntadeandalucia.es\/iesfranciscorodriguezmarin\/index.php?rest_route=\/wp\/v2\/posts\/12341\/revisions"}],"predecessor-version":[{"id":12345,"href":"https:\/\/blogsaverroes.juntadeandalucia.es\/iesfranciscorodriguezmarin\/index.php?rest_route=\/wp\/v2\/posts\/12341\/revisions\/12345"}],"wp:featuredmedia":[{"embeddable":true,"href":"https:\/\/blogsaverroes.juntadeandalucia.es\/iesfranciscorodriguezmarin\/index.php?rest_route=\/wp\/v2\/media\/12346"}],"wp:attachment":[{"href":"https:\/\/blogsaverroes.juntadeandalucia.es\/iesfranciscorodriguezmarin\/index.php?rest_route=%2Fwp%2Fv2%2Fmedia&parent=12341"}],"wp:term":[{"taxonomy":"category","embeddable":true,"href":"https:\/\/blogsaverroes.juntadeandalucia.es\/iesfranciscorodriguezmarin\/index.php?rest_route=%2Fwp%2Fv2%2Fcategories&post=12341"},{"taxonomy":"post_tag","embeddable":true,"href":"https:\/\/blogsaverroes.juntadeandalucia.es\/iesfranciscorodriguezmarin\/index.php?rest_route=%2Fwp%2Fv2%2Ftags&post=12341"}],"curies":[{"name":"wp","href":"https:\/\/api.w.org\/{rel}","templated":true}]}}