{"id":12422,"date":"2025-02-12T11:23:48","date_gmt":"2025-02-12T11:23:48","guid":{"rendered":"https:\/\/blogsaverroes.juntadeandalucia.es\/iesfranciscorodriguezmarin\/?p=12422"},"modified":"2025-02-12T11:24:24","modified_gmt":"2025-02-12T11:24:24","slug":"jornada-de-puertas-abiertas-conoce-nuestro-centro","status":"publish","type":"post","link":"https:\/\/blogsaverroes.juntadeandalucia.es\/iesfranciscorodriguezmarin\/?p=12422","title":{"rendered":"JORNADA DE PUERTAS ABIERTAS: \u00a1Conoce nuestro centro!"},"content":{"rendered":"<p style=\"text-align: justify\">El pr\u00f3ximo lunes 24 de febrero, a las 5 de la tarde, celebraremos nuestra Jornada de Puertas Abiertas. Recibiremos, en esta ocasi\u00f3n, la visita de las familias y tutores del alumnado de 6\u00ba de primaria y de 2\u00ba de ESO de Aguadulce. Ser\u00e1n informados de nuestra oferta educativa, nuestra vida escolar, las metodolog\u00edas de ense\u00f1anza-aprendizaje, los planes y proyectos educativos que llevamos a cabo.<\/p>\n<p><img loading=\"lazy\" decoding=\"async\" class=\"size-medium wp-image-12423 aligncenter\" src=\"https:\/\/blogsaverroes.juntadeandalucia.es\/iesfranciscorodriguezmarin\/files\/2025\/02\/DF-JORNADA-DE-PUERTAS-ABIERTAS-6o-EP-y-Aguadulce-212x300.png\" alt=\"\" width=\"212\" height=\"300\" srcset=\"https:\/\/blogsaverroes.juntadeandalucia.es\/iesfranciscorodriguezmarin\/files\/2025\/02\/DF-JORNADA-DE-PUERTAS-ABIERTAS-6o-EP-y-Aguadulce-212x300.png 212w, https:\/\/blogsaverroes.juntadeandalucia.es\/iesfranciscorodriguezmarin\/files\/2025\/02\/DF-JORNADA-DE-PUERTAS-ABIERTAS-6o-EP-y-Aguadulce-724x1024.png 724w, https:\/\/blogsaverroes.juntadeandalucia.es\/iesfranciscorodriguezmarin\/files\/2025\/02\/DF-JORNADA-DE-PUERTAS-ABIERTAS-6o-EP-y-Aguadulce-768x1086.png 768w, https:\/\/blogsaverroes.juntadeandalucia.es\/iesfranciscorodriguezmarin\/files\/2025\/02\/DF-JORNADA-DE-PUERTAS-ABIERTAS-6o-EP-y-Aguadulce-1086x1536.png 1086w, https:\/\/blogsaverroes.juntadeandalucia.es\/iesfranciscorodriguezmarin\/files\/2025\/02\/DF-JORNADA-DE-PUERTAS-ABIERTAS-6o-EP-y-Aguadulce-1448x2048.png 1448w, https:\/\/blogsaverroes.juntadeandalucia.es\/iesfranciscorodriguezmarin\/files\/2025\/02\/DF-JORNADA-DE-PUERTAS-ABIERTAS-6o-EP-y-Aguadulce.png 1587w\" sizes=\"(max-width: 212px) 100vw, 212px\" \/><\/p>\n","protected":false},"excerpt":{"rendered":"<p>El pr\u00f3ximo lunes 24 de febrero, a las 5 de la tarde, celebraremos nuestra Jornada de Puertas Abiertas. Recibiremos, en esta ocasi\u00f3n, la visita de las familias y tutores del alumnado de 6\u00ba de primaria y de 2\u00ba de ESO&#46;&#46;&#46;<\/p>\n","protected":false},"author":2333,"featured_media":12423,"comment_status":"closed","ping_status":"open","sticky":false,"template":"","format":"standard","meta":{"ngg_post_thumbnail":0,"footnotes":""},"categories":[926],"tags":[],"aioseo_notices":[],"_links":{"self":[{"href":"https:\/\/blogsaverroes.juntadeandalucia.es\/iesfranciscorodriguezmarin\/index.php?rest_route=\/wp\/v2\/posts\/12422"}],"collection":[{"href":"https:\/\/blogsaverroes.juntadeandalucia.es\/iesfranciscorodriguezmarin\/index.php?rest_route=\/wp\/v2\/posts"}],"about":[{"href":"https:\/\/blogsaverroes.juntadeandalucia.es\/iesfranciscorodriguezmarin\/index.php?rest_route=\/wp\/v2\/types\/post"}],"author":[{"embeddable":true,"href":"https:\/\/blogsaverroes.juntadeandalucia.es\/iesfranciscorodriguezmarin\/index.php?rest_route=\/wp\/v2\/users\/2333"}],"replies":[{"embeddable":true,"href":"https:\/\/blogsaverroes.juntadeandalucia.es\/iesfranciscorodriguezmarin\/index.php?rest_route=%2Fwp%2Fv2%2Fcomments&post=12422"}],"version-history":[{"count":2,"href":"https:\/\/blogsaverroes.juntadeandalucia.es\/iesfranciscorodriguezmarin\/index.php?rest_route=\/wp\/v2\/posts\/12422\/revisions"}],"predecessor-version":[{"id":12425,"href":"https:\/\/blogsaverroes.juntadeandalucia.es\/iesfranciscorodriguezmarin\/index.php?rest_route=\/wp\/v2\/posts\/12422\/revisions\/12425"}],"wp:featuredmedia":[{"embeddable":true,"href":"https:\/\/blogsaverroes.juntadeandalucia.es\/iesfranciscorodriguezmarin\/index.php?rest_route=\/wp\/v2\/media\/12423"}],"wp:attachment":[{"href":"https:\/\/blogsaverroes.juntadeandalucia.es\/iesfranciscorodriguezmarin\/index.php?rest_route=%2Fwp%2Fv2%2Fmedia&parent=12422"}],"wp:term":[{"taxonomy":"category","embeddable":true,"href":"https:\/\/blogsaverroes.juntadeandalucia.es\/iesfranciscorodriguezmarin\/index.php?rest_route=%2Fwp%2Fv2%2Fcategories&post=12422"},{"taxonomy":"post_tag","embeddable":true,"href":"https:\/\/blogsaverroes.juntadeandalucia.es\/iesfranciscorodriguezmarin\/index.php?rest_route=%2Fwp%2Fv2%2Ftags&post=12422"}],"curies":[{"name":"wp","href":"https:\/\/api.w.org\/{rel}","templated":true}]}}