{"id":12442,"date":"2025-02-14T13:04:47","date_gmt":"2025-02-14T13:04:47","guid":{"rendered":"https:\/\/blogsaverroes.juntadeandalucia.es\/iesfranciscorodriguezmarin\/?p=12442"},"modified":"2025-02-14T13:04:47","modified_gmt":"2025-02-14T13:04:47","slug":"apostando-en-nuestro-centro-por-las-matematicas-y-la-estadistica","status":"publish","type":"post","link":"https:\/\/blogsaverroes.juntadeandalucia.es\/iesfranciscorodriguezmarin\/?p=12442","title":{"rendered":"APOSTANDO EN NUESTRO CENTRO POR LAS MATEM\u00c1TICAS Y LA ESTAD\u00cdSTICA"},"content":{"rendered":"<p style=\"text-align: justify\">En una apuesta clara por las Matem\u00e1ticas y la Estad\u00edstica y el fomento de las mismas entre el alumnado, desde nuestro centro, el IES <em>Francisco Rodr\u00edguez Mar\u00edn<\/em>, queremos compartir con nuestra comunidad educativa la alegr\u00eda y satisfacci\u00f3n que nos produce tener 6 grupos de 1\u00ba de Bachillerato, liderados por su profesor Miguel \u00c1ngel Garc\u00eda, y 7 grupos de 2\u00ba de bachillerato, guiados por Margarita Rodr\u00edguez, que han superado la <strong>1\u00aa fase nacional de la Competici\u00f3n Estad\u00edstica Europea.<\/strong><\/p>\n<p style=\"text-align: justify\">Son destacables, adem\u00e1s, dos datos: que todo un grupo completo de 2\u00ba bachillerato haya logrado el ascenso a la siguiente fase, y que el grupo con mayor puntuaci\u00f3n de todos sea el tercer clasificado en la provincia de Sevilla.<\/p>\n<p style=\"text-align: justify\">Promovida por la Oficina europea de estad\u00edstica, Eurostat, y los institutos de estad\u00edstica de varios pa\u00edses europeos, esta competici\u00f3n ha logrado tener en nuestro centro una acogida muy positiva, una iniciativa que introduce nociones de estad\u00edstica y mejora, significativamente, el proceso de ense\u00f1anza-aprendizaje del alumnado.<\/p>\n<p style=\"text-align: justify\">A todos ellos, nuestra m\u00e1s sincera enhorabuena y nuestro \u00e1nimo para las siguientes fases, en las que estaremos acompa\u00f1\u00e1ndolos, como siempre, en esta apuesta del centro por seguir impulsando las matem\u00e1ticas y la participaci\u00f3n de nuestro alumnado en estas competiciones, que siguen reforzando nuestras se\u00f1as de identidad.&nbsp;<\/p>\n<p><img loading=\"lazy\" decoding=\"async\" class=\"aligncenter size-medium wp-image-12443\" src=\"https:\/\/blogsaverroes.juntadeandalucia.es\/iesfranciscorodriguezmarin\/files\/2025\/02\/IMG-20250214-WA0001-300x225.jpg\" alt=\"\" width=\"300\" height=\"225\" srcset=\"https:\/\/blogsaverroes.juntadeandalucia.es\/iesfranciscorodriguezmarin\/files\/2025\/02\/IMG-20250214-WA0001-300x225.jpg 300w, https:\/\/blogsaverroes.juntadeandalucia.es\/iesfranciscorodriguezmarin\/files\/2025\/02\/IMG-20250214-WA0001-1024x768.jpg 1024w, https:\/\/blogsaverroes.juntadeandalucia.es\/iesfranciscorodriguezmarin\/files\/2025\/02\/IMG-20250214-WA0001-768x576.jpg 768w, https:\/\/blogsaverroes.juntadeandalucia.es\/iesfranciscorodriguezmarin\/files\/2025\/02\/IMG-20250214-WA0001-1536x1152.jpg 1536w, https:\/\/blogsaverroes.juntadeandalucia.es\/iesfranciscorodriguezmarin\/files\/2025\/02\/IMG-20250214-WA0001.jpg 1600w\" sizes=\"(max-width: 300px) 100vw, 300px\" \/><\/p>\n","protected":false},"excerpt":{"rendered":"<p>En una apuesta clara por las Matem\u00e1ticas y la Estad\u00edstica y el fomento de las mismas entre el alumnado, desde nuestro centro, el IES Francisco Rodr\u00edguez Mar\u00edn, queremos compartir con nuestra comunidad educativa la alegr\u00eda y satisfacci\u00f3n que nos produce&#46;&#46;&#46;<\/p>\n","protected":false},"author":2333,"featured_media":12444,"comment_status":"closed","ping_status":"open","sticky":false,"template":"","format":"standard","meta":{"ngg_post_thumbnail":0,"footnotes":""},"categories":[926],"tags":[],"aioseo_notices":[],"_links":{"self":[{"href":"https:\/\/blogsaverroes.juntadeandalucia.es\/iesfranciscorodriguezmarin\/index.php?rest_route=\/wp\/v2\/posts\/12442"}],"collection":[{"href":"https:\/\/blogsaverroes.juntadeandalucia.es\/iesfranciscorodriguezmarin\/index.php?rest_route=\/wp\/v2\/posts"}],"about":[{"href":"https:\/\/blogsaverroes.juntadeandalucia.es\/iesfranciscorodriguezmarin\/index.php?rest_route=\/wp\/v2\/types\/post"}],"author":[{"embeddable":true,"href":"https:\/\/blogsaverroes.juntadeandalucia.es\/iesfranciscorodriguezmarin\/index.php?rest_route=\/wp\/v2\/users\/2333"}],"replies":[{"embeddable":true,"href":"https:\/\/blogsaverroes.juntadeandalucia.es\/iesfranciscorodriguezmarin\/index.php?rest_route=%2Fwp%2Fv2%2Fcomments&post=12442"}],"version-history":[{"count":1,"href":"https:\/\/blogsaverroes.juntadeandalucia.es\/iesfranciscorodriguezmarin\/index.php?rest_route=\/wp\/v2\/posts\/12442\/revisions"}],"predecessor-version":[{"id":12445,"href":"https:\/\/blogsaverroes.juntadeandalucia.es\/iesfranciscorodriguezmarin\/index.php?rest_route=\/wp\/v2\/posts\/12442\/revisions\/12445"}],"wp:featuredmedia":[{"embeddable":true,"href":"https:\/\/blogsaverroes.juntadeandalucia.es\/iesfranciscorodriguezmarin\/index.php?rest_route=\/wp\/v2\/media\/12444"}],"wp:attachment":[{"href":"https:\/\/blogsaverroes.juntadeandalucia.es\/iesfranciscorodriguezmarin\/index.php?rest_route=%2Fwp%2Fv2%2Fmedia&parent=12442"}],"wp:term":[{"taxonomy":"category","embeddable":true,"href":"https:\/\/blogsaverroes.juntadeandalucia.es\/iesfranciscorodriguezmarin\/index.php?rest_route=%2Fwp%2Fv2%2Fcategories&post=12442"},{"taxonomy":"post_tag","embeddable":true,"href":"https:\/\/blogsaverroes.juntadeandalucia.es\/iesfranciscorodriguezmarin\/index.php?rest_route=%2Fwp%2Fv2%2Ftags&post=12442"}],"curies":[{"name":"wp","href":"https:\/\/api.w.org\/{rel}","templated":true}]}}