{"id":12509,"date":"2025-03-24T16:59:45","date_gmt":"2025-03-24T16:59:45","guid":{"rendered":"https:\/\/blogsaverroes.juntadeandalucia.es\/iesfranciscorodriguezmarin\/?p=12509"},"modified":"2025-03-24T16:59:45","modified_gmt":"2025-03-24T16:59:45","slug":"el-ies-francisco-rodriguez-marin-apuesta-por-los-viajes-culturales-que-enriquecen-la-vida-educativa-del-alumnado","status":"publish","type":"post","link":"https:\/\/blogsaverroes.juntadeandalucia.es\/iesfranciscorodriguezmarin\/?p=12509","title":{"rendered":"EL IES FRANCISCO RODR\u00cdGUEZ MAR\u00cdN APUESTA POR LOS VIAJES CULTURALES QUE ENRIQUECEN LA VIDA EDUCATIVA DEL ALUMNADO"},"content":{"rendered":"<p style=\"text-align: justify\">Durante el mes de marzo, han sido muchas las propuestas educativas que el IES <em>Francisco Rodr\u00edguez Mar\u00edn<\/em> ha ofertado a su alumnado para ampliar su proceso de ense\u00f1anza-aprendizaje, actividades extraescolares que fomentan la convivencia y enriquecen la vida persona y educativa de nuestros j\u00f3venes.<\/p>\n<p style=\"text-align: justify\">En primer lugar, nuestros alumnos de la secci\u00f3n biling\u00fce de 1\u00ba de Bachillerato viajaron la primera semana de marzo a Par\u00eds dentro de una inmersi\u00f3n ling\u00fc\u00edstica ofertada por el dpto. de Franc\u00e9s. Los j\u00f3venes pudieron conocer, de primera mano, la cultura francesa y visitar monumentos tan emblem\u00e1ticos de la capital como la Torre Eiffel, el museo del Louvre, Montmartre, Notre Dame e incluso viajar por el Sena, una oportunidad que les ha permitido ampliar sus fronteras y entrar en contacto con este idioma.<\/p>\n<p style=\"text-align: justify\">Madrid fue la ciudad elegida por el alumnado de 2\u00ba de Bachillerato en una apuesta del dpto. de Historia por que los j\u00f3venes conocieran las grandes obras del Museo del Prado, y monumentos de tanto calado en nuestro pa\u00eds como el Palacio Real, el Congreso, la Puerta del Sol o la Plaza Mayor. Durante estos d\u00edas, han podido pasear por las calles madrile\u00f1as y sumergirse en las sublimes obras de arte de los mejores museos de la capital.<\/p>\n<p style=\"text-align: justify\">Por \u00faltimo, los alumnos de 2\u00ba del ciclo formativo de Aplicaciones Multiplataforma se desplazaron hasta Budapest para conocer su Parlamento, la \u00d3pera o la Plaza de los H\u00e9roes. Durante la estancia, los j\u00f3venes han disfrutado y compartido vivencias, aprendizajes y experiencias culturales en esta maravillosa ciudad.&nbsp;<\/p>\n<p style=\"text-align: justify\">En definitiva, un mes cargado de actividades y viajes culturales que forman parte de la apuesta constante del <em>IES Francisco Rodr\u00edguez Mar<\/em>\u00edn por ofrecer a nuestro alumnado una educaci\u00f3n integral que les ayude a mejorar y a hacer m\u00e1s completo su proceso de ense\u00f1anza- aprendizaje.<\/p>\n\n\t\t<style>\n\t\t\t#gallery-1 {\n\t\t\t\tmargin: auto;\n\t\t\t}\n\t\t\t#gallery-1 .gallery-item {\n\t\t\t\tfloat: left;\n\t\t\t\tmargin-top: 10px;\n\t\t\t\ttext-align: center;\n\t\t\t\twidth: 50%;\n\t\t\t}\n\t\t\t#gallery-1 img {\n\t\t\t\tborder: 2px solid #cfcfcf;\n\t\t\t}\n\t\t\t#gallery-1 .gallery-caption {\n\t\t\t\tmargin-left: 0;\n\t\t\t}\n\t\t\t\/* see gallery_shortcode() in wp-includes\/media.php *\/\n\t\t<\/style>\n\t\t<div id='gallery-1' class='gallery galleryid-12509 gallery-columns-2 gallery-size-medium'><dl class='gallery-item'>\n\t\t\t<dt class='gallery-icon portrait'>\n\t\t\t\t<a href='https:\/\/blogsaverroes.juntadeandalucia.es\/iesfranciscorodriguezmarin\/?attachment_id=12514'><img loading=\"lazy\" decoding=\"async\" width=\"225\" height=\"300\" src=\"https:\/\/blogsaverroes.juntadeandalucia.es\/iesfranciscorodriguezmarin\/files\/2025\/03\/pa2-225x300.jpg\" class=\"attachment-medium size-medium\" alt=\"\" aria-describedby=\"gallery-1-12514\" srcset=\"https:\/\/blogsaverroes.juntadeandalucia.es\/iesfranciscorodriguezmarin\/files\/2025\/03\/pa2-225x300.jpg 225w, https:\/\/blogsaverroes.juntadeandalucia.es\/iesfranciscorodriguezmarin\/files\/2025\/03\/pa2-768x1024.jpg 768w, https:\/\/blogsaverroes.juntadeandalucia.es\/iesfranciscorodriguezmarin\/files\/2025\/03\/pa2-1152x1536.jpg 1152w, https:\/\/blogsaverroes.juntadeandalucia.es\/iesfranciscorodriguezmarin\/files\/2025\/03\/pa2.jpg 1200w\" sizes=\"(max-width: 225px) 100vw, 225px\" \/><\/a>\n\t\t\t<\/dt>\n\t\t\t\t<dd class='wp-caption-text gallery-caption' id='gallery-1-12514'>\n\t\t\t\tPAR\u00cdS\n\t\t\t\t<\/dd><\/dl><dl class='gallery-item'>\n\t\t\t<dt class='gallery-icon landscape'>\n\t\t\t\t<a href='https:\/\/blogsaverroes.juntadeandalucia.es\/iesfranciscorodriguezmarin\/?attachment_id=12515'><img loading=\"lazy\" decoding=\"async\" width=\"300\" height=\"225\" src=\"https:\/\/blogsaverroes.juntadeandalucia.es\/iesfranciscorodriguezmarin\/files\/2025\/03\/pa3-300x225.jpg\" class=\"attachment-medium size-medium\" alt=\"\" aria-describedby=\"gallery-1-12515\" srcset=\"https:\/\/blogsaverroes.juntadeandalucia.es\/iesfranciscorodriguezmarin\/files\/2025\/03\/pa3-300x225.jpg 300w, https:\/\/blogsaverroes.juntadeandalucia.es\/iesfranciscorodriguezmarin\/files\/2025\/03\/pa3-1024x768.jpg 1024w, https:\/\/blogsaverroes.juntadeandalucia.es\/iesfranciscorodriguezmarin\/files\/2025\/03\/pa3-768x576.jpg 768w, https:\/\/blogsaverroes.juntadeandalucia.es\/iesfranciscorodriguezmarin\/files\/2025\/03\/pa3-1536x1152.jpg 1536w, https:\/\/blogsaverroes.juntadeandalucia.es\/iesfranciscorodriguezmarin\/files\/2025\/03\/pa3.jpg 1600w\" sizes=\"(max-width: 300px) 100vw, 300px\" \/><\/a>\n\t\t\t<\/dt>\n\t\t\t\t<dd class='wp-caption-text gallery-caption' id='gallery-1-12515'>\n\t\t\t\tPAR\u00cdS\n\t\t\t\t<\/dd><\/dl><br style=\"clear: both\" \/><dl class='gallery-item'>\n\t\t\t<dt class='gallery-icon landscape'>\n\t\t\t\t<a href='https:\/\/blogsaverroes.juntadeandalucia.es\/iesfranciscorodriguezmarin\/?attachment_id=12513'><img loading=\"lazy\" decoding=\"async\" width=\"300\" height=\"225\" src=\"https:\/\/blogsaverroes.juntadeandalucia.es\/iesfranciscorodriguezmarin\/files\/2025\/03\/ma2-300x225.jpg\" class=\"attachment-medium size-medium\" alt=\"\" aria-describedby=\"gallery-1-12513\" srcset=\"https:\/\/blogsaverroes.juntadeandalucia.es\/iesfranciscorodriguezmarin\/files\/2025\/03\/ma2-300x225.jpg 300w, https:\/\/blogsaverroes.juntadeandalucia.es\/iesfranciscorodriguezmarin\/files\/2025\/03\/ma2-1024x768.jpg 1024w, https:\/\/blogsaverroes.juntadeandalucia.es\/iesfranciscorodriguezmarin\/files\/2025\/03\/ma2-768x576.jpg 768w, https:\/\/blogsaverroes.juntadeandalucia.es\/iesfranciscorodriguezmarin\/files\/2025\/03\/ma2-1536x1152.jpg 1536w, https:\/\/blogsaverroes.juntadeandalucia.es\/iesfranciscorodriguezmarin\/files\/2025\/03\/ma2.jpg 1600w\" sizes=\"(max-width: 300px) 100vw, 300px\" \/><\/a>\n\t\t\t<\/dt>\n\t\t\t\t<dd class='wp-caption-text gallery-caption' id='gallery-1-12513'>\n\t\t\t\tMADRID\n\t\t\t\t<\/dd><\/dl><dl class='gallery-item'>\n\t\t\t<dt class='gallery-icon portrait'>\n\t\t\t\t<a href='https:\/\/blogsaverroes.juntadeandalucia.es\/iesfranciscorodriguezmarin\/?attachment_id=12512'><img loading=\"lazy\" decoding=\"async\" width=\"197\" height=\"300\" src=\"https:\/\/blogsaverroes.juntadeandalucia.es\/iesfranciscorodriguezmarin\/files\/2025\/03\/ma1-197x300.jpg\" class=\"attachment-medium size-medium\" alt=\"\" aria-describedby=\"gallery-1-12512\" srcset=\"https:\/\/blogsaverroes.juntadeandalucia.es\/iesfranciscorodriguezmarin\/files\/2025\/03\/ma1-197x300.jpg 197w, https:\/\/blogsaverroes.juntadeandalucia.es\/iesfranciscorodriguezmarin\/files\/2025\/03\/ma1-671x1024.jpg 671w, https:\/\/blogsaverroes.juntadeandalucia.es\/iesfranciscorodriguezmarin\/files\/2025\/03\/ma1-768x1173.jpg 768w, https:\/\/blogsaverroes.juntadeandalucia.es\/iesfranciscorodriguezmarin\/files\/2025\/03\/ma1-1006x1536.jpg 1006w, https:\/\/blogsaverroes.juntadeandalucia.es\/iesfranciscorodriguezmarin\/files\/2025\/03\/ma1.jpg 1048w\" sizes=\"(max-width: 197px) 100vw, 197px\" \/><\/a>\n\t\t\t<\/dt>\n\t\t\t\t<dd class='wp-caption-text gallery-caption' id='gallery-1-12512'>\n\t\t\t\tMADRID\n\t\t\t\t<\/dd><\/dl><br style=\"clear: both\" \/><dl class='gallery-item'>\n\t\t\t<dt class='gallery-icon portrait'>\n\t\t\t\t<a href='https:\/\/blogsaverroes.juntadeandalucia.es\/iesfranciscorodriguezmarin\/?attachment_id=12511'><img loading=\"lazy\" decoding=\"async\" width=\"225\" height=\"300\" src=\"https:\/\/blogsaverroes.juntadeandalucia.es\/iesfranciscorodriguezmarin\/files\/2025\/03\/bud2-225x300.jpg\" class=\"attachment-medium size-medium\" alt=\"\" aria-describedby=\"gallery-1-12511\" srcset=\"https:\/\/blogsaverroes.juntadeandalucia.es\/iesfranciscorodriguezmarin\/files\/2025\/03\/bud2-225x300.jpg 225w, https:\/\/blogsaverroes.juntadeandalucia.es\/iesfranciscorodriguezmarin\/files\/2025\/03\/bud2-768x1024.jpg 768w, https:\/\/blogsaverroes.juntadeandalucia.es\/iesfranciscorodriguezmarin\/files\/2025\/03\/bud2-1152x1536.jpg 1152w, https:\/\/blogsaverroes.juntadeandalucia.es\/iesfranciscorodriguezmarin\/files\/2025\/03\/bud2.jpg 1536w\" sizes=\"(max-width: 225px) 100vw, 225px\" \/><\/a>\n\t\t\t<\/dt>\n\t\t\t\t<dd class='wp-caption-text gallery-caption' id='gallery-1-12511'>\n\t\t\t\tBUDAPEST\n\t\t\t\t<\/dd><\/dl><dl class='gallery-item'>\n\t\t\t<dt class='gallery-icon landscape'>\n\t\t\t\t<a href='https:\/\/blogsaverroes.juntadeandalucia.es\/iesfranciscorodriguezmarin\/?attachment_id=12510'><img loading=\"lazy\" decoding=\"async\" width=\"300\" height=\"225\" src=\"https:\/\/blogsaverroes.juntadeandalucia.es\/iesfranciscorodriguezmarin\/files\/2025\/03\/bud1-300x225.jpg\" class=\"attachment-medium size-medium\" alt=\"\" aria-describedby=\"gallery-1-12510\" srcset=\"https:\/\/blogsaverroes.juntadeandalucia.es\/iesfranciscorodriguezmarin\/files\/2025\/03\/bud1-300x225.jpg 300w, https:\/\/blogsaverroes.juntadeandalucia.es\/iesfranciscorodriguezmarin\/files\/2025\/03\/bud1-1024x768.jpg 1024w, https:\/\/blogsaverroes.juntadeandalucia.es\/iesfranciscorodriguezmarin\/files\/2025\/03\/bud1-768x576.jpg 768w, https:\/\/blogsaverroes.juntadeandalucia.es\/iesfranciscorodriguezmarin\/files\/2025\/03\/bud1-1536x1152.jpg 1536w, https:\/\/blogsaverroes.juntadeandalucia.es\/iesfranciscorodriguezmarin\/files\/2025\/03\/bud1.jpg 1600w\" sizes=\"(max-width: 300px) 100vw, 300px\" \/><\/a>\n\t\t\t<\/dt>\n\t\t\t\t<dd class='wp-caption-text gallery-caption' id='gallery-1-12510'>\n\t\t\t\tBUDAPEST\n\t\t\t\t<\/dd><\/dl><br style=\"clear: both\" \/>\n\t\t<\/div>\n\n","protected":false},"excerpt":{"rendered":"<p>Durante el mes de marzo, han sido muchas las propuestas educativas que el IES Francisco Rodr\u00edguez Mar\u00edn ha ofertado a su alumnado para ampliar su proceso de ense\u00f1anza-aprendizaje, actividades extraescolares que fomentan la convivencia y enriquecen la vida persona y&#46;&#46;&#46;<\/p>\n","protected":false},"author":2333,"featured_media":12518,"comment_status":"closed","ping_status":"open","sticky":false,"template":"","format":"standard","meta":{"ngg_post_thumbnail":0,"footnotes":""},"categories":[33],"tags":[],"aioseo_notices":[],"_links":{"self":[{"href":"https:\/\/blogsaverroes.juntadeandalucia.es\/iesfranciscorodriguezmarin\/index.php?rest_route=\/wp\/v2\/posts\/12509"}],"collection":[{"href":"https:\/\/blogsaverroes.juntadeandalucia.es\/iesfranciscorodriguezmarin\/index.php?rest_route=\/wp\/v2\/posts"}],"about":[{"href":"https:\/\/blogsaverroes.juntadeandalucia.es\/iesfranciscorodriguezmarin\/index.php?rest_route=\/wp\/v2\/types\/post"}],"author":[{"embeddable":true,"href":"https:\/\/blogsaverroes.juntadeandalucia.es\/iesfranciscorodriguezmarin\/index.php?rest_route=\/wp\/v2\/users\/2333"}],"replies":[{"embeddable":true,"href":"https:\/\/blogsaverroes.juntadeandalucia.es\/iesfranciscorodriguezmarin\/index.php?rest_route=%2Fwp%2Fv2%2Fcomments&post=12509"}],"version-history":[{"count":1,"href":"https:\/\/blogsaverroes.juntadeandalucia.es\/iesfranciscorodriguezmarin\/index.php?rest_route=\/wp\/v2\/posts\/12509\/revisions"}],"predecessor-version":[{"id":12519,"href":"https:\/\/blogsaverroes.juntadeandalucia.es\/iesfranciscorodriguezmarin\/index.php?rest_route=\/wp\/v2\/posts\/12509\/revisions\/12519"}],"wp:featuredmedia":[{"embeddable":true,"href":"https:\/\/blogsaverroes.juntadeandalucia.es\/iesfranciscorodriguezmarin\/index.php?rest_route=\/wp\/v2\/media\/12518"}],"wp:attachment":[{"href":"https:\/\/blogsaverroes.juntadeandalucia.es\/iesfranciscorodriguezmarin\/index.php?rest_route=%2Fwp%2Fv2%2Fmedia&parent=12509"}],"wp:term":[{"taxonomy":"category","embeddable":true,"href":"https:\/\/blogsaverroes.juntadeandalucia.es\/iesfranciscorodriguezmarin\/index.php?rest_route=%2Fwp%2Fv2%2Fcategories&post=12509"},{"taxonomy":"post_tag","embeddable":true,"href":"https:\/\/blogsaverroes.juntadeandalucia.es\/iesfranciscorodriguezmarin\/index.php?rest_route=%2Fwp%2Fv2%2Ftags&post=12509"}],"curies":[{"name":"wp","href":"https:\/\/api.w.org\/{rel}","templated":true}]}}