{"id":12521,"date":"2025-03-28T12:05:15","date_gmt":"2025-03-28T12:05:15","guid":{"rendered":"https:\/\/blogsaverroes.juntadeandalucia.es\/iesfranciscorodriguezmarin\/?p=12521"},"modified":"2025-03-28T12:05:15","modified_gmt":"2025-03-28T12:05:15","slug":"el-ies-francisco-rodriguez-marin-apuesta-por-nuevos-acercamientos-al-razonamiento-matematico","status":"publish","type":"post","link":"https:\/\/blogsaverroes.juntadeandalucia.es\/iesfranciscorodriguezmarin\/?p=12521","title":{"rendered":"EL IES FRANCISCO RODR\u00cdGUEZ MAR\u00cdN APUESTA POR NUEVOS ACERCAMIENTOS AL RAZONAMIENTO MATEM\u00c1TICO"},"content":{"rendered":"<p style=\"text-align: justify\">El IES <em>Francisco Rodr\u00edguez Mar\u00edn<\/em> vuelve a apostar por la promoci\u00f3n de nuevas actividades, dentro del Plan de razonamiento matem\u00e1tico, que permiten a nuestro alumnado acercarse a las Matem\u00e1ticas y fomentar su v\u00ednculo con la vida diaria.<\/p>\n<p style=\"text-align: justify\">En esta ocasi\u00f3n, ha contado con la participaci\u00f3n de Lorena Villalba G\u00f3mez, estudiante de cuarto curso del Grado de Matem\u00e1ticas de la Universidad de Sevilla. La charla <em>\u201cLas matem\u00e1ticas m\u00e1s cerca de lo que crees\u201d<\/em> ha estado dirigida a alumnos de 3\u00ba y 4\u00ba de la ESO y 1\u00ba de Bachillerato. Lorena se centr\u00f3 en la importancia de esta materia y su presencia en todos los \u00e1mbitos de la vida cotidiana. Tambi\u00e9n les explic\u00f3 que con ilusi\u00f3n, trabajo y constancia se puede alcanzar cualquier meta.<\/p>\n<p style=\"text-align: justify\">Por otra parte, esta experta en Matem\u00e1ticas present\u00f3, adem\u00e1s, una actividad sobre un caso real de epidemia y c\u00f3mo esta disciplina ayuda a tomar decisiones importantes para frenar el avance de una pandemia.<\/p>\n<p style=\"text-align: justify\">Lorena Villalba mostr\u00f3, de forma totalmente desinteresada, su pasi\u00f3n por la ense\u00f1anza y por las matem\u00e1ticas y los alumnos aplaudieron, en todo momento, su gran entusiasmo en la ponencia, poniendo en valor tanto su dedicaci\u00f3n como su empe\u00f1o por demostrar la importancia de una materia cada d\u00eda m\u00e1s inmersa en su d\u00eda a d\u00eda.<\/p>\n\n\t\t<style>\n\t\t\t#gallery-1 {\n\t\t\t\tmargin: auto;\n\t\t\t}\n\t\t\t#gallery-1 .gallery-item {\n\t\t\t\tfloat: left;\n\t\t\t\tmargin-top: 10px;\n\t\t\t\ttext-align: center;\n\t\t\t\twidth: 50%;\n\t\t\t}\n\t\t\t#gallery-1 img {\n\t\t\t\tborder: 2px solid #cfcfcf;\n\t\t\t}\n\t\t\t#gallery-1 .gallery-caption {\n\t\t\t\tmargin-left: 0;\n\t\t\t}\n\t\t\t\/* see gallery_shortcode() in wp-includes\/media.php *\/\n\t\t<\/style>\n\t\t<div id='gallery-1' class='gallery galleryid-12521 gallery-columns-2 gallery-size-medium'><dl class='gallery-item'>\n\t\t\t<dt class='gallery-icon landscape'>\n\t\t\t\t<a href='https:\/\/blogsaverroes.juntadeandalucia.es\/iesfranciscorodriguezmarin\/?attachment_id=12525'><img loading=\"lazy\" decoding=\"async\" width=\"300\" height=\"225\" src=\"https:\/\/blogsaverroes.juntadeandalucia.es\/iesfranciscorodriguezmarin\/files\/2025\/03\/rm1-300x225.jpeg\" class=\"attachment-medium size-medium\" alt=\"\" srcset=\"https:\/\/blogsaverroes.juntadeandalucia.es\/iesfranciscorodriguezmarin\/files\/2025\/03\/rm1-300x225.jpeg 300w, https:\/\/blogsaverroes.juntadeandalucia.es\/iesfranciscorodriguezmarin\/files\/2025\/03\/rm1-1024x768.jpeg 1024w, https:\/\/blogsaverroes.juntadeandalucia.es\/iesfranciscorodriguezmarin\/files\/2025\/03\/rm1-768x576.jpeg 768w, https:\/\/blogsaverroes.juntadeandalucia.es\/iesfranciscorodriguezmarin\/files\/2025\/03\/rm1-1536x1152.jpeg 1536w, https:\/\/blogsaverroes.juntadeandalucia.es\/iesfranciscorodriguezmarin\/files\/2025\/03\/rm1.jpeg 1600w\" sizes=\"(max-width: 300px) 100vw, 300px\" \/><\/a>\n\t\t\t<\/dt><\/dl><dl class='gallery-item'>\n\t\t\t<dt class='gallery-icon landscape'>\n\t\t\t\t<a href='https:\/\/blogsaverroes.juntadeandalucia.es\/iesfranciscorodriguezmarin\/?attachment_id=12524'><img loading=\"lazy\" decoding=\"async\" width=\"300\" height=\"225\" src=\"https:\/\/blogsaverroes.juntadeandalucia.es\/iesfranciscorodriguezmarin\/files\/2025\/03\/rm2-300x225.jpeg\" class=\"attachment-medium size-medium\" alt=\"\" srcset=\"https:\/\/blogsaverroes.juntadeandalucia.es\/iesfranciscorodriguezmarin\/files\/2025\/03\/rm2-300x225.jpeg 300w, https:\/\/blogsaverroes.juntadeandalucia.es\/iesfranciscorodriguezmarin\/files\/2025\/03\/rm2-1024x768.jpeg 1024w, https:\/\/blogsaverroes.juntadeandalucia.es\/iesfranciscorodriguezmarin\/files\/2025\/03\/rm2-768x576.jpeg 768w, https:\/\/blogsaverroes.juntadeandalucia.es\/iesfranciscorodriguezmarin\/files\/2025\/03\/rm2-1536x1152.jpeg 1536w, https:\/\/blogsaverroes.juntadeandalucia.es\/iesfranciscorodriguezmarin\/files\/2025\/03\/rm2.jpeg 1600w\" sizes=\"(max-width: 300px) 100vw, 300px\" \/><\/a>\n\t\t\t<\/dt><\/dl><br style=\"clear: both\" \/><dl class='gallery-item'>\n\t\t\t<dt class='gallery-icon landscape'>\n\t\t\t\t<a href='https:\/\/blogsaverroes.juntadeandalucia.es\/iesfranciscorodriguezmarin\/?attachment_id=12523'><img loading=\"lazy\" decoding=\"async\" width=\"300\" height=\"225\" src=\"https:\/\/blogsaverroes.juntadeandalucia.es\/iesfranciscorodriguezmarin\/files\/2025\/03\/rm3-300x225.jpeg\" class=\"attachment-medium size-medium\" alt=\"\" srcset=\"https:\/\/blogsaverroes.juntadeandalucia.es\/iesfranciscorodriguezmarin\/files\/2025\/03\/rm3-300x225.jpeg 300w, https:\/\/blogsaverroes.juntadeandalucia.es\/iesfranciscorodriguezmarin\/files\/2025\/03\/rm3-1024x768.jpeg 1024w, https:\/\/blogsaverroes.juntadeandalucia.es\/iesfranciscorodriguezmarin\/files\/2025\/03\/rm3-768x576.jpeg 768w, https:\/\/blogsaverroes.juntadeandalucia.es\/iesfranciscorodriguezmarin\/files\/2025\/03\/rm3-1536x1152.jpeg 1536w, https:\/\/blogsaverroes.juntadeandalucia.es\/iesfranciscorodriguezmarin\/files\/2025\/03\/rm3.jpeg 1600w\" sizes=\"(max-width: 300px) 100vw, 300px\" \/><\/a>\n\t\t\t<\/dt><\/dl><dl class='gallery-item'>\n\t\t\t<dt class='gallery-icon landscape'>\n\t\t\t\t<a href='https:\/\/blogsaverroes.juntadeandalucia.es\/iesfranciscorodriguezmarin\/?attachment_id=12522'><img loading=\"lazy\" decoding=\"async\" width=\"300\" height=\"225\" src=\"https:\/\/blogsaverroes.juntadeandalucia.es\/iesfranciscorodriguezmarin\/files\/2025\/03\/rm4-300x225.jpeg\" class=\"attachment-medium size-medium\" alt=\"\" srcset=\"https:\/\/blogsaverroes.juntadeandalucia.es\/iesfranciscorodriguezmarin\/files\/2025\/03\/rm4-300x225.jpeg 300w, https:\/\/blogsaverroes.juntadeandalucia.es\/iesfranciscorodriguezmarin\/files\/2025\/03\/rm4-1024x768.jpeg 1024w, https:\/\/blogsaverroes.juntadeandalucia.es\/iesfranciscorodriguezmarin\/files\/2025\/03\/rm4-768x576.jpeg 768w, https:\/\/blogsaverroes.juntadeandalucia.es\/iesfranciscorodriguezmarin\/files\/2025\/03\/rm4-1536x1152.jpeg 1536w, https:\/\/blogsaverroes.juntadeandalucia.es\/iesfranciscorodriguezmarin\/files\/2025\/03\/rm4.jpeg 1600w\" sizes=\"(max-width: 300px) 100vw, 300px\" \/><\/a>\n\t\t\t<\/dt><\/dl><br style=\"clear: both\" \/>\n\t\t<\/div>\n\n","protected":false},"excerpt":{"rendered":"<p>El IES Francisco Rodr\u00edguez Mar\u00edn vuelve a apostar por la promoci\u00f3n de nuevas actividades, dentro del Plan de razonamiento matem\u00e1tico, que permiten a nuestro alumnado acercarse a las Matem\u00e1ticas y fomentar su v\u00ednculo con la vida diaria. En esta ocasi\u00f3n,&#46;&#46;&#46;<\/p>\n","protected":false},"author":2333,"featured_media":12526,"comment_status":"closed","ping_status":"open","sticky":false,"template":"","format":"standard","meta":{"ngg_post_thumbnail":0,"footnotes":""},"categories":[5991],"tags":[],"aioseo_notices":[],"_links":{"self":[{"href":"https:\/\/blogsaverroes.juntadeandalucia.es\/iesfranciscorodriguezmarin\/index.php?rest_route=\/wp\/v2\/posts\/12521"}],"collection":[{"href":"https:\/\/blogsaverroes.juntadeandalucia.es\/iesfranciscorodriguezmarin\/index.php?rest_route=\/wp\/v2\/posts"}],"about":[{"href":"https:\/\/blogsaverroes.juntadeandalucia.es\/iesfranciscorodriguezmarin\/index.php?rest_route=\/wp\/v2\/types\/post"}],"author":[{"embeddable":true,"href":"https:\/\/blogsaverroes.juntadeandalucia.es\/iesfranciscorodriguezmarin\/index.php?rest_route=\/wp\/v2\/users\/2333"}],"replies":[{"embeddable":true,"href":"https:\/\/blogsaverroes.juntadeandalucia.es\/iesfranciscorodriguezmarin\/index.php?rest_route=%2Fwp%2Fv2%2Fcomments&post=12521"}],"version-history":[{"count":1,"href":"https:\/\/blogsaverroes.juntadeandalucia.es\/iesfranciscorodriguezmarin\/index.php?rest_route=\/wp\/v2\/posts\/12521\/revisions"}],"predecessor-version":[{"id":12527,"href":"https:\/\/blogsaverroes.juntadeandalucia.es\/iesfranciscorodriguezmarin\/index.php?rest_route=\/wp\/v2\/posts\/12521\/revisions\/12527"}],"wp:featuredmedia":[{"embeddable":true,"href":"https:\/\/blogsaverroes.juntadeandalucia.es\/iesfranciscorodriguezmarin\/index.php?rest_route=\/wp\/v2\/media\/12526"}],"wp:attachment":[{"href":"https:\/\/blogsaverroes.juntadeandalucia.es\/iesfranciscorodriguezmarin\/index.php?rest_route=%2Fwp%2Fv2%2Fmedia&parent=12521"}],"wp:term":[{"taxonomy":"category","embeddable":true,"href":"https:\/\/blogsaverroes.juntadeandalucia.es\/iesfranciscorodriguezmarin\/index.php?rest_route=%2Fwp%2Fv2%2Fcategories&post=12521"},{"taxonomy":"post_tag","embeddable":true,"href":"https:\/\/blogsaverroes.juntadeandalucia.es\/iesfranciscorodriguezmarin\/index.php?rest_route=%2Fwp%2Fv2%2Ftags&post=12521"}],"curies":[{"name":"wp","href":"https:\/\/api.w.org\/{rel}","templated":true}]}}