{"id":12566,"date":"2025-05-05T16:33:34","date_gmt":"2025-05-05T16:33:34","guid":{"rendered":"https:\/\/blogsaverroes.juntadeandalucia.es\/iesfranciscorodriguezmarin\/?p=12566"},"modified":"2025-05-06T16:33:57","modified_gmt":"2025-05-06T16:33:57","slug":"el-ies-francisco-rodriguez-marin-participa-con-exito-en-cadiz-en-el-iv-memorial-jesus-matos","status":"publish","type":"post","link":"https:\/\/blogsaverroes.juntadeandalucia.es\/iesfranciscorodriguezmarin\/?p=12566","title":{"rendered":"EL IES FRANCISCO RODR\u00cdGUEZ MAR\u00cdN PARTICIPA CON \u00c9XITO EN C\u00c1DIZ EN EL IV MEMORIAL JES\u00daS MATOS"},"content":{"rendered":"<div class=\"xdj266r x11i5rnm xat24cr x1mh8g0r x1vvkbs x126k92a\">\n<div dir=\"auto\" style=\"text-align: justify\">Durante los d\u00edas 22, 23 y 24 de abril, un total de 22 alumnos de 3\u00ba y 4\u00ba de ESO de nuestro centro han participado en la IV Memorial Jes\u00fas Matos, unas jornadas cient\u00edfico-divulgativas, celebradas en C\u00e1diz, que tienen como objetivo de intercambiar y comunicar conocimientos cient\u00edficos, tecnol\u00f3gicos y de medio ambiente y generar gusto por el conocimiento y por el desarrollo de vocaciones cient\u00edficas.<\/div>\n<\/div>\n<div class=\"x11i5rnm xat24cr x1mh8g0r x1vvkbs xtlvy1s x126k92a\">\n<div dir=\"auto\" style=\"text-align: justify\">Nuestro alumnado ha acudido a estas jornadas con diferentes actividades y propuestas. Por un lado, se han presentado dos trabajos elaborados a lo largo del curso dentro del Programa Investiga y Descubre, en concreto \u00abOsuna Verde3-30-300: Estudio del arbola p\u00fablico ideal\u00bb y \u00abOsucompost: recogida separada de residuos\u00bb.<\/div>\n<div dir=\"auto\" style=\"text-align: justify\">Por otra parte, se han expuesto otros proyectos desde las materias de Biolog\u00eda, con t\u00edtulos como Deshielo polar, Adicci\u00f3n tecnol\u00f3gica o Cultivo Hidrop\u00f3nico, y desde Matem\u00e1ticas, con los mon\u00f3logos del Club de las Matec\u00f3micas.<\/div>\n<div dir=\"auto\" style=\"text-align: justify\">Los d\u00edas all\u00ed estuvieron, adem\u00e1s, rodeados de charlas y ponencias a cargo de importantes divulgadores e investigadores cient\u00edficos del panorama nacional a las que tambi\u00e9n acudieron los alumnos, y de visitas culturales por la ciudad de C\u00e1diz, una ciudad que ha acogido con orgullo esta cita con la ciencia que ha supuesto, y supone, mucho m\u00e1s que simplemente demostrar conocimientos cient\u00edficos, pues tambi\u00e9n ayuda a formar ciudadanos comprometidos con el desarrollo sostenible y conscientes del impacto positivo que pueden generar en su entorno.<img loading=\"lazy\" decoding=\"async\" class=\"aligncenter size-medium wp-image-12567\" src=\"https:\/\/blogsaverroes.juntadeandalucia.es\/iesfranciscorodriguezmarin\/files\/2025\/05\/MATOS-5-300x225.jpg\" alt=\"\" width=\"300\" height=\"225\" srcset=\"https:\/\/blogsaverroes.juntadeandalucia.es\/iesfranciscorodriguezmarin\/files\/2025\/05\/MATOS-5-300x225.jpg 300w, https:\/\/blogsaverroes.juntadeandalucia.es\/iesfranciscorodriguezmarin\/files\/2025\/05\/MATOS-5-1024x768.jpg 1024w, https:\/\/blogsaverroes.juntadeandalucia.es\/iesfranciscorodriguezmarin\/files\/2025\/05\/MATOS-5-768x576.jpg 768w, https:\/\/blogsaverroes.juntadeandalucia.es\/iesfranciscorodriguezmarin\/files\/2025\/05\/MATOS-5-1536x1152.jpg 1536w, https:\/\/blogsaverroes.juntadeandalucia.es\/iesfranciscorodriguezmarin\/files\/2025\/05\/MATOS-5.jpg 1600w\" sizes=\"(max-width: 300px) 100vw, 300px\" \/> <img loading=\"lazy\" decoding=\"async\" class=\"aligncenter size-medium wp-image-12568\" src=\"https:\/\/blogsaverroes.juntadeandalucia.es\/iesfranciscorodriguezmarin\/files\/2025\/05\/MATOS-4-300x200.jpg\" alt=\"\" width=\"300\" height=\"200\" srcset=\"https:\/\/blogsaverroes.juntadeandalucia.es\/iesfranciscorodriguezmarin\/files\/2025\/05\/MATOS-4-300x200.jpg 300w, https:\/\/blogsaverroes.juntadeandalucia.es\/iesfranciscorodriguezmarin\/files\/2025\/05\/MATOS-4-1024x682.jpg 1024w, https:\/\/blogsaverroes.juntadeandalucia.es\/iesfranciscorodriguezmarin\/files\/2025\/05\/MATOS-4-768x512.jpg 768w, https:\/\/blogsaverroes.juntadeandalucia.es\/iesfranciscorodriguezmarin\/files\/2025\/05\/MATOS-4-1536x1023.jpg 1536w, https:\/\/blogsaverroes.juntadeandalucia.es\/iesfranciscorodriguezmarin\/files\/2025\/05\/MATOS-4.jpg 1600w\" sizes=\"(max-width: 300px) 100vw, 300px\" \/> <img loading=\"lazy\" decoding=\"async\" class=\"aligncenter size-medium wp-image-12569\" src=\"https:\/\/blogsaverroes.juntadeandalucia.es\/iesfranciscorodriguezmarin\/files\/2025\/05\/MATOS-3-300x225.jpg\" alt=\"\" width=\"300\" height=\"225\" srcset=\"https:\/\/blogsaverroes.juntadeandalucia.es\/iesfranciscorodriguezmarin\/files\/2025\/05\/MATOS-3-300x225.jpg 300w, https:\/\/blogsaverroes.juntadeandalucia.es\/iesfranciscorodriguezmarin\/files\/2025\/05\/MATOS-3-1024x768.jpg 1024w, https:\/\/blogsaverroes.juntadeandalucia.es\/iesfranciscorodriguezmarin\/files\/2025\/05\/MATOS-3-768x576.jpg 768w, https:\/\/blogsaverroes.juntadeandalucia.es\/iesfranciscorodriguezmarin\/files\/2025\/05\/MATOS-3-1536x1152.jpg 1536w, https:\/\/blogsaverroes.juntadeandalucia.es\/iesfranciscorodriguezmarin\/files\/2025\/05\/MATOS-3.jpg 1600w\" sizes=\"(max-width: 300px) 100vw, 300px\" \/> <img loading=\"lazy\" decoding=\"async\" class=\"aligncenter size-medium wp-image-12570\" src=\"https:\/\/blogsaverroes.juntadeandalucia.es\/iesfranciscorodriguezmarin\/files\/2025\/05\/MATOS-2-300x225.jpg\" alt=\"\" width=\"300\" height=\"225\" srcset=\"https:\/\/blogsaverroes.juntadeandalucia.es\/iesfranciscorodriguezmarin\/files\/2025\/05\/MATOS-2-300x225.jpg 300w, https:\/\/blogsaverroes.juntadeandalucia.es\/iesfranciscorodriguezmarin\/files\/2025\/05\/MATOS-2-1024x768.jpg 1024w, https:\/\/blogsaverroes.juntadeandalucia.es\/iesfranciscorodriguezmarin\/files\/2025\/05\/MATOS-2-768x576.jpg 768w, https:\/\/blogsaverroes.juntadeandalucia.es\/iesfranciscorodriguezmarin\/files\/2025\/05\/MATOS-2-1536x1152.jpg 1536w, https:\/\/blogsaverroes.juntadeandalucia.es\/iesfranciscorodriguezmarin\/files\/2025\/05\/MATOS-2.jpg 1600w\" sizes=\"(max-width: 300px) 100vw, 300px\" \/> <img loading=\"lazy\" decoding=\"async\" class=\"aligncenter size-medium wp-image-12571\" src=\"https:\/\/blogsaverroes.juntadeandalucia.es\/iesfranciscorodriguezmarin\/files\/2025\/05\/MATOS-300x169.jpg\" alt=\"\" width=\"300\" height=\"169\" srcset=\"https:\/\/blogsaverroes.juntadeandalucia.es\/iesfranciscorodriguezmarin\/files\/2025\/05\/MATOS-300x169.jpg 300w, https:\/\/blogsaverroes.juntadeandalucia.es\/iesfranciscorodriguezmarin\/files\/2025\/05\/MATOS-1024x578.jpg 1024w, https:\/\/blogsaverroes.juntadeandalucia.es\/iesfranciscorodriguezmarin\/files\/2025\/05\/MATOS-768x433.jpg 768w, https:\/\/blogsaverroes.juntadeandalucia.es\/iesfranciscorodriguezmarin\/files\/2025\/05\/MATOS-1536x867.jpg 1536w, https:\/\/blogsaverroes.juntadeandalucia.es\/iesfranciscorodriguezmarin\/files\/2025\/05\/MATOS.jpg 1600w\" sizes=\"(max-width: 300px) 100vw, 300px\" \/> <img loading=\"lazy\" decoding=\"async\" class=\"aligncenter size-medium wp-image-12572\" src=\"https:\/\/blogsaverroes.juntadeandalucia.es\/iesfranciscorodriguezmarin\/files\/2025\/05\/MATOS-1-225x300.jpg\" alt=\"\" width=\"225\" height=\"300\" srcset=\"https:\/\/blogsaverroes.juntadeandalucia.es\/iesfranciscorodriguezmarin\/files\/2025\/05\/MATOS-1-225x300.jpg 225w, https:\/\/blogsaverroes.juntadeandalucia.es\/iesfranciscorodriguezmarin\/files\/2025\/05\/MATOS-1.jpg 516w\" sizes=\"(max-width: 225px) 100vw, 225px\" \/><\/div>\n<\/div>\n","protected":false},"excerpt":{"rendered":"<p>Durante los d\u00edas 22, 23 y 24 de abril, un total de 22 alumnos de 3\u00ba y 4\u00ba de ESO de nuestro centro han participado en la IV Memorial Jes\u00fas Matos, unas jornadas cient\u00edfico-divulgativas, celebradas en C\u00e1diz, que tienen como&#46;&#46;&#46;<\/p>\n","protected":false},"author":2333,"featured_media":12572,"comment_status":"closed","ping_status":"open","sticky":false,"template":"","format":"standard","meta":{"ngg_post_thumbnail":0,"footnotes":""},"categories":[11909],"tags":[],"aioseo_notices":[],"_links":{"self":[{"href":"https:\/\/blogsaverroes.juntadeandalucia.es\/iesfranciscorodriguezmarin\/index.php?rest_route=\/wp\/v2\/posts\/12566"}],"collection":[{"href":"https:\/\/blogsaverroes.juntadeandalucia.es\/iesfranciscorodriguezmarin\/index.php?rest_route=\/wp\/v2\/posts"}],"about":[{"href":"https:\/\/blogsaverroes.juntadeandalucia.es\/iesfranciscorodriguezmarin\/index.php?rest_route=\/wp\/v2\/types\/post"}],"author":[{"embeddable":true,"href":"https:\/\/blogsaverroes.juntadeandalucia.es\/iesfranciscorodriguezmarin\/index.php?rest_route=\/wp\/v2\/users\/2333"}],"replies":[{"embeddable":true,"href":"https:\/\/blogsaverroes.juntadeandalucia.es\/iesfranciscorodriguezmarin\/index.php?rest_route=%2Fwp%2Fv2%2Fcomments&post=12566"}],"version-history":[{"count":1,"href":"https:\/\/blogsaverroes.juntadeandalucia.es\/iesfranciscorodriguezmarin\/index.php?rest_route=\/wp\/v2\/posts\/12566\/revisions"}],"predecessor-version":[{"id":12573,"href":"https:\/\/blogsaverroes.juntadeandalucia.es\/iesfranciscorodriguezmarin\/index.php?rest_route=\/wp\/v2\/posts\/12566\/revisions\/12573"}],"wp:featuredmedia":[{"embeddable":true,"href":"https:\/\/blogsaverroes.juntadeandalucia.es\/iesfranciscorodriguezmarin\/index.php?rest_route=\/wp\/v2\/media\/12572"}],"wp:attachment":[{"href":"https:\/\/blogsaverroes.juntadeandalucia.es\/iesfranciscorodriguezmarin\/index.php?rest_route=%2Fwp%2Fv2%2Fmedia&parent=12566"}],"wp:term":[{"taxonomy":"category","embeddable":true,"href":"https:\/\/blogsaverroes.juntadeandalucia.es\/iesfranciscorodriguezmarin\/index.php?rest_route=%2Fwp%2Fv2%2Fcategories&post=12566"},{"taxonomy":"post_tag","embeddable":true,"href":"https:\/\/blogsaverroes.juntadeandalucia.es\/iesfranciscorodriguezmarin\/index.php?rest_route=%2Fwp%2Fv2%2Ftags&post=12566"}],"curies":[{"name":"wp","href":"https:\/\/api.w.org\/{rel}","templated":true}]}}