{"id":12625,"date":"2025-05-29T10:32:27","date_gmt":"2025-05-29T10:32:27","guid":{"rendered":"https:\/\/blogsaverroes.juntadeandalucia.es\/iesfranciscorodriguezmarin\/?p=12625"},"modified":"2025-05-29T10:32:27","modified_gmt":"2025-05-29T10:32:27","slug":"nuestro-centro-recibe-el-primer-premio-en-la-categoria-c-del-concurso-andalucia-en-un-mapa","status":"publish","type":"post","link":"https:\/\/blogsaverroes.juntadeandalucia.es\/iesfranciscorodriguezmarin\/?p=12625","title":{"rendered":"NUESTRO CENTRO RECIBE EL PRIMER PREMIO EN LA CATEGOR\u00cdA C DEL CONCURSO \u201cANDALUC\u00cdA EN UN MAPA\u201d"},"content":{"rendered":"<p style=\"text-align: justify\">El IES <em>Francisco Rodr\u00edguez Mar\u00edn<\/em> ha sido galardonado con el primer premio en la categor\u00eda C de la 14\u00aa edici\u00f3n del concurso escolar \u201c<em>Andaluc\u00eda en un mapa<\/em>\u201d, con la obra \u201c<em>Osuna verde 3-30-300: Estudio del arbolado p\u00fablico ideal<\/em>\u201d, un trabajo colectivo realizado por el alumnado de 3\u00ba de ESO de nuestro centro.<\/p>\n<p style=\"text-align: justify\">El Instituto de Estad\u00edstica y Cartograf\u00eda de Andaluc\u00eda (IECA) ha dado a conocer los trabajos ganadores destacando la labor y el desempe\u00f1o en la realizaci\u00f3n de esta obra y reconociendo el esfuerzo y la creatividad de los centros participantes en esta iniciativa educativa.<\/p>\n<p style=\"text-align: justify\">Nuestro centro remarca, con participaci\u00f3n en estos premios, su compromiso con la divulgaci\u00f3n de proyectos y con la realizaci\u00f3n de actividades como \u00e9sta, que apuestan por el conocimiento y la innovaci\u00f3n, promueven la participaci\u00f3n de nuestro alumnado y refuerzan nuestras se\u00f1as de identidad.&nbsp;<\/p>\n<p style=\"text-align: left\">M\u00e1s informaci\u00f3n en el site de nuestra Feria Virtual de las Ciencias y del Conocimiento: <a href=\"https:\/\/sites.google.com\/g.educaand.es\/fvcc25\/osuna-verde\">https:\/\/sites.google.com\/g.educaand.es\/fvcc25\/osuna-verde<\/a><\/p>\n\n\t\t<style>\n\t\t\t#gallery-1 {\n\t\t\t\tmargin: auto;\n\t\t\t}\n\t\t\t#gallery-1 .gallery-item {\n\t\t\t\tfloat: left;\n\t\t\t\tmargin-top: 10px;\n\t\t\t\ttext-align: center;\n\t\t\t\twidth: 50%;\n\t\t\t}\n\t\t\t#gallery-1 img {\n\t\t\t\tborder: 2px solid #cfcfcf;\n\t\t\t}\n\t\t\t#gallery-1 .gallery-caption {\n\t\t\t\tmargin-left: 0;\n\t\t\t}\n\t\t\t\/* see gallery_shortcode() in wp-includes\/media.php *\/\n\t\t<\/style>\n\t\t<div id='gallery-1' class='gallery galleryid-12625 gallery-columns-2 gallery-size-medium'><dl class='gallery-item'>\n\t\t\t<dt class='gallery-icon landscape'>\n\t\t\t\t<a href='https:\/\/blogsaverroes.juntadeandalucia.es\/iesfranciscorodriguezmarin\/?attachment_id=12627'><img loading=\"lazy\" decoding=\"async\" width=\"300\" height=\"198\" src=\"https:\/\/blogsaverroes.juntadeandalucia.es\/iesfranciscorodriguezmarin\/files\/2025\/05\/osuna-verde-300x198.jpg\" class=\"attachment-medium size-medium\" alt=\"\" srcset=\"https:\/\/blogsaverroes.juntadeandalucia.es\/iesfranciscorodriguezmarin\/files\/2025\/05\/osuna-verde-300x198.jpg 300w, https:\/\/blogsaverroes.juntadeandalucia.es\/iesfranciscorodriguezmarin\/files\/2025\/05\/osuna-verde-1024x676.jpg 1024w, https:\/\/blogsaverroes.juntadeandalucia.es\/iesfranciscorodriguezmarin\/files\/2025\/05\/osuna-verde-768x507.jpg 768w, https:\/\/blogsaverroes.juntadeandalucia.es\/iesfranciscorodriguezmarin\/files\/2025\/05\/osuna-verde.jpg 1270w\" sizes=\"(max-width: 300px) 100vw, 300px\" \/><\/a>\n\t\t\t<\/dt><\/dl><dl class='gallery-item'>\n\t\t\t<dt class='gallery-icon landscape'>\n\t\t\t\t<a href='https:\/\/blogsaverroes.juntadeandalucia.es\/iesfranciscorodriguezmarin\/?attachment_id=12626'><img loading=\"lazy\" decoding=\"async\" width=\"300\" height=\"212\" src=\"https:\/\/blogsaverroes.juntadeandalucia.es\/iesfranciscorodriguezmarin\/files\/2025\/05\/osunaverde2-300x212.jpg\" class=\"attachment-medium size-medium\" alt=\"\" srcset=\"https:\/\/blogsaverroes.juntadeandalucia.es\/iesfranciscorodriguezmarin\/files\/2025\/05\/osunaverde2-300x212.jpg 300w, https:\/\/blogsaverroes.juntadeandalucia.es\/iesfranciscorodriguezmarin\/files\/2025\/05\/osunaverde2-1024x723.jpg 1024w, https:\/\/blogsaverroes.juntadeandalucia.es\/iesfranciscorodriguezmarin\/files\/2025\/05\/osunaverde2-768x542.jpg 768w, https:\/\/blogsaverroes.juntadeandalucia.es\/iesfranciscorodriguezmarin\/files\/2025\/05\/osunaverde2.jpg 1280w\" sizes=\"(max-width: 300px) 100vw, 300px\" \/><\/a>\n\t\t\t<\/dt><\/dl><br style=\"clear: both\" \/>\n\t\t<\/div>\n\n","protected":false},"excerpt":{"rendered":"<p>El IES Francisco Rodr\u00edguez Mar\u00edn ha sido galardonado con el primer premio en la categor\u00eda C de la 14\u00aa edici\u00f3n del concurso escolar \u201cAndaluc\u00eda en un mapa\u201d, con la obra \u201cOsuna verde 3-30-300: Estudio del arbolado p\u00fablico ideal\u201d, un trabajo&#46;&#46;&#46;<\/p>\n","protected":false},"author":2333,"featured_media":12626,"comment_status":"closed","ping_status":"open","sticky":false,"template":"","format":"standard","meta":{"ngg_post_thumbnail":0,"footnotes":""},"categories":[926],"tags":[],"aioseo_notices":[],"_links":{"self":[{"href":"https:\/\/blogsaverroes.juntadeandalucia.es\/iesfranciscorodriguezmarin\/index.php?rest_route=\/wp\/v2\/posts\/12625"}],"collection":[{"href":"https:\/\/blogsaverroes.juntadeandalucia.es\/iesfranciscorodriguezmarin\/index.php?rest_route=\/wp\/v2\/posts"}],"about":[{"href":"https:\/\/blogsaverroes.juntadeandalucia.es\/iesfranciscorodriguezmarin\/index.php?rest_route=\/wp\/v2\/types\/post"}],"author":[{"embeddable":true,"href":"https:\/\/blogsaverroes.juntadeandalucia.es\/iesfranciscorodriguezmarin\/index.php?rest_route=\/wp\/v2\/users\/2333"}],"replies":[{"embeddable":true,"href":"https:\/\/blogsaverroes.juntadeandalucia.es\/iesfranciscorodriguezmarin\/index.php?rest_route=%2Fwp%2Fv2%2Fcomments&post=12625"}],"version-history":[{"count":1,"href":"https:\/\/blogsaverroes.juntadeandalucia.es\/iesfranciscorodriguezmarin\/index.php?rest_route=\/wp\/v2\/posts\/12625\/revisions"}],"predecessor-version":[{"id":12628,"href":"https:\/\/blogsaverroes.juntadeandalucia.es\/iesfranciscorodriguezmarin\/index.php?rest_route=\/wp\/v2\/posts\/12625\/revisions\/12628"}],"wp:featuredmedia":[{"embeddable":true,"href":"https:\/\/blogsaverroes.juntadeandalucia.es\/iesfranciscorodriguezmarin\/index.php?rest_route=\/wp\/v2\/media\/12626"}],"wp:attachment":[{"href":"https:\/\/blogsaverroes.juntadeandalucia.es\/iesfranciscorodriguezmarin\/index.php?rest_route=%2Fwp%2Fv2%2Fmedia&parent=12625"}],"wp:term":[{"taxonomy":"category","embeddable":true,"href":"https:\/\/blogsaverroes.juntadeandalucia.es\/iesfranciscorodriguezmarin\/index.php?rest_route=%2Fwp%2Fv2%2Fcategories&post=12625"},{"taxonomy":"post_tag","embeddable":true,"href":"https:\/\/blogsaverroes.juntadeandalucia.es\/iesfranciscorodriguezmarin\/index.php?rest_route=%2Fwp%2Fv2%2Ftags&post=12625"}],"curies":[{"name":"wp","href":"https:\/\/api.w.org\/{rel}","templated":true}]}}