{"id":12668,"date":"2025-06-19T06:41:38","date_gmt":"2025-06-19T06:41:38","guid":{"rendered":"https:\/\/blogsaverroes.juntadeandalucia.es\/iesfranciscorodriguezmarin\/?p=12668"},"modified":"2025-06-19T06:41:38","modified_gmt":"2025-06-19T06:41:38","slug":"nuestro-alumnado-de-bachillerato-y-ciclos-protagonistas-de-los-premios-a-los-mejores-expedientes-otorgados-por-el-ayuntamiento-de-osuna","status":"publish","type":"post","link":"https:\/\/blogsaverroes.juntadeandalucia.es\/iesfranciscorodriguezmarin\/?p=12668","title":{"rendered":"NUESTRO ALUMNADO DE BACHILLERATO Y CICLOS, PROTAGONISTAS DE LOS PREMIOS A LOS MEJORES EXPEDIENTES OTORGADOS POR EL AYUNTAMIENTO DE OSUNA"},"content":{"rendered":"<div class=\"xdj266r x14z9mp xat24cr x1lziwak x1vvkbs x126k92a\">\n<div dir=\"auto\" style=\"text-align: justify\">Desde el IES Francisco Rodr\u00edguez Mar\u00edn queremos dar nuestra m\u00e1s sincera enhorabuena a aquellos alumnos que el pasado 16 de junio se convirtieron en protagonistas de los Premios a los Mejores Expedientes del curso 2024\/2025, otorgados por el Ayuntamiento de nuestra localidad. Agradecemos que sigan apostando por esta iniciativa y por poner en valor nuestra ense\u00f1anza p\u00fablica.<\/div>\n<\/div>\n<div class=\"x14z9mp xat24cr x1lziwak x1vvkbs xtlvy1s x126k92a\">\n<div dir=\"auto\" style=\"text-align: justify\">Ana Rold\u00e1n, Miguel S\u00e1nchez, Jos\u00e9 Manuel Due\u00f1as, Martina Rodr\u00edguez (alumnos de 2\u00ba de Bachillerato), Andrea Caro y Pedro Querol (alumnas de los ciclos de Grado Medio y de Grado Superior, respectivamente) han formado parte de la historia de nuestro centro, han estudiado y trabajado con esmero con nosotros, y han logrado, con esfuerzo y tes\u00f3n, convertirse en los mejores expedientes de un pueblo y de un centro que reconocen su val\u00eda.<\/div>\n<div dir=\"auto\" style=\"text-align: justify\">A todos ellos, enhorabuena por el trabajo bien hecho y por ser ejemplo para tantos otros alumnos que mirar\u00e1n con orgullo los pasos de quienes, como ellos, de manera sobresaliente, han marcado un hito en la vida del IES Francisco Rodr\u00edguez Mar\u00edn.<\/div>\n<div dir=\"auto\">\n\n\t\t<style>\n\t\t\t#gallery-1 {\n\t\t\t\tmargin: auto;\n\t\t\t}\n\t\t\t#gallery-1 .gallery-item {\n\t\t\t\tfloat: left;\n\t\t\t\tmargin-top: 10px;\n\t\t\t\ttext-align: center;\n\t\t\t\twidth: 50%;\n\t\t\t}\n\t\t\t#gallery-1 img {\n\t\t\t\tborder: 2px solid #cfcfcf;\n\t\t\t}\n\t\t\t#gallery-1 .gallery-caption {\n\t\t\t\tmargin-left: 0;\n\t\t\t}\n\t\t\t\/* see gallery_shortcode() in wp-includes\/media.php *\/\n\t\t<\/style>\n\t\t<div id='gallery-1' class='gallery galleryid-12668 gallery-columns-2 gallery-size-medium'><dl class='gallery-item'>\n\t\t\t<dt class='gallery-icon landscape'>\n\t\t\t\t<a href='https:\/\/blogsaverroes.juntadeandalucia.es\/iesfranciscorodriguezmarin\/?attachment_id=12669'><img loading=\"lazy\" decoding=\"async\" width=\"300\" height=\"225\" src=\"https:\/\/blogsaverroes.juntadeandalucia.es\/iesfranciscorodriguezmarin\/files\/2025\/06\/p1-300x225.jpg\" class=\"attachment-medium size-medium\" alt=\"\" srcset=\"https:\/\/blogsaverroes.juntadeandalucia.es\/iesfranciscorodriguezmarin\/files\/2025\/06\/p1-300x225.jpg 300w, https:\/\/blogsaverroes.juntadeandalucia.es\/iesfranciscorodriguezmarin\/files\/2025\/06\/p1-1024x768.jpg 1024w, https:\/\/blogsaverroes.juntadeandalucia.es\/iesfranciscorodriguezmarin\/files\/2025\/06\/p1-768x576.jpg 768w, https:\/\/blogsaverroes.juntadeandalucia.es\/iesfranciscorodriguezmarin\/files\/2025\/06\/p1-1536x1152.jpg 1536w, https:\/\/blogsaverroes.juntadeandalucia.es\/iesfranciscorodriguezmarin\/files\/2025\/06\/p1.jpg 1600w\" sizes=\"(max-width: 300px) 100vw, 300px\" \/><\/a>\n\t\t\t<\/dt><\/dl><dl class='gallery-item'>\n\t\t\t<dt class='gallery-icon landscape'>\n\t\t\t\t<a href='https:\/\/blogsaverroes.juntadeandalucia.es\/iesfranciscorodriguezmarin\/?attachment_id=12670'><img loading=\"lazy\" decoding=\"async\" width=\"300\" height=\"185\" src=\"https:\/\/blogsaverroes.juntadeandalucia.es\/iesfranciscorodriguezmarin\/files\/2025\/06\/p2-300x185.jpg\" class=\"attachment-medium size-medium\" alt=\"\" srcset=\"https:\/\/blogsaverroes.juntadeandalucia.es\/iesfranciscorodriguezmarin\/files\/2025\/06\/p2-300x185.jpg 300w, https:\/\/blogsaverroes.juntadeandalucia.es\/iesfranciscorodriguezmarin\/files\/2025\/06\/p2-1024x633.jpg 1024w, https:\/\/blogsaverroes.juntadeandalucia.es\/iesfranciscorodriguezmarin\/files\/2025\/06\/p2-768x475.jpg 768w, https:\/\/blogsaverroes.juntadeandalucia.es\/iesfranciscorodriguezmarin\/files\/2025\/06\/p2.jpg 1170w\" sizes=\"(max-width: 300px) 100vw, 300px\" \/><\/a>\n\t\t\t<\/dt><\/dl><br style=\"clear: both\" \/><dl class='gallery-item'>\n\t\t\t<dt class='gallery-icon landscape'>\n\t\t\t\t<a href='https:\/\/blogsaverroes.juntadeandalucia.es\/iesfranciscorodriguezmarin\/?attachment_id=12671'><img loading=\"lazy\" decoding=\"async\" width=\"300\" height=\"195\" src=\"https:\/\/blogsaverroes.juntadeandalucia.es\/iesfranciscorodriguezmarin\/files\/2025\/06\/p3-300x195.jpg\" class=\"attachment-medium size-medium\" alt=\"\" srcset=\"https:\/\/blogsaverroes.juntadeandalucia.es\/iesfranciscorodriguezmarin\/files\/2025\/06\/p3-300x195.jpg 300w, https:\/\/blogsaverroes.juntadeandalucia.es\/iesfranciscorodriguezmarin\/files\/2025\/06\/p3-1024x664.jpg 1024w, https:\/\/blogsaverroes.juntadeandalucia.es\/iesfranciscorodriguezmarin\/files\/2025\/06\/p3-768x498.jpg 768w, https:\/\/blogsaverroes.juntadeandalucia.es\/iesfranciscorodriguezmarin\/files\/2025\/06\/p3.jpg 1170w\" sizes=\"(max-width: 300px) 100vw, 300px\" \/><\/a>\n\t\t\t<\/dt><\/dl><dl class='gallery-item'>\n\t\t\t<dt class='gallery-icon landscape'>\n\t\t\t\t<a href='https:\/\/blogsaverroes.juntadeandalucia.es\/iesfranciscorodriguezmarin\/?attachment_id=12672'><img loading=\"lazy\" decoding=\"async\" width=\"300\" height=\"193\" src=\"https:\/\/blogsaverroes.juntadeandalucia.es\/iesfranciscorodriguezmarin\/files\/2025\/06\/p4-300x193.jpg\" class=\"attachment-medium size-medium\" alt=\"\" srcset=\"https:\/\/blogsaverroes.juntadeandalucia.es\/iesfranciscorodriguezmarin\/files\/2025\/06\/p4-300x193.jpg 300w, https:\/\/blogsaverroes.juntadeandalucia.es\/iesfranciscorodriguezmarin\/files\/2025\/06\/p4-1024x660.jpg 1024w, https:\/\/blogsaverroes.juntadeandalucia.es\/iesfranciscorodriguezmarin\/files\/2025\/06\/p4-768x495.jpg 768w, https:\/\/blogsaverroes.juntadeandalucia.es\/iesfranciscorodriguezmarin\/files\/2025\/06\/p4.jpg 1170w\" sizes=\"(max-width: 300px) 100vw, 300px\" \/><\/a>\n\t\t\t<\/dt><\/dl><br style=\"clear: both\" \/><dl class='gallery-item'>\n\t\t\t<dt class='gallery-icon landscape'>\n\t\t\t\t<a href='https:\/\/blogsaverroes.juntadeandalucia.es\/iesfranciscorodriguezmarin\/?attachment_id=12673'><img loading=\"lazy\" decoding=\"async\" width=\"300\" height=\"207\" src=\"https:\/\/blogsaverroes.juntadeandalucia.es\/iesfranciscorodriguezmarin\/files\/2025\/06\/p5-300x207.jpg\" class=\"attachment-medium size-medium\" alt=\"\" srcset=\"https:\/\/blogsaverroes.juntadeandalucia.es\/iesfranciscorodriguezmarin\/files\/2025\/06\/p5-300x207.jpg 300w, https:\/\/blogsaverroes.juntadeandalucia.es\/iesfranciscorodriguezmarin\/files\/2025\/06\/p5-1024x707.jpg 1024w, https:\/\/blogsaverroes.juntadeandalucia.es\/iesfranciscorodriguezmarin\/files\/2025\/06\/p5-768x530.jpg 768w, https:\/\/blogsaverroes.juntadeandalucia.es\/iesfranciscorodriguezmarin\/files\/2025\/06\/p5.jpg 1170w\" sizes=\"(max-width: 300px) 100vw, 300px\" \/><\/a>\n\t\t\t<\/dt><\/dl><dl class='gallery-item'>\n\t\t\t<dt class='gallery-icon landscape'>\n\t\t\t\t<a href='https:\/\/blogsaverroes.juntadeandalucia.es\/iesfranciscorodriguezmarin\/?attachment_id=12674'><img loading=\"lazy\" decoding=\"async\" width=\"300\" height=\"198\" src=\"https:\/\/blogsaverroes.juntadeandalucia.es\/iesfranciscorodriguezmarin\/files\/2025\/06\/p6-300x198.jpg\" class=\"attachment-medium size-medium\" alt=\"\" srcset=\"https:\/\/blogsaverroes.juntadeandalucia.es\/iesfranciscorodriguezmarin\/files\/2025\/06\/p6-300x198.jpg 300w, https:\/\/blogsaverroes.juntadeandalucia.es\/iesfranciscorodriguezmarin\/files\/2025\/06\/p6-1024x676.jpg 1024w, https:\/\/blogsaverroes.juntadeandalucia.es\/iesfranciscorodriguezmarin\/files\/2025\/06\/p6-768x507.jpg 768w, https:\/\/blogsaverroes.juntadeandalucia.es\/iesfranciscorodriguezmarin\/files\/2025\/06\/p6.jpg 1170w\" sizes=\"(max-width: 300px) 100vw, 300px\" \/><\/a>\n\t\t\t<\/dt><\/dl><br style=\"clear: both\" \/><dl class='gallery-item'>\n\t\t\t<dt class='gallery-icon landscape'>\n\t\t\t\t<a href='https:\/\/blogsaverroes.juntadeandalucia.es\/iesfranciscorodriguezmarin\/?attachment_id=12675'><img loading=\"lazy\" decoding=\"async\" width=\"300\" height=\"196\" src=\"https:\/\/blogsaverroes.juntadeandalucia.es\/iesfranciscorodriguezmarin\/files\/2025\/06\/p7-300x196.jpg\" class=\"attachment-medium size-medium\" alt=\"\" srcset=\"https:\/\/blogsaverroes.juntadeandalucia.es\/iesfranciscorodriguezmarin\/files\/2025\/06\/p7-300x196.jpg 300w, https:\/\/blogsaverroes.juntadeandalucia.es\/iesfranciscorodriguezmarin\/files\/2025\/06\/p7-1024x669.jpg 1024w, https:\/\/blogsaverroes.juntadeandalucia.es\/iesfranciscorodriguezmarin\/files\/2025\/06\/p7-768x501.jpg 768w, https:\/\/blogsaverroes.juntadeandalucia.es\/iesfranciscorodriguezmarin\/files\/2025\/06\/p7.jpg 1170w\" sizes=\"(max-width: 300px) 100vw, 300px\" \/><\/a>\n\t\t\t<\/dt><\/dl><dl class='gallery-item'>\n\t\t\t<dt class='gallery-icon landscape'>\n\t\t\t\t<a href='https:\/\/blogsaverroes.juntadeandalucia.es\/iesfranciscorodriguezmarin\/?attachment_id=12676'><img loading=\"lazy\" decoding=\"async\" width=\"300\" height=\"204\" src=\"https:\/\/blogsaverroes.juntadeandalucia.es\/iesfranciscorodriguezmarin\/files\/2025\/06\/p8-300x204.jpg\" class=\"attachment-medium size-medium\" alt=\"\" srcset=\"https:\/\/blogsaverroes.juntadeandalucia.es\/iesfranciscorodriguezmarin\/files\/2025\/06\/p8-300x204.jpg 300w, https:\/\/blogsaverroes.juntadeandalucia.es\/iesfranciscorodriguezmarin\/files\/2025\/06\/p8-1024x696.jpg 1024w, https:\/\/blogsaverroes.juntadeandalucia.es\/iesfranciscorodriguezmarin\/files\/2025\/06\/p8-768x522.jpg 768w, https:\/\/blogsaverroes.juntadeandalucia.es\/iesfranciscorodriguezmarin\/files\/2025\/06\/p8.jpg 1170w\" sizes=\"(max-width: 300px) 100vw, 300px\" \/><\/a>\n\t\t\t<\/dt><\/dl><br style=\"clear: both\" \/>\n\t\t<\/div>\n\n<\/div>\n<\/div>\n","protected":false},"excerpt":{"rendered":"<p>Desde el IES Francisco Rodr\u00edguez Mar\u00edn queremos dar nuestra m\u00e1s sincera enhorabuena a aquellos alumnos que el pasado 16 de junio se convirtieron en protagonistas de los Premios a los Mejores Expedientes del curso 2024\/2025, otorgados por el Ayuntamiento de&#46;&#46;&#46;<\/p>\n","protected":false},"author":2333,"featured_media":12677,"comment_status":"closed","ping_status":"open","sticky":false,"template":"","format":"standard","meta":{"ngg_post_thumbnail":0,"footnotes":""},"categories":[11909],"tags":[],"aioseo_notices":[],"_links":{"self":[{"href":"https:\/\/blogsaverroes.juntadeandalucia.es\/iesfranciscorodriguezmarin\/index.php?rest_route=\/wp\/v2\/posts\/12668"}],"collection":[{"href":"https:\/\/blogsaverroes.juntadeandalucia.es\/iesfranciscorodriguezmarin\/index.php?rest_route=\/wp\/v2\/posts"}],"about":[{"href":"https:\/\/blogsaverroes.juntadeandalucia.es\/iesfranciscorodriguezmarin\/index.php?rest_route=\/wp\/v2\/types\/post"}],"author":[{"embeddable":true,"href":"https:\/\/blogsaverroes.juntadeandalucia.es\/iesfranciscorodriguezmarin\/index.php?rest_route=\/wp\/v2\/users\/2333"}],"replies":[{"embeddable":true,"href":"https:\/\/blogsaverroes.juntadeandalucia.es\/iesfranciscorodriguezmarin\/index.php?rest_route=%2Fwp%2Fv2%2Fcomments&post=12668"}],"version-history":[{"count":1,"href":"https:\/\/blogsaverroes.juntadeandalucia.es\/iesfranciscorodriguezmarin\/index.php?rest_route=\/wp\/v2\/posts\/12668\/revisions"}],"predecessor-version":[{"id":12678,"href":"https:\/\/blogsaverroes.juntadeandalucia.es\/iesfranciscorodriguezmarin\/index.php?rest_route=\/wp\/v2\/posts\/12668\/revisions\/12678"}],"wp:featuredmedia":[{"embeddable":true,"href":"https:\/\/blogsaverroes.juntadeandalucia.es\/iesfranciscorodriguezmarin\/index.php?rest_route=\/wp\/v2\/media\/12677"}],"wp:attachment":[{"href":"https:\/\/blogsaverroes.juntadeandalucia.es\/iesfranciscorodriguezmarin\/index.php?rest_route=%2Fwp%2Fv2%2Fmedia&parent=12668"}],"wp:term":[{"taxonomy":"category","embeddable":true,"href":"https:\/\/blogsaverroes.juntadeandalucia.es\/iesfranciscorodriguezmarin\/index.php?rest_route=%2Fwp%2Fv2%2Fcategories&post=12668"},{"taxonomy":"post_tag","embeddable":true,"href":"https:\/\/blogsaverroes.juntadeandalucia.es\/iesfranciscorodriguezmarin\/index.php?rest_route=%2Fwp%2Fv2%2Ftags&post=12668"}],"curies":[{"name":"wp","href":"https:\/\/api.w.org\/{rel}","templated":true}]}}