{"id":12774,"date":"2025-09-22T07:45:40","date_gmt":"2025-09-22T07:45:40","guid":{"rendered":"https:\/\/blogsaverroes.juntadeandalucia.es\/iesfranciscorodriguezmarin\/?p=12774"},"modified":"2025-09-22T07:45:40","modified_gmt":"2025-09-22T07:45:40","slug":"el-ies-francisco-rodriguez-marin-en-el-programa-picassomob","status":"publish","type":"post","link":"https:\/\/blogsaverroes.juntadeandalucia.es\/iesfranciscorodriguezmarin\/?p=12774","title":{"rendered":"El IES Francisco Rodr\u00edguez Mar\u00edn en el programa PicassoMob"},"content":{"rendered":"<p style=\"text-align: justify\">Celia Bellido y Marta Ben\u00edtez, alumnas de 1\u00ba de Bachillerato, se encuentran en Francia continuando sus estudios en el centro Lyc\u00e9e Europ\u00e9en de Villers-Cotter\u00eats dentro del programa <strong>Picassomob<\/strong>, una iniciativa de movilidad internacional impulsada por la Junta de Andaluc\u00eda con el objetivo de fomentar el intercambio cultural, perfeccionar el conocimiento del Franc\u00e9s y la apertura a nuevas experiencias educativas en Europa.<\/p>\n<p style=\"text-align: justify\">Durante su estancia de un mes, las alumnas tienen la oportunidad de convivir con estudiantes de otros pa\u00edses, asistir a clases y participar en actividades culturales y formativas que les permiten mejorar sus competencias ling\u00fc\u00edsticas, sociales y personales. Esta experiencia supone un enriquecimiento tanto acad\u00e9mico como humano, al acercarlas a nuevas realidades y reforzar valores como la tolerancia, la autonom\u00eda y el respeto hacia otras culturas.<\/p>\n<p style=\"text-align: justify\">El IES Francisco Rodr\u00edguez Mar\u00edn se enorgullece de la participaci\u00f3n de sus estudiantes en este tipo de programas, que reflejan el compromiso del centro con una educaci\u00f3n abierta, innovadora y europea, ofreciendo al alumnado la posibilidad de crecer m\u00e1s all\u00e1 de las fronteras del aula.<\/p>\n<p><img loading=\"lazy\" decoding=\"async\" class=\"aligncenter size-medium wp-image-12775\" src=\"https:\/\/blogsaverroes.juntadeandalucia.es\/iesfranciscorodriguezmarin\/files\/2025\/09\/celia-y-marta2-300x169.jpeg\" alt=\"\" width=\"300\" height=\"169\" srcset=\"https:\/\/blogsaverroes.juntadeandalucia.es\/iesfranciscorodriguezmarin\/files\/2025\/09\/celia-y-marta2-300x169.jpeg 300w, https:\/\/blogsaverroes.juntadeandalucia.es\/iesfranciscorodriguezmarin\/files\/2025\/09\/celia-y-marta2-1024x576.jpeg 1024w, https:\/\/blogsaverroes.juntadeandalucia.es\/iesfranciscorodriguezmarin\/files\/2025\/09\/celia-y-marta2-768x432.jpeg 768w, https:\/\/blogsaverroes.juntadeandalucia.es\/iesfranciscorodriguezmarin\/files\/2025\/09\/celia-y-marta2-1536x864.jpeg 1536w, https:\/\/blogsaverroes.juntadeandalucia.es\/iesfranciscorodriguezmarin\/files\/2025\/09\/celia-y-marta2.jpeg 1600w\" sizes=\"(max-width: 300px) 100vw, 300px\" \/> <img loading=\"lazy\" decoding=\"async\" class=\"aligncenter  wp-image-12776\" src=\"https:\/\/blogsaverroes.juntadeandalucia.es\/iesfranciscorodriguezmarin\/files\/2025\/09\/celia-y-marta1.jpeg\" alt=\"\" width=\"296\" height=\"222\" srcset=\"https:\/\/blogsaverroes.juntadeandalucia.es\/iesfranciscorodriguezmarin\/files\/2025\/09\/celia-y-marta1.jpeg 585w, https:\/\/blogsaverroes.juntadeandalucia.es\/iesfranciscorodriguezmarin\/files\/2025\/09\/celia-y-marta1-300x225.jpeg 300w\" sizes=\"(max-width: 296px) 100vw, 296px\" \/><\/p>\n","protected":false},"excerpt":{"rendered":"<p>Celia Bellido y Marta Ben\u00edtez, alumnas de 1\u00ba de Bachillerato, se encuentran en Francia continuando sus estudios en el centro Lyc\u00e9e Europ\u00e9en de Villers-Cotter\u00eats dentro del programa Picassomob, una iniciativa de movilidad internacional impulsada por la Junta de Andaluc\u00eda con&#46;&#46;&#46;<\/p>\n","protected":false},"author":2333,"featured_media":12777,"comment_status":"closed","ping_status":"open","sticky":false,"template":"","format":"standard","meta":{"ngg_post_thumbnail":0,"footnotes":""},"categories":[926],"tags":[],"aioseo_notices":[],"_links":{"self":[{"href":"https:\/\/blogsaverroes.juntadeandalucia.es\/iesfranciscorodriguezmarin\/index.php?rest_route=\/wp\/v2\/posts\/12774"}],"collection":[{"href":"https:\/\/blogsaverroes.juntadeandalucia.es\/iesfranciscorodriguezmarin\/index.php?rest_route=\/wp\/v2\/posts"}],"about":[{"href":"https:\/\/blogsaverroes.juntadeandalucia.es\/iesfranciscorodriguezmarin\/index.php?rest_route=\/wp\/v2\/types\/post"}],"author":[{"embeddable":true,"href":"https:\/\/blogsaverroes.juntadeandalucia.es\/iesfranciscorodriguezmarin\/index.php?rest_route=\/wp\/v2\/users\/2333"}],"replies":[{"embeddable":true,"href":"https:\/\/blogsaverroes.juntadeandalucia.es\/iesfranciscorodriguezmarin\/index.php?rest_route=%2Fwp%2Fv2%2Fcomments&post=12774"}],"version-history":[{"count":1,"href":"https:\/\/blogsaverroes.juntadeandalucia.es\/iesfranciscorodriguezmarin\/index.php?rest_route=\/wp\/v2\/posts\/12774\/revisions"}],"predecessor-version":[{"id":12778,"href":"https:\/\/blogsaverroes.juntadeandalucia.es\/iesfranciscorodriguezmarin\/index.php?rest_route=\/wp\/v2\/posts\/12774\/revisions\/12778"}],"wp:featuredmedia":[{"embeddable":true,"href":"https:\/\/blogsaverroes.juntadeandalucia.es\/iesfranciscorodriguezmarin\/index.php?rest_route=\/wp\/v2\/media\/12777"}],"wp:attachment":[{"href":"https:\/\/blogsaverroes.juntadeandalucia.es\/iesfranciscorodriguezmarin\/index.php?rest_route=%2Fwp%2Fv2%2Fmedia&parent=12774"}],"wp:term":[{"taxonomy":"category","embeddable":true,"href":"https:\/\/blogsaverroes.juntadeandalucia.es\/iesfranciscorodriguezmarin\/index.php?rest_route=%2Fwp%2Fv2%2Fcategories&post=12774"},{"taxonomy":"post_tag","embeddable":true,"href":"https:\/\/blogsaverroes.juntadeandalucia.es\/iesfranciscorodriguezmarin\/index.php?rest_route=%2Fwp%2Fv2%2Ftags&post=12774"}],"curies":[{"name":"wp","href":"https:\/\/api.w.org\/{rel}","templated":true}]}}