{"id":12780,"date":"2025-10-02T11:33:22","date_gmt":"2025-10-02T11:33:22","guid":{"rendered":"https:\/\/blogsaverroes.juntadeandalucia.es\/iesfranciscorodriguezmarin\/?p=12780"},"modified":"2025-10-02T11:33:22","modified_gmt":"2025-10-02T11:33:22","slug":"el-ministerio-de-educacion-premia-la-obra-de-teatro-de-mujeres-cientificas-del-ies-francisco-rodriguez-marin-de-osuna","status":"publish","type":"post","link":"https:\/\/blogsaverroes.juntadeandalucia.es\/iesfranciscorodriguezmarin\/?p=12780","title":{"rendered":"El Ministerio de Educaci\u00f3n premia la obra de teatro de mujeres cient\u00edficas del IES Francisco Rodr\u00edguez Mar\u00edn de Osuna"},"content":{"rendered":"<div dir=\"auto\" style=\"text-align: justify\">La obra de teatro \u201cNo more Matildas, dale la vuelta a la foto\u201d ha sido galardonada con el tercer premio nacional de las Aulas por la Igualdad. Premios Alianza Steam, convocado por el Ministerio de Educaci\u00f3n, cuyo objetivo es el reconocimiento de proyectos educativos innovadores que persigan el impulso de las vocaciones de las ni\u00f1as y j\u00f3venes en las disciplinas vinculadas a las ciencias.<\/div>\n<div dir=\"auto\" style=\"text-align: justify\"><strong>El IES Francisco Rodr\u00edguez Mar\u00edn de Osuna ha sido galardonado con el tercer premio nacional de los Premios Alianza Steam que cada dos a\u00f1os convoca el Ministerio de Educaci\u00f3n, Formaci\u00f3n Profesional y Deporte<\/strong> para todos los centros educativos de Espa\u00f1a sostenidos con fondos p\u00fablicos.<\/div>\n<div dir=\"auto\" style=\"text-align: justify\">Concretamente la obra de teatro \u201cNo more Matildas, dale la vuelta a la foto\u201d, obra que escenifica la importancia y la dificultad de las mujeres en el mundo de la ciencia a lo largo de la historia y que tiene como objetivo el incentivar e impulsar la vocaci\u00f3n de ni\u00f1as y mujeres en las disciplinas cient\u00edficas, ha sido el proyecto que el Ministerio de Educaci\u00f3n ha reconocido como merecedor del premio a nivel nacional y que<strong> ya obtuvo el primer premio en la XXV edici\u00f3n del concurso internacional Ciencia en Acci\u00f3n<\/strong>, organizado por la Red impulso.<\/div>\n<div dir=\"auto\" style=\"text-align: justify\">Un total de 40 alumnas y profesoras, caracterizadas cada una de ellas como un personaje femenino relevante de la ciencia a lo largo de la historia, se encargan de contar la importancia cient\u00edfica y acad\u00e9mica de cada una de las personajes all\u00ed presentes, as\u00ed como las dificultades y vicisitudes que tuvieron que pasar por el hecho de ser mujeres en un mundo reservado para hombres.<\/div>\n<div dir=\"auto\" style=\"text-align: justify\">Dirigida por el que fuera profesor del centro, Miguel D\u00edaz, vestidas de \u00e9poca por quien fuera directora del centro, Ana M. L\u00f3pez, y partiendo de la base de la foto real de hombres cient\u00edficos de Solvay de 1927, una abuela cient\u00edfica habla con su nieta estudiante sobre la mujer y la ciencia y las numerosas mujeres que a lo largo de la historia tambi\u00e9n han formado parte silenciosa del progreso cient\u00edfico, las cuales por orden cronol\u00f3gico van apareciendo en escena y contando su vida, sus logros y sus discriminaciones y dificultades por el hecho de ser mujer. Cada una de ellas, tras contar su vida, pasa a formar parte del fondo del escenario hasta completar una escena de s\u00f3lo mujeres, tal y como era la foto de hombres del inicio. El \u00fanico cient\u00edfico que aparece es Darwin, que lo hace para pedir perd\u00f3n en nombre de la ciencia por la invisibilidad a la que ha sido sometida la mujer cient\u00edfica. El final de la obra es la conversi\u00f3n de la nieta en cient\u00edfica, en Rosario Domingo, \u201cLa Charo\u201d, primera mujer doctora de la Universidad de Valencia y catedr\u00e1tica de qu\u00edmica, completando la foto y cambi\u00e1ndose la foto s\u00f3lo de hombres por la foto s\u00f3lo de mujeres que han conformado las cient\u00edficas de la obra.<\/div>\n<div dir=\"auto\" style=\"text-align: justify\">En palabras del director del centro, \u201ces un orgullo obtener un premio de tanto prestigio a nivel nacional porque supone el reconocimiento al trabajo en equipo en la elaboraci\u00f3n de actividades y proyectos educativos innovadores que tienen como fin la igualdad y el impulso de la ciencia entre nuestro alumnado. Supone adem\u00e1s la puesta en valor del trabajo desconocido que se realiza todos los d\u00edas en los centros educativos y supone visibilizar el trabajo de calidad que se realiza en la educaci\u00f3n p\u00fablica, m\u00e1xime si tenemos en cuenta que somos el \u00fanico centro de Andaluc\u00eda que ha obtenido un galard\u00f3n de estas caracter\u00edsticas\u201d. El director, adem\u00e1s de agradecer al Ministerio el reconocimiento, quiso hacer especial menci\u00f3n a todo el personal participante en la obra, alumnas, profesoras, profesores implicados, compa\u00f1eros jubilados los cu\u00e1les son los verdaderos art\u00edfices de este proyecto realizado en mucha parte de su tiempo fuera de las horas lectivas del centro.<\/div>\n<div dir=\"auto\"><img loading=\"lazy\" decoding=\"async\" class=\"aligncenter wp-image-11903\" src=\"https:\/\/blogsaverroes.juntadeandalucia.es\/iesfranciscorodriguezmarin\/files\/2024\/04\/NO-MORE-MATILDAS-300x100.jpg\" alt=\"\" width=\"387\" height=\"129\" srcset=\"https:\/\/blogsaverroes.juntadeandalucia.es\/iesfranciscorodriguezmarin\/files\/2024\/04\/NO-MORE-MATILDAS-300x100.jpg 300w, https:\/\/blogsaverroes.juntadeandalucia.es\/iesfranciscorodriguezmarin\/files\/2024\/04\/NO-MORE-MATILDAS-1024x343.jpg 1024w, https:\/\/blogsaverroes.juntadeandalucia.es\/iesfranciscorodriguezmarin\/files\/2024\/04\/NO-MORE-MATILDAS-768x257.jpg 768w, https:\/\/blogsaverroes.juntadeandalucia.es\/iesfranciscorodriguezmarin\/files\/2024\/04\/NO-MORE-MATILDAS.jpg 1354w\" sizes=\"(max-width: 387px) 100vw, 387px\" \/><\/div>\n<div dir=\"auto\">&nbsp;<\/div>\n","protected":false},"excerpt":{"rendered":"<p>La obra de teatro \u201cNo more Matildas, dale la vuelta a la foto\u201d ha sido galardonada con el tercer premio nacional de las Aulas por la Igualdad. Premios Alianza Steam, convocado por el Ministerio de Educaci\u00f3n, cuyo objetivo es el&#46;&#46;&#46;<\/p>\n","protected":false},"author":2333,"featured_media":12322,"comment_status":"closed","ping_status":"open","sticky":false,"template":"","format":"standard","meta":{"ngg_post_thumbnail":0,"footnotes":""},"categories":[926],"tags":[],"aioseo_notices":[],"_links":{"self":[{"href":"https:\/\/blogsaverroes.juntadeandalucia.es\/iesfranciscorodriguezmarin\/index.php?rest_route=\/wp\/v2\/posts\/12780"}],"collection":[{"href":"https:\/\/blogsaverroes.juntadeandalucia.es\/iesfranciscorodriguezmarin\/index.php?rest_route=\/wp\/v2\/posts"}],"about":[{"href":"https:\/\/blogsaverroes.juntadeandalucia.es\/iesfranciscorodriguezmarin\/index.php?rest_route=\/wp\/v2\/types\/post"}],"author":[{"embeddable":true,"href":"https:\/\/blogsaverroes.juntadeandalucia.es\/iesfranciscorodriguezmarin\/index.php?rest_route=\/wp\/v2\/users\/2333"}],"replies":[{"embeddable":true,"href":"https:\/\/blogsaverroes.juntadeandalucia.es\/iesfranciscorodriguezmarin\/index.php?rest_route=%2Fwp%2Fv2%2Fcomments&post=12780"}],"version-history":[{"count":2,"href":"https:\/\/blogsaverroes.juntadeandalucia.es\/iesfranciscorodriguezmarin\/index.php?rest_route=\/wp\/v2\/posts\/12780\/revisions"}],"predecessor-version":[{"id":12782,"href":"https:\/\/blogsaverroes.juntadeandalucia.es\/iesfranciscorodriguezmarin\/index.php?rest_route=\/wp\/v2\/posts\/12780\/revisions\/12782"}],"wp:featuredmedia":[{"embeddable":true,"href":"https:\/\/blogsaverroes.juntadeandalucia.es\/iesfranciscorodriguezmarin\/index.php?rest_route=\/wp\/v2\/media\/12322"}],"wp:attachment":[{"href":"https:\/\/blogsaverroes.juntadeandalucia.es\/iesfranciscorodriguezmarin\/index.php?rest_route=%2Fwp%2Fv2%2Fmedia&parent=12780"}],"wp:term":[{"taxonomy":"category","embeddable":true,"href":"https:\/\/blogsaverroes.juntadeandalucia.es\/iesfranciscorodriguezmarin\/index.php?rest_route=%2Fwp%2Fv2%2Fcategories&post=12780"},{"taxonomy":"post_tag","embeddable":true,"href":"https:\/\/blogsaverroes.juntadeandalucia.es\/iesfranciscorodriguezmarin\/index.php?rest_route=%2Fwp%2Fv2%2Ftags&post=12780"}],"curies":[{"name":"wp","href":"https:\/\/api.w.org\/{rel}","templated":true}]}}