{"id":7519,"date":"2019-11-22T13:38:53","date_gmt":"2019-11-22T13:38:53","guid":{"rendered":"https:\/\/blogsaverroes.juntadeandalucia.es\/iesfranciscorodriguezmarin\/?p=7519"},"modified":"2019-11-27T20:08:56","modified_gmt":"2019-11-27T20:08:56","slug":"actividades-del-25-de-noviembre-dia-internacional-contra-la-violencia-de-genero","status":"publish","type":"post","link":"https:\/\/blogsaverroes.juntadeandalucia.es\/iesfranciscorodriguezmarin\/?p=7519","title":{"rendered":"D\u00eda Internacional Contra la Violencia de G\u00e9nero"},"content":{"rendered":"<h1>Actividades del 25 de noviembre<\/h1>\n<ul>\n<li>Cadena humana&nbsp; contra la violencia de g\u00e9nero.<\/li>\n<li>Inauguraci\u00f3n del \u00c1RBOL DE LAS ASESINADAS.<\/li>\n<li>Carteles: \u00abNO A LA VIOLENCIA DE G\u00c9NERO\u00bb<\/li>\n<li>Lectura durante el recreo de un manifiesto condenando la violencia de g\u00e9nero.<\/li>\n<li>Participaci\u00f3n de las actividades organizadas por&nbsp; el Ayuntamiento de Osuna\n<ul>\n<li>Lectura a un manifiesto institucional.<\/li>\n<li>Minuto de silencio.<\/li>\n<li>Performance teatral mostrando situaciones en los que se generan micromachismos y violencia de g\u00e9nero hacia las mujeres.<\/li>\n<li>Marcha contra la violencia de g\u00e9nero desde la Plaza Mayor hasta el Parque de San Arcadio, en cuya fuente habr\u00e1 instaladas 54 siluetas que representan las mujeres y menores asesinados por Violencia de G\u00e9nero en el a\u00f1o 2019. Sobre ellas se colocar\u00e1n unas cartelas con los nombres de cada una de estas mujeres y menores.<a href=\"https:\/\/blogsaverroes.juntadeandalucia.es\/iesfranciscorodriguezmarin\/files\/2019\/11\/CARTEL-1.png\"><img loading=\"lazy\" decoding=\"async\" class=\"aligncenter size-full wp-image-7520\" src=\"https:\/\/blogsaverroes.juntadeandalucia.es\/iesfranciscorodriguezmarin\/files\/2019\/11\/CARTEL-1.png\" alt=\"\" width=\"800\" height=\"561\" srcset=\"https:\/\/blogsaverroes.juntadeandalucia.es\/iesfranciscorodriguezmarin\/files\/2019\/11\/CARTEL-1.png 800w, https:\/\/blogsaverroes.juntadeandalucia.es\/iesfranciscorodriguezmarin\/files\/2019\/11\/CARTEL-1-300x210.png 300w, https:\/\/blogsaverroes.juntadeandalucia.es\/iesfranciscorodriguezmarin\/files\/2019\/11\/CARTEL-1-768x539.png 768w, https:\/\/blogsaverroes.juntadeandalucia.es\/iesfranciscorodriguezmarin\/files\/2019\/11\/CARTEL-1-24x17.png 24w, https:\/\/blogsaverroes.juntadeandalucia.es\/iesfranciscorodriguezmarin\/files\/2019\/11\/CARTEL-1-36x25.png 36w, https:\/\/blogsaverroes.juntadeandalucia.es\/iesfranciscorodriguezmarin\/files\/2019\/11\/CARTEL-1-48x34.png 48w\" sizes=\"(max-width: 800px) 100vw, 800px\" \/><\/a> <a href=\"https:\/\/blogsaverroes.juntadeandalucia.es\/iesfranciscorodriguezmarin\/files\/2019\/11\/CARTEL-2.png\"><img loading=\"lazy\" decoding=\"async\" class=\"aligncenter size-full wp-image-7521\" src=\"https:\/\/blogsaverroes.juntadeandalucia.es\/iesfranciscorodriguezmarin\/files\/2019\/11\/CARTEL-2.png\" alt=\"\" width=\"766\" height=\"522\" srcset=\"https:\/\/blogsaverroes.juntadeandalucia.es\/iesfranciscorodriguezmarin\/files\/2019\/11\/CARTEL-2.png 766w, https:\/\/blogsaverroes.juntadeandalucia.es\/iesfranciscorodriguezmarin\/files\/2019\/11\/CARTEL-2-300x204.png 300w, https:\/\/blogsaverroes.juntadeandalucia.es\/iesfranciscorodriguezmarin\/files\/2019\/11\/CARTEL-2-24x16.png 24w, https:\/\/blogsaverroes.juntadeandalucia.es\/iesfranciscorodriguezmarin\/files\/2019\/11\/CARTEL-2-36x25.png 36w, https:\/\/blogsaverroes.juntadeandalucia.es\/iesfranciscorodriguezmarin\/files\/2019\/11\/CARTEL-2-48x33.png 48w\" sizes=\"(max-width: 766px) 100vw, 766px\" \/><\/a><\/li>\n<\/ul>\n<\/li>\n<\/ul>\n<p>&nbsp;<\/p>\n","protected":false},"excerpt":{"rendered":"<p>Actividades del 25 de noviembre Cadena humana&nbsp; contra la violencia de g\u00e9nero. Inauguraci\u00f3n del \u00c1RBOL DE LAS ASESINADAS. Carteles: \u00abNO A LA VIOLENCIA DE G\u00c9NERO\u00bb Lectura durante el recreo de un manifiesto condenando la violencia de g\u00e9nero. Participaci\u00f3n de las&#46;&#46;&#46;<\/p>\n","protected":false},"author":2333,"featured_media":7520,"comment_status":"closed","ping_status":"open","sticky":false,"template":"","format":"standard","meta":{"ngg_post_thumbnail":0,"footnotes":""},"categories":[5991],"tags":[],"aioseo_notices":[],"_links":{"self":[{"href":"https:\/\/blogsaverroes.juntadeandalucia.es\/iesfranciscorodriguezmarin\/index.php?rest_route=\/wp\/v2\/posts\/7519"}],"collection":[{"href":"https:\/\/blogsaverroes.juntadeandalucia.es\/iesfranciscorodriguezmarin\/index.php?rest_route=\/wp\/v2\/posts"}],"about":[{"href":"https:\/\/blogsaverroes.juntadeandalucia.es\/iesfranciscorodriguezmarin\/index.php?rest_route=\/wp\/v2\/types\/post"}],"author":[{"embeddable":true,"href":"https:\/\/blogsaverroes.juntadeandalucia.es\/iesfranciscorodriguezmarin\/index.php?rest_route=\/wp\/v2\/users\/2333"}],"replies":[{"embeddable":true,"href":"https:\/\/blogsaverroes.juntadeandalucia.es\/iesfranciscorodriguezmarin\/index.php?rest_route=%2Fwp%2Fv2%2Fcomments&post=7519"}],"version-history":[{"count":5,"href":"https:\/\/blogsaverroes.juntadeandalucia.es\/iesfranciscorodriguezmarin\/index.php?rest_route=\/wp\/v2\/posts\/7519\/revisions"}],"predecessor-version":[{"id":7528,"href":"https:\/\/blogsaverroes.juntadeandalucia.es\/iesfranciscorodriguezmarin\/index.php?rest_route=\/wp\/v2\/posts\/7519\/revisions\/7528"}],"wp:featuredmedia":[{"embeddable":true,"href":"https:\/\/blogsaverroes.juntadeandalucia.es\/iesfranciscorodriguezmarin\/index.php?rest_route=\/wp\/v2\/media\/7520"}],"wp:attachment":[{"href":"https:\/\/blogsaverroes.juntadeandalucia.es\/iesfranciscorodriguezmarin\/index.php?rest_route=%2Fwp%2Fv2%2Fmedia&parent=7519"}],"wp:term":[{"taxonomy":"category","embeddable":true,"href":"https:\/\/blogsaverroes.juntadeandalucia.es\/iesfranciscorodriguezmarin\/index.php?rest_route=%2Fwp%2Fv2%2Fcategories&post=7519"},{"taxonomy":"post_tag","embeddable":true,"href":"https:\/\/blogsaverroes.juntadeandalucia.es\/iesfranciscorodriguezmarin\/index.php?rest_route=%2Fwp%2Fv2%2Ftags&post=7519"}],"curies":[{"name":"wp","href":"https:\/\/api.w.org\/{rel}","templated":true}]}}