{"id":7551,"date":"2019-11-29T12:09:08","date_gmt":"2019-11-29T12:09:08","guid":{"rendered":"https:\/\/blogsaverroes.juntadeandalucia.es\/iesfranciscorodriguezmarin\/?p=7551"},"modified":"2019-11-29T12:56:32","modified_gmt":"2019-11-29T12:56:32","slug":"premio-del-programa-aldea-para-ismael-heredia","status":"publish","type":"post","link":"https:\/\/blogsaverroes.juntadeandalucia.es\/iesfranciscorodriguezmarin\/?p=7551","title":{"rendered":"Premio del programa \u201cAldea\u201d para Ismael Heredia"},"content":{"rendered":"<p>El dibujo realizado por nuestro alumno de primero de bachillerato <strong>Ismael Heredia<\/strong> y titulado <strong>\u201cEl escaramujo\u201d<\/strong>, ha recibido uno de los premios del programa \u201cAldea\u201d, convocados por la Consejer\u00eda de Agricultura y Medio Ambiente de la Junta de Andaluc\u00eda, programa que a su vez est\u00e1 vinculado a \u201cEducaves\u201d &nbsp;un proyecto de educaci\u00f3n&nbsp;y sensibilizaci\u00f3n ambiental de la Junta de Andaluc\u00eda que utiliza como recurso el estudio y la observaci\u00f3n de las aves.<\/p>\n<p><a href=\"https:\/\/blogsaverroes.juntadeandalucia.es\/iesfranciscorodriguezmarin\/files\/2019\/11\/ALDEA4.jpg\"><img loading=\"lazy\" decoding=\"async\" width=\"288\" height=\"300\" class=\"alignright wp-image-7558 size-medium\" alt=\"\" src=\"https:\/\/blogsaverroes.juntadeandalucia.es\/iesfranciscorodriguezmarin\/files\/2019\/11\/ALDEA4-288x300.jpg\" srcset=\"https:\/\/blogsaverroes.juntadeandalucia.es\/iesfranciscorodriguezmarin\/files\/2019\/11\/ALDEA4-288x300.jpg 288w, https:\/\/blogsaverroes.juntadeandalucia.es\/iesfranciscorodriguezmarin\/files\/2019\/11\/ALDEA4-24x24.jpg 24w, https:\/\/blogsaverroes.juntadeandalucia.es\/iesfranciscorodriguezmarin\/files\/2019\/11\/ALDEA4-46x48.jpg 46w, https:\/\/blogsaverroes.juntadeandalucia.es\/iesfranciscorodriguezmarin\/files\/2019\/11\/ALDEA4.jpg 491w\" sizes=\"(max-width: 288px) 100vw, 288px\" \/><\/a><\/p>\n<p>El acto de entrega de este premio ha estado presidido por la delegada municipal de Educaci\u00f3n, Ana M\u00aa Lebr\u00f3n, junto con &nbsp;la directora del centro, Ana M\u00aa L\u00f3pez, adem\u00e1s del profesor Marcos Quijada, profesor&nbsp; vinculado al programa \u201cAldea\u201d que se desarrolla en este centro educativo. Adem\u00e1s, en este acto, tambi\u00e9n han estado presentes los t\u00e9cnicos de la Consejer\u00eda de Agricultura, Ganader\u00eda, Pesca y Desarrollo Sostenible, y a su vez de los programas \u201cAldea\u201d y \u201cEducaves\u201d, Soledad Mellado y Francisco Parre\u00f1o, respectivamente.<\/p>\n<p>En su intervenci\u00f3n, la delegada municipal de Educaci\u00f3n ha felicitado al alumno ganador, as\u00ed como ha trasladado su felicitaci\u00f3n al profesorado y la direcci\u00f3n del centro por desarrollar actividades que promueven la educaci\u00f3n medioambiental y poner en marcha diferentes talleres que suponen la participaci\u00f3n del alumnado y la implicaci\u00f3n del profesorado m\u00e1s all\u00e1 del propio trabajo formativo en las materias que desempe\u00f1an.<\/p>\n<p>Igualmente, la directora del IES Rodr\u00edguez Mar\u00edn ha felicitado al alumno transmiti\u00e9ndolo su satisfacci\u00f3n en nombre de toda la comunidad educativa por el reconocimiento a su talento creativo y su capacidad de plasmar en su dibujo el entorno natural y su compromiso e implicaci\u00f3n con el mismo.<a href=\"https:\/\/blogsaverroes.juntadeandalucia.es\/iesfranciscorodriguezmarin\/files\/2019\/11\/ALDEA1.jpg\"><img loading=\"lazy\" decoding=\"async\" width=\"846\" height=\"577\" class=\"aligncenter size-full wp-image-7552\" alt=\"\" src=\"https:\/\/blogsaverroes.juntadeandalucia.es\/iesfranciscorodriguezmarin\/files\/2019\/11\/ALDEA1.jpg\" srcset=\"https:\/\/blogsaverroes.juntadeandalucia.es\/iesfranciscorodriguezmarin\/files\/2019\/11\/ALDEA1.jpg 846w, https:\/\/blogsaverroes.juntadeandalucia.es\/iesfranciscorodriguezmarin\/files\/2019\/11\/ALDEA1-300x205.jpg 300w, https:\/\/blogsaverroes.juntadeandalucia.es\/iesfranciscorodriguezmarin\/files\/2019\/11\/ALDEA1-768x524.jpg 768w, https:\/\/blogsaverroes.juntadeandalucia.es\/iesfranciscorodriguezmarin\/files\/2019\/11\/ALDEA1-24x16.jpg 24w, https:\/\/blogsaverroes.juntadeandalucia.es\/iesfranciscorodriguezmarin\/files\/2019\/11\/ALDEA1-36x25.jpg 36w, https:\/\/blogsaverroes.juntadeandalucia.es\/iesfranciscorodriguezmarin\/files\/2019\/11\/ALDEA1-48x33.jpg 48w\" sizes=\"(max-width: 846px) 100vw, 846px\" \/><\/a><\/p>\n<p>Por su parte, el profesor Marcos Quijada ha descrito el trabajo que, en materia de medio ambiente y de concienciaci\u00f3n medioambiental se est\u00e1 llevando a cabo en el IES Rodr\u00edguez Mar\u00edn, con distintas campa\u00f1as relacionadas con los residuos y con el reciclaje, con la recogida de papel, de aluminio, de pilas, la celebraci\u00f3n de una gymkana medioambiental en la Feria de la Ciencia, senderismo, plantaciones en los jardines para el conocimiento de las especies y en el huerto del centro, etc.<\/p>\n<p>Adem\u00e1s del reconocimiento al alumno por su dibujo, desde la Consejer\u00eda de Agricultura, Ganader\u00eda, Pesca y Desarrollo Sostenible se ha hecho entrega a Ismael Heredia de una gu\u00eda de aves, as\u00ed como de unos prism\u00e1ticos para el centro junto con material formativo y did\u00e1ctico relacionado con distintos tipos de aves.<\/p>\n<p>El acto ha concluido con la plantaci\u00f3n de un cipr\u00e9s en un patio interior de reciente recuperaci\u00f3n en este centro educativo. Una plantaci\u00f3n que ha realizado el alumnado de primero de ESO y de primero de Bachillerato y de la que igualmente han participado la delegada municipal de Educaci\u00f3n, la directora del centro y el alumno premiado. <a href=\"https:\/\/blogsaverroes.juntadeandalucia.es\/iesfranciscorodriguezmarin\/files\/2019\/11\/ALDEA3.jpg\"><img loading=\"lazy\" decoding=\"async\" width=\"960\" height=\"540\" class=\"aligncenter size-full wp-image-7554\" alt=\"\" src=\"https:\/\/blogsaverroes.juntadeandalucia.es\/iesfranciscorodriguezmarin\/files\/2019\/11\/ALDEA3.jpg\" srcset=\"https:\/\/blogsaverroes.juntadeandalucia.es\/iesfranciscorodriguezmarin\/files\/2019\/11\/ALDEA3.jpg 960w, https:\/\/blogsaverroes.juntadeandalucia.es\/iesfranciscorodriguezmarin\/files\/2019\/11\/ALDEA3-300x169.jpg 300w, https:\/\/blogsaverroes.juntadeandalucia.es\/iesfranciscorodriguezmarin\/files\/2019\/11\/ALDEA3-768x432.jpg 768w, https:\/\/blogsaverroes.juntadeandalucia.es\/iesfranciscorodriguezmarin\/files\/2019\/11\/ALDEA3-24x14.jpg 24w, https:\/\/blogsaverroes.juntadeandalucia.es\/iesfranciscorodriguezmarin\/files\/2019\/11\/ALDEA3-36x20.jpg 36w, https:\/\/blogsaverroes.juntadeandalucia.es\/iesfranciscorodriguezmarin\/files\/2019\/11\/ALDEA3-48x27.jpg 48w\" sizes=\"(max-width: 960px) 100vw, 960px\" \/><\/a><\/p>\n","protected":false},"excerpt":{"rendered":"<p>El dibujo realizado por nuestro alumno de primero de bachillerato Ismael Heredia y titulado \u201cEl escaramujo\u201d, ha recibido uno de los premios del programa \u201cAldea\u201d, convocados por la Consejer\u00eda de Agricultura y Medio Ambiente de la Junta de Andaluc\u00eda, programa&#46;&#46;&#46;<\/p>\n","protected":false},"author":2333,"featured_media":7556,"comment_status":"closed","ping_status":"open","sticky":false,"template":"","format":"standard","meta":{"ngg_post_thumbnail":0,"footnotes":""},"categories":[217183],"tags":[],"aioseo_notices":[],"_links":{"self":[{"href":"https:\/\/blogsaverroes.juntadeandalucia.es\/iesfranciscorodriguezmarin\/index.php?rest_route=\/wp\/v2\/posts\/7551"}],"collection":[{"href":"https:\/\/blogsaverroes.juntadeandalucia.es\/iesfranciscorodriguezmarin\/index.php?rest_route=\/wp\/v2\/posts"}],"about":[{"href":"https:\/\/blogsaverroes.juntadeandalucia.es\/iesfranciscorodriguezmarin\/index.php?rest_route=\/wp\/v2\/types\/post"}],"author":[{"embeddable":true,"href":"https:\/\/blogsaverroes.juntadeandalucia.es\/iesfranciscorodriguezmarin\/index.php?rest_route=\/wp\/v2\/users\/2333"}],"replies":[{"embeddable":true,"href":"https:\/\/blogsaverroes.juntadeandalucia.es\/iesfranciscorodriguezmarin\/index.php?rest_route=%2Fwp%2Fv2%2Fcomments&post=7551"}],"version-history":[{"count":4,"href":"https:\/\/blogsaverroes.juntadeandalucia.es\/iesfranciscorodriguezmarin\/index.php?rest_route=\/wp\/v2\/posts\/7551\/revisions"}],"predecessor-version":[{"id":7557,"href":"https:\/\/blogsaverroes.juntadeandalucia.es\/iesfranciscorodriguezmarin\/index.php?rest_route=\/wp\/v2\/posts\/7551\/revisions\/7557"}],"wp:featuredmedia":[{"embeddable":true,"href":"https:\/\/blogsaverroes.juntadeandalucia.es\/iesfranciscorodriguezmarin\/index.php?rest_route=\/wp\/v2\/media\/7556"}],"wp:attachment":[{"href":"https:\/\/blogsaverroes.juntadeandalucia.es\/iesfranciscorodriguezmarin\/index.php?rest_route=%2Fwp%2Fv2%2Fmedia&parent=7551"}],"wp:term":[{"taxonomy":"category","embeddable":true,"href":"https:\/\/blogsaverroes.juntadeandalucia.es\/iesfranciscorodriguezmarin\/index.php?rest_route=%2Fwp%2Fv2%2Fcategories&post=7551"},{"taxonomy":"post_tag","embeddable":true,"href":"https:\/\/blogsaverroes.juntadeandalucia.es\/iesfranciscorodriguezmarin\/index.php?rest_route=%2Fwp%2Fv2%2Ftags&post=7551"}],"curies":[{"name":"wp","href":"https:\/\/api.w.org\/{rel}","templated":true}]}}