{"id":8588,"date":"2021-09-29T20:00:56","date_gmt":"2021-09-29T20:00:56","guid":{"rendered":"https:\/\/blogsaverroes.juntadeandalucia.es\/iesfranciscorodriguezmarin\/?p=8588"},"modified":"2021-09-30T07:27:15","modified_gmt":"2021-09-30T07:27:15","slug":"premiado-nuestro-alumnado-y-profesorado-en-el-concurso-ciencia-en-accion-xxii-no-presencial-y-adopta-una-estrella","status":"publish","type":"post","link":"https:\/\/blogsaverroes.juntadeandalucia.es\/iesfranciscorodriguezmarin\/?p=8588","title":{"rendered":"Premiados nuestro alumnado y profesorado en el concurso Ciencia en Acci\u00f3n XXII No Presencial y Adopta una Estrella"},"content":{"rendered":"<p><span style=\"font-size: 12pt\">&nbsp;<\/span><strong><span style=\"font-size: 12pt\">Enhorabuena a nuestro alumnado y profesorado del IES Francisco Rodr\u00edguez Mar\u00edn participantes en el concurso internacional <em>Ciencia en Acci\u00f3n<\/em>&nbsp;porque han conseguido:<\/span><a href=\"https:\/\/blogsaverroes.juntadeandalucia.es\/iesfranciscorodriguezmarin\/files\/2021\/09\/ciencia-en-accion.png\"><img loading=\"lazy\" decoding=\"async\" class=\"wp-image-8598 alignleft\" src=\"https:\/\/blogsaverroes.juntadeandalucia.es\/iesfranciscorodriguezmarin\/files\/2021\/09\/ciencia-en-accion.png\" alt=\"\" width=\"278\" height=\"160\"><\/a><\/strong><\/p>\n<ul>\n<li><strong>1r Premio al trabajo<em> \u201cBaile celular humano\u201d<\/em>.<\/strong> Modalidad \u201cPuesta en Escena\u201d (Premio Comunidad Educativa de Atarfe)<\/li>\n<li><strong>Menci\u00f3n de Honor trabajo \u201c<\/strong><em><strong>Emisiones de CO2 dentro del aula<\/strong><\/em><strong>\u201d<\/strong>. Modalidad \u201cSTEAM\u201d (Premio Ayuntamiento de Atarfe)<\/li>\n<li><strong>Menci\u00f3n de Honor al trabajo<\/strong> <em><strong>\u201cCreaci\u00f3n de Scape Room Matem\u00e1tico\u201d <\/strong>Modalidad \u201cLaboratorio de Matem\u00e1ticas\u201d (Premio ICMAT)<\/em><\/li>\n<\/ul>\n<p><strong>Ciencia en Acci\u00f3n<\/strong> es un&nbsp;<strong>concurso internacional dirigido a estudiantes, profesores, investigadores y divulgadores de la comunidad cient\u00edfica<\/strong>, en cualquiera de sus disciplinas.&nbsp;<strong>Su principal objetivo es presentar la ciencia de una manera atractiva y motivadora<\/strong>, de modo que los j\u00f3venes y el gran p\u00fablico se interesen por ella y a lo largo del concurso disfruten atendiendo las conferencias, observando y participando en la feria, y los m\u00e1s animados subiendo a la gran experiencia.<\/p>\n<p>&nbsp;<\/p>\n<h1><strong>PREMIOS<\/strong><\/h1>\n<h2><strong>Modalidad \u201cPuesta en Escena\u201d (Premio Comunidad Educativa de Atarfe).<a href=\"https:\/\/blogsaverroes.juntadeandalucia.es\/iesfranciscorodriguezmarin\/files\/2021\/09\/1632937497164.jpg\"><img loading=\"lazy\" decoding=\"async\" class=\"alignright wp-image-8589 size-medium\" src=\"https:\/\/blogsaverroes.juntadeandalucia.es\/iesfranciscorodriguezmarin\/files\/2021\/09\/1632937497164-300x167.jpg\" alt=\"\" width=\"300\" height=\"167\" srcset=\"https:\/\/blogsaverroes.juntadeandalucia.es\/iesfranciscorodriguezmarin\/files\/2021\/09\/1632937497164-300x167.jpg 300w, https:\/\/blogsaverroes.juntadeandalucia.es\/iesfranciscorodriguezmarin\/files\/2021\/09\/1632937497164-1024x571.jpg 1024w, https:\/\/blogsaverroes.juntadeandalucia.es\/iesfranciscorodriguezmarin\/files\/2021\/09\/1632937497164-768x428.jpg 768w, https:\/\/blogsaverroes.juntadeandalucia.es\/iesfranciscorodriguezmarin\/files\/2021\/09\/1632937497164-1536x856.jpg 1536w, https:\/\/blogsaverroes.juntadeandalucia.es\/iesfranciscorodriguezmarin\/files\/2021\/09\/1632937497164.jpg 1600w\" sizes=\"(max-width: 300px) 100vw, 300px\" \/><\/a><\/strong><\/h2>\n<p>Por la excelente filmaci\u00f3n con drones de una lecci\u00f3n cient\u00edfica al aire libre, por el buen hacer de los estudiantes sincronizando movimiento, m\u00fasica y canciones, por la estrecha colaboraci\u00f3n entre diversos departamentos y por la magn\u00edfica direcci\u00f3n del espect\u00e1culo, se concede <strong>1r Premio al trabajo <em>\u201cBaile celular humano\u201d<\/em><\/strong> de Diego Castellano, Antonio Dom\u00ednguez, Alejandro Alonso, Ana Morales, Eva Mart\u00edn, Rebeca Ojeda y Juan Diego Guill del IES Francisco Rodr\u00edguez Mar\u00edn y el IES Sierra Sur de Osuna (Sevilla).<\/p>\n<p><iframe loading=\"lazy\" src=\"\/\/www.youtube.com\/embed\/C4-o2JKtnnY\" width=\"560\" height=\"315\" frameborder=\"0\"><\/iframe><\/p>\n<p><a href=\"https:\/\/youtu.be\/C4-o2JKtnnY\">https:\/\/youtu.be\/C4-o2JKtnnY<\/a><\/p>\n<p>&nbsp;<\/p>\n<h2><strong>Modalidad \u201cSTEAM\u201d (Premio Ayuntamiento de Atarfe).<a href=\"https:\/\/blogsaverroes.juntadeandalucia.es\/iesfranciscorodriguezmarin\/files\/2021\/09\/1632937497354.jpg\"><img loading=\"lazy\" decoding=\"async\" class=\"alignright wp-image-8597 size-medium\" src=\"https:\/\/blogsaverroes.juntadeandalucia.es\/iesfranciscorodriguezmarin\/files\/2021\/09\/1632937497354-300x169.jpg\" alt=\"\" width=\"300\" height=\"169\" srcset=\"https:\/\/blogsaverroes.juntadeandalucia.es\/iesfranciscorodriguezmarin\/files\/2021\/09\/1632937497354-300x169.jpg 300w, https:\/\/blogsaverroes.juntadeandalucia.es\/iesfranciscorodriguezmarin\/files\/2021\/09\/1632937497354-1024x577.jpg 1024w, https:\/\/blogsaverroes.juntadeandalucia.es\/iesfranciscorodriguezmarin\/files\/2021\/09\/1632937497354-768x432.jpg 768w, https:\/\/blogsaverroes.juntadeandalucia.es\/iesfranciscorodriguezmarin\/files\/2021\/09\/1632937497354-1536x865.jpg 1536w, https:\/\/blogsaverroes.juntadeandalucia.es\/iesfranciscorodriguezmarin\/files\/2021\/09\/1632937497354.jpg 1600w\" sizes=\"(max-width: 300px) 100vw, 300px\" \/><\/a><\/strong><\/h2>\n<p>Por la realizaci\u00f3n de un proyecto que sigue todos los&nbsp; pasos del m\u00e9todo cient\u00edfico y hace un servicio a la comunidad al determinar las concentraciones de CO2 en las aulas de su centro, calcular las \u00e1reas de ventilaci\u00f3n y realizar experimentos controlados para determinar las tasa de renovaci\u00f3n de aire siguiendo las normas del CSIC, se concede <strong>Menci\u00f3n de Honor trabajo \u201c<\/strong><em><strong>Emisiones de CO2 dentro del aula<\/strong><\/em><strong>\u201d<\/strong> de Diego Castellano, Arcadio Cuevas, Adri\u00e1n Linares, Julio Moreno, Jes\u00fas Morales y Juan S\u00e1nchez del IES Francisco Rodr\u00edguez Mar\u00edn de Osuna (Sevilla).<\/p>\n<p><iframe loading=\"lazy\" src=\"\/\/www.youtube.com\/embed\/BCOKJzLo-Ek\" width=\"560\" height=\"314\"><\/iframe><\/p>\n<p><a href=\"https:\/\/youtu.be\/BCOKJzLo-Ek\">https:\/\/youtu.be\/BCOKJzLo-Ek<\/a><\/p>\n<p>&nbsp;<\/p>\n<h2><strong>Modalidad \u201cLaboratorio de Matem\u00e1ticas\u201d (Premio ICMAT)<\/strong><\/h2>\n<p>Por un proyecto original y divertido, que implica a los alumnos en la b\u00fasqueda de soluciones para la mejora de la educaci\u00f3n, se concede <strong>Menci\u00f3n de Honor al trabajo <em>\u201cCreaci\u00f3n de Scape Room Matem\u00e1tico\u201d<\/em><\/strong> de Diego Castellano, Margarita Rodr\u00edguez, Laura Escamilla, Marta Jim\u00e9nez, Jos\u00e9 Dom\u00ednguez, Roc\u00edo Miges, Ainara V\u00e1zquez, Gabriel S\u00e1nchez, Ana Mar\u00eda Cubiles y \u00c1lvaro Mancera del IES Francisco Rodr\u00edguez Mar\u00edn de Osuna (Sevilla).<\/p>\n<p><iframe loading=\"lazy\" src=\"\/\/www.youtube.com\/embed\/KuxIxPeUi_4\" width=\"560\" height=\"314\"><\/iframe><\/p>\n<table style=\"width: 87.4569%;height: 765px\">\n<tbody>\n<tr style=\"height: 359px\">\n<td style=\"height: 359px\" width=\"349\">&nbsp;<\/p>\n<p><a href=\"https:\/\/blogsaverroes.juntadeandalucia.es\/iesfranciscorodriguezmarin\/files\/2021\/09\/1632937497287.jpg\"><img loading=\"lazy\" decoding=\"async\" class=\"aligncenter size-full wp-image-8594\" src=\"https:\/\/blogsaverroes.juntadeandalucia.es\/iesfranciscorodriguezmarin\/files\/2021\/09\/1632937497287.jpg\" alt=\"\" width=\"1600\" height=\"1200\" srcset=\"https:\/\/blogsaverroes.juntadeandalucia.es\/iesfranciscorodriguezmarin\/files\/2021\/09\/1632937497287.jpg 1600w, https:\/\/blogsaverroes.juntadeandalucia.es\/iesfranciscorodriguezmarin\/files\/2021\/09\/1632937497287-300x225.jpg 300w, https:\/\/blogsaverroes.juntadeandalucia.es\/iesfranciscorodriguezmarin\/files\/2021\/09\/1632937497287-1024x768.jpg 1024w, https:\/\/blogsaverroes.juntadeandalucia.es\/iesfranciscorodriguezmarin\/files\/2021\/09\/1632937497287-768x576.jpg 768w, https:\/\/blogsaverroes.juntadeandalucia.es\/iesfranciscorodriguezmarin\/files\/2021\/09\/1632937497287-1536x1152.jpg 1536w\" sizes=\"(max-width: 1600px) 100vw, 1600px\" \/><\/a><\/td>\n<td style=\"height: 359px\" width=\"349\">&nbsp;<\/p>\n<p><a href=\"https:\/\/blogsaverroes.juntadeandalucia.es\/iesfranciscorodriguezmarin\/files\/2021\/09\/1632937497326.jpg\"><img loading=\"lazy\" decoding=\"async\" class=\"aligncenter size-full wp-image-8595\" src=\"https:\/\/blogsaverroes.juntadeandalucia.es\/iesfranciscorodriguezmarin\/files\/2021\/09\/1632937497326.jpg\" alt=\"\" width=\"1600\" height=\"1200\" srcset=\"https:\/\/blogsaverroes.juntadeandalucia.es\/iesfranciscorodriguezmarin\/files\/2021\/09\/1632937497326.jpg 1600w, https:\/\/blogsaverroes.juntadeandalucia.es\/iesfranciscorodriguezmarin\/files\/2021\/09\/1632937497326-300x225.jpg 300w, https:\/\/blogsaverroes.juntadeandalucia.es\/iesfranciscorodriguezmarin\/files\/2021\/09\/1632937497326-1024x768.jpg 1024w, https:\/\/blogsaverroes.juntadeandalucia.es\/iesfranciscorodriguezmarin\/files\/2021\/09\/1632937497326-768x576.jpg 768w, https:\/\/blogsaverroes.juntadeandalucia.es\/iesfranciscorodriguezmarin\/files\/2021\/09\/1632937497326-1536x1152.jpg 1536w\" sizes=\"(max-width: 1600px) 100vw, 1600px\" \/><\/a><\/td>\n<\/tr>\n<tr style=\"height: 359px\">\n<td style=\"height: 359px\" width=\"349\">&nbsp;<\/p>\n<p><a href=\"https:\/\/blogsaverroes.juntadeandalucia.es\/iesfranciscorodriguezmarin\/files\/2021\/09\/1632937497339.jpg\"><img loading=\"lazy\" decoding=\"async\" class=\"aligncenter size-full wp-image-8596\" src=\"https:\/\/blogsaverroes.juntadeandalucia.es\/iesfranciscorodriguezmarin\/files\/2021\/09\/1632937497339.jpg\" alt=\"\" width=\"1600\" height=\"1200\" srcset=\"https:\/\/blogsaverroes.juntadeandalucia.es\/iesfranciscorodriguezmarin\/files\/2021\/09\/1632937497339.jpg 1600w, https:\/\/blogsaverroes.juntadeandalucia.es\/iesfranciscorodriguezmarin\/files\/2021\/09\/1632937497339-300x225.jpg 300w, https:\/\/blogsaverroes.juntadeandalucia.es\/iesfranciscorodriguezmarin\/files\/2021\/09\/1632937497339-1024x768.jpg 1024w, https:\/\/blogsaverroes.juntadeandalucia.es\/iesfranciscorodriguezmarin\/files\/2021\/09\/1632937497339-768x576.jpg 768w, https:\/\/blogsaverroes.juntadeandalucia.es\/iesfranciscorodriguezmarin\/files\/2021\/09\/1632937497339-1536x1152.jpg 1536w\" sizes=\"(max-width: 1600px) 100vw, 1600px\" \/><\/a><\/p>\n<p>&nbsp;<\/td>\n<td style=\"height: 359px\" width=\"349\"><a href=\"https:\/\/blogsaverroes.juntadeandalucia.es\/iesfranciscorodriguezmarin\/files\/2021\/09\/1632937497191.jpg\"><img loading=\"lazy\" decoding=\"async\" class=\"aligncenter size-full wp-image-8590\" src=\"https:\/\/blogsaverroes.juntadeandalucia.es\/iesfranciscorodriguezmarin\/files\/2021\/09\/1632937497191.jpg\" alt=\"\" width=\"1600\" height=\"1200\" srcset=\"https:\/\/blogsaverroes.juntadeandalucia.es\/iesfranciscorodriguezmarin\/files\/2021\/09\/1632937497191.jpg 1600w, https:\/\/blogsaverroes.juntadeandalucia.es\/iesfranciscorodriguezmarin\/files\/2021\/09\/1632937497191-300x225.jpg 300w, https:\/\/blogsaverroes.juntadeandalucia.es\/iesfranciscorodriguezmarin\/files\/2021\/09\/1632937497191-1024x768.jpg 1024w, https:\/\/blogsaverroes.juntadeandalucia.es\/iesfranciscorodriguezmarin\/files\/2021\/09\/1632937497191-768x576.jpg 768w, https:\/\/blogsaverroes.juntadeandalucia.es\/iesfranciscorodriguezmarin\/files\/2021\/09\/1632937497191-1536x1152.jpg 1536w\" sizes=\"(max-width: 1600px) 100vw, 1600px\" \/><\/a><\/td>\n<\/tr>\n<\/tbody>\n<\/table>\n<h2 style=\"text-align: center\"><strong>CIENCIA EN ACCION XXII<\/strong><\/h2>\n<h2 style=\"text-align: center\"><strong>28 y 29 de septiembre 2021<\/strong><\/h2>\n<h2 style=\"text-align: center\"><strong>Final Online<\/strong><\/h2>\n<p><a href=\"https:\/\/blogsaverroes.juntadeandalucia.es\/iesfranciscorodriguezmarin\/files\/2021\/09\/FINAL-ONLINE.png\"><img loading=\"lazy\" decoding=\"async\" class=\"aligncenter size-full wp-image-8601\" src=\"https:\/\/blogsaverroes.juntadeandalucia.es\/iesfranciscorodriguezmarin\/files\/2021\/09\/FINAL-ONLINE.png\" alt=\"\" width=\"392\" height=\"494\" srcset=\"https:\/\/blogsaverroes.juntadeandalucia.es\/iesfranciscorodriguezmarin\/files\/2021\/09\/FINAL-ONLINE.png 392w, https:\/\/blogsaverroes.juntadeandalucia.es\/iesfranciscorodriguezmarin\/files\/2021\/09\/FINAL-ONLINE-238x300.png 238w\" sizes=\"(max-width: 392px) 100vw, 392px\" \/><\/a><\/p>\n<p>&nbsp;<\/p>\n","protected":false},"excerpt":{"rendered":"<p>&nbsp;Enhorabuena a nuestro alumnado y profesorado del IES Francisco Rodr\u00edguez Mar\u00edn participantes en el concurso internacional Ciencia en Acci\u00f3n&nbsp;porque han conseguido: 1r Premio al trabajo \u201cBaile celular humano\u201d. Modalidad \u201cPuesta en Escena\u201d (Premio Comunidad Educativa de Atarfe) Menci\u00f3n de Honor&#46;&#46;&#46;<\/p>\n","protected":false},"author":2333,"featured_media":8598,"comment_status":"closed","ping_status":"open","sticky":false,"template":"","format":"standard","meta":{"ngg_post_thumbnail":0,"footnotes":""},"categories":[926],"tags":[],"aioseo_notices":[],"_links":{"self":[{"href":"https:\/\/blogsaverroes.juntadeandalucia.es\/iesfranciscorodriguezmarin\/index.php?rest_route=\/wp\/v2\/posts\/8588"}],"collection":[{"href":"https:\/\/blogsaverroes.juntadeandalucia.es\/iesfranciscorodriguezmarin\/index.php?rest_route=\/wp\/v2\/posts"}],"about":[{"href":"https:\/\/blogsaverroes.juntadeandalucia.es\/iesfranciscorodriguezmarin\/index.php?rest_route=\/wp\/v2\/types\/post"}],"author":[{"embeddable":true,"href":"https:\/\/blogsaverroes.juntadeandalucia.es\/iesfranciscorodriguezmarin\/index.php?rest_route=\/wp\/v2\/users\/2333"}],"replies":[{"embeddable":true,"href":"https:\/\/blogsaverroes.juntadeandalucia.es\/iesfranciscorodriguezmarin\/index.php?rest_route=%2Fwp%2Fv2%2Fcomments&post=8588"}],"version-history":[{"count":11,"href":"https:\/\/blogsaverroes.juntadeandalucia.es\/iesfranciscorodriguezmarin\/index.php?rest_route=\/wp\/v2\/posts\/8588\/revisions"}],"predecessor-version":[{"id":8608,"href":"https:\/\/blogsaverroes.juntadeandalucia.es\/iesfranciscorodriguezmarin\/index.php?rest_route=\/wp\/v2\/posts\/8588\/revisions\/8608"}],"wp:featuredmedia":[{"embeddable":true,"href":"https:\/\/blogsaverroes.juntadeandalucia.es\/iesfranciscorodriguezmarin\/index.php?rest_route=\/wp\/v2\/media\/8598"}],"wp:attachment":[{"href":"https:\/\/blogsaverroes.juntadeandalucia.es\/iesfranciscorodriguezmarin\/index.php?rest_route=%2Fwp%2Fv2%2Fmedia&parent=8588"}],"wp:term":[{"taxonomy":"category","embeddable":true,"href":"https:\/\/blogsaverroes.juntadeandalucia.es\/iesfranciscorodriguezmarin\/index.php?rest_route=%2Fwp%2Fv2%2Fcategories&post=8588"},{"taxonomy":"post_tag","embeddable":true,"href":"https:\/\/blogsaverroes.juntadeandalucia.es\/iesfranciscorodriguezmarin\/index.php?rest_route=%2Fwp%2Fv2%2Ftags&post=8588"}],"curies":[{"name":"wp","href":"https:\/\/api.w.org\/{rel}","templated":true}]}}