{"id":13060,"date":"2026-03-03T08:05:29","date_gmt":"2026-03-03T08:05:29","guid":{"rendered":"https:\/\/blogsaverroes.juntadeandalucia.es\/iesfrayluisdegranada\/?p=13060"},"modified":"2026-04-02T06:29:29","modified_gmt":"2026-04-02T06:29:29","slug":"solicitud-de-admision","status":"publish","type":"post","link":"https:\/\/blogsaverroes.juntadeandalucia.es\/iesfrayluisdegranada\/solicitud-de-admision\/","title":{"rendered":"Solicita aqu\u00ed tu plaza (plazo ampliado hasta el 7 de abril)"},"content":{"rendered":"\t\t<div data-elementor-type=\"wp-post\" data-elementor-id=\"13060\" class=\"elementor elementor-13060\">\n\t\t\t\t\t\t<section class=\"elementor-section elementor-top-section elementor-element elementor-element-9395b82 elementor-section-boxed elementor-section-height-default elementor-section-height-default\" data-id=\"9395b82\" data-element_type=\"section\">\n\t\t\t\t\t\t<div class=\"elementor-container elementor-column-gap-default\">\n\t\t\t\t\t<div class=\"elementor-column elementor-col-100 elementor-top-column elementor-element elementor-element-04ee127\" data-id=\"04ee127\" data-element_type=\"column\">\n\t\t\t<div class=\"elementor-widget-wrap elementor-element-populated\">\n\t\t\t\t\t\t<div class=\"elementor-element elementor-element-48928e6 elementor-widget elementor-widget-text-editor\" data-id=\"48928e6\" data-element_type=\"widget\" data-widget_type=\"text-editor.default\">\n\t\t\t\t<div class=\"elementor-widget-container\">\n\t\t\t\t\t\t\t\t\t<h4 class=\"titulo\" style=\"text-align: center\"><strong>Presentaci\u00f3n de solicitudes en procedimiento ordinario<\/strong><\/h4><p style=\"text-align: center\"><a href=\"https:\/\/secretariavirtual.juntadeandalucia.es\/secretariavirtual\/accesoTramite\/543\/\" target=\"_blank\" rel=\"noopener\"><span style=\"text-decoration: underline;color: #3366ff\"><strong>Presentaci\u00f3n telem\u00e1tica de la solicitud<\/strong><\/span><\/a><\/p><p><span style=\"text-decoration: underline;color: #3366ff\"><strong><a href=\"https:\/\/secretariavirtual.juntadeandalucia.es\/secretariavirtual\/accesoTramite\/573\/\"><img decoding=\"async\" class=\"aligncenter wp-image-12972\" src=\"https:\/\/blogsaverroes.juntadeandalucia.es\/iesfrayluisdegranada\/files\/2026\/01\/ico_enlace-ext.jpg\" alt=\"\" width=\"53\" height=\"53\" \/><\/a><\/strong><\/span><\/p><p>V\u00eddeo de ayuda para el tr\u00e1mite telem\u00e1tico de admisi\u00f3n:<\/p><p><iframe src=\"https:\/\/www.youtube.com\/embed\/Y4wkwtMteVY?si=OTSRB4gU9kiOVn7q\" width=\"560\" height=\"315\" frameborder=\"0\"><\/iframe><\/p><p style=\"text-align: left\"><span style=\"text-decoration: underline;color: #000000\"><strong>Toda la informaci\u00f3n:<\/strong><\/span><\/p><p><a href=\"https:\/\/blogsaverroes.juntadeandalucia.es\/iesfrayluisdegranada\/secretaria\/admision\/\">ADMINISTRACI\u00d3N \/ Admisi\u00f3n ESO-BCH 2026-2027<\/a><\/p><p>\u00a0<\/p>\t\t\t\t\t\t\t\t<\/div>\n\t\t\t\t<\/div>\n\t\t\t\t\t<\/div>\n\t\t<\/div>\n\t\t\t\t\t<\/div>\n\t\t<\/section>\n\t\t\t\t<\/div>\n\t\t","protected":false},"excerpt":{"rendered":"<p>Presentaci\u00f3n de solicitudes en procedimiento ordinario Presentaci\u00f3n telem\u00e1tica de la solicitud V\u00eddeo de ayuda para el tr\u00e1mite telem\u00e1tico de admisi\u00f3n: Toda la informaci\u00f3n: ADMINISTRACI\u00d3N \/ Admisi\u00f3n ESO-BCH 2026-2027<\/p>\n","protected":false},"author":2185,"featured_media":11746,"comment_status":"closed","ping_status":"closed","sticky":false,"template":"","format":"standard","meta":{"ngg_post_thumbnail":0,"footnotes":""},"categories":[11909],"tags":[],"aioseo_notices":[],"_links":{"self":[{"href":"https:\/\/blogsaverroes.juntadeandalucia.es\/iesfrayluisdegranada\/wp-json\/wp\/v2\/posts\/13060"}],"collection":[{"href":"https:\/\/blogsaverroes.juntadeandalucia.es\/iesfrayluisdegranada\/wp-json\/wp\/v2\/posts"}],"about":[{"href":"https:\/\/blogsaverroes.juntadeandalucia.es\/iesfrayluisdegranada\/wp-json\/wp\/v2\/types\/post"}],"author":[{"embeddable":true,"href":"https:\/\/blogsaverroes.juntadeandalucia.es\/iesfrayluisdegranada\/wp-json\/wp\/v2\/users\/2185"}],"replies":[{"embeddable":true,"href":"https:\/\/blogsaverroes.juntadeandalucia.es\/iesfrayluisdegranada\/wp-json\/wp\/v2\/comments?post=13060"}],"version-history":[{"count":6,"href":"https:\/\/blogsaverroes.juntadeandalucia.es\/iesfrayluisdegranada\/wp-json\/wp\/v2\/posts\/13060\/revisions"}],"predecessor-version":[{"id":13290,"href":"https:\/\/blogsaverroes.juntadeandalucia.es\/iesfrayluisdegranada\/wp-json\/wp\/v2\/posts\/13060\/revisions\/13290"}],"wp:featuredmedia":[{"embeddable":true,"href":"https:\/\/blogsaverroes.juntadeandalucia.es\/iesfrayluisdegranada\/wp-json\/wp\/v2\/media\/11746"}],"wp:attachment":[{"href":"https:\/\/blogsaverroes.juntadeandalucia.es\/iesfrayluisdegranada\/wp-json\/wp\/v2\/media?parent=13060"}],"wp:term":[{"taxonomy":"category","embeddable":true,"href":"https:\/\/blogsaverroes.juntadeandalucia.es\/iesfrayluisdegranada\/wp-json\/wp\/v2\/categories?post=13060"},{"taxonomy":"post_tag","embeddable":true,"href":"https:\/\/blogsaverroes.juntadeandalucia.es\/iesfrayluisdegranada\/wp-json\/wp\/v2\/tags?post=13060"}],"curies":[{"name":"wp","href":"https:\/\/api.w.org\/{rel}","templated":true}]}}