{"id":3012,"date":"2018-09-25T16:20:39","date_gmt":"2018-09-25T16:20:39","guid":{"rendered":"https:\/\/blogsaverroes.juntadeandalucia.es\/iesfrayluisdegranada\/?p=3012"},"modified":"2018-09-25T16:20:39","modified_gmt":"2018-09-25T16:20:39","slug":"programa-de-becas-fundacion-amancio-ortega","status":"publish","type":"post","link":"https:\/\/blogsaverroes.juntadeandalucia.es\/iesfrayluisdegranada\/programa-de-becas-fundacion-amancio-ortega\/","title":{"rendered":"Programa de Becas Fundaci\u00f3n Amancio Ortega"},"content":{"rendered":"<p style=\"text-align: left\"><strong>Comunicado de la Fundaci\u00f3n Amancio Ortega para los institutos:<\/strong><\/p>\n<p>&nbsp;<\/p>\n<p style=\"text-align: justify\">Desde el Programa de Becas de la Fundaci\u00f3n Amancio Ortega, les informamos de la apertura del plazo de inscripci\u00f3n de la edici\u00f3n 2019-2020 del Programa, dirigido a alumnos de 4\u00ba de ESO de centros educativos espa\u00f1oles que deseen cursar 1\u00ba de Bachillerato en Canad\u00e1 o Estados Unidos.<\/p>\n<p style=\"text-align: justify\">El Programa convoca un total de 600 becas para ambos destinos.<\/p>\n<p style=\"text-align: justify\">Agradecemos de antemano la colaboraci\u00f3n de su centro en la difusi\u00f3n de esta informaci\u00f3n entre los estudiantes de 4\u00ba de E.S.O. que pudiesen estar interesados.<\/p>\n<p>Podr\u00e1n encontrar m\u00e1s informaci\u00f3n de inter\u00e9s en los siguientes enlaces:<\/p>\n<ul>\n<li class=\"m_-1733800676693087084MsoNormal_mailru_css_attribute_postfix\">\n<div><a class=\"m_-1733800676693087084MsoNormal_mailru_css_attribute_postfix\" href=\"http:\/\/www4.teenvio.com\/v4\/public\/estadisticas\/link\/?id=1&amp;id_c=datosfao&amp;id_envio=2223&amp;id_contacto=2690&amp;key2=c1f4c5b3029c8bb1bf0390500eea4803\" target=\"_blank\" rel=\"noopener noreferrer\">Cartel informativo<\/a><\/div>\n<\/li>\n<li class=\"m_-1733800676693087084MsoNormal_mailru_css_attribute_postfix\">\n<div><a class=\"m_-1733800676693087084MsoNormal_mailru_css_attribute_postfix\" href=\"http:\/\/www4.teenvio.com\/v4\/public\/estadisticas\/link\/?id=2&amp;id_c=datosfao&amp;id_envio=2223&amp;id_contacto=2690&amp;key2=c1f4c5b3029c8bb1bf0390500eea4803\" target=\"_blank\" rel=\"noopener noreferrer\">Bases del Programa<\/a><\/div>\n<\/li>\n<li class=\"m_-1733800676693087084MsoNormal_mailru_css_attribute_postfix\">\n<div><a class=\"m_-1733800676693087084MsoNormal_mailru_css_attribute_postfix\" href=\"http:\/\/www4.teenvio.com\/v4\/public\/estadisticas\/link\/?id=3&amp;id_c=datosfao&amp;id_envio=2223&amp;id_contacto=2690&amp;key2=c1f4c5b3029c8bb1bf0390500eea4803\" target=\"_blank\" rel=\"noopener noreferrer\">Manual de Inscripci\u00f3n<\/a><\/div>\n<\/li>\n<\/ul>\n<p style=\"text-align: justify\">\nEsperamos que el Programa sea de inter\u00e9s para los estudiantes de su centro.<br \/>\nAgradeciendo su colaboraci\u00f3n, les enviamos un cordial saludo,<\/p>\n<p>PROGRAMA DE BECAS DE LA FUNDACI\u00d3N AMANCIO ORTEGA<br \/>\ninfo@becas.faortega.org<br \/>\nTel\u00e9fono de atenci\u00f3n: 900 103 651<\/p>\n<p>https:\/\/becas.faortega.org\/politica-privacidad<br \/>\nhttp:\/\/becas.faortega.org\/legal<\/p>\n","protected":false},"excerpt":{"rendered":"<p>Comunicado de la Fundaci\u00f3n Amancio Ortega para los institutos: &nbsp; Desde el Programa de Becas de la Fundaci\u00f3n Amancio Ortega, les informamos de la apertura del plazo de inscripci\u00f3n de la edici\u00f3n 2019-2020 del&#46;&#46;&#46;<\/p>\n","protected":false},"author":2185,"featured_media":0,"comment_status":"open","ping_status":"open","sticky":false,"template":"","format":"standard","meta":{"ngg_post_thumbnail":0,"footnotes":""},"categories":[11909],"tags":[],"aioseo_notices":[],"_links":{"self":[{"href":"https:\/\/blogsaverroes.juntadeandalucia.es\/iesfrayluisdegranada\/wp-json\/wp\/v2\/posts\/3012"}],"collection":[{"href":"https:\/\/blogsaverroes.juntadeandalucia.es\/iesfrayluisdegranada\/wp-json\/wp\/v2\/posts"}],"about":[{"href":"https:\/\/blogsaverroes.juntadeandalucia.es\/iesfrayluisdegranada\/wp-json\/wp\/v2\/types\/post"}],"author":[{"embeddable":true,"href":"https:\/\/blogsaverroes.juntadeandalucia.es\/iesfrayluisdegranada\/wp-json\/wp\/v2\/users\/2185"}],"replies":[{"embeddable":true,"href":"https:\/\/blogsaverroes.juntadeandalucia.es\/iesfrayluisdegranada\/wp-json\/wp\/v2\/comments?post=3012"}],"version-history":[{"count":1,"href":"https:\/\/blogsaverroes.juntadeandalucia.es\/iesfrayluisdegranada\/wp-json\/wp\/v2\/posts\/3012\/revisions"}],"predecessor-version":[{"id":3013,"href":"https:\/\/blogsaverroes.juntadeandalucia.es\/iesfrayluisdegranada\/wp-json\/wp\/v2\/posts\/3012\/revisions\/3013"}],"wp:attachment":[{"href":"https:\/\/blogsaverroes.juntadeandalucia.es\/iesfrayluisdegranada\/wp-json\/wp\/v2\/media?parent=3012"}],"wp:term":[{"taxonomy":"category","embeddable":true,"href":"https:\/\/blogsaverroes.juntadeandalucia.es\/iesfrayluisdegranada\/wp-json\/wp\/v2\/categories?post=3012"},{"taxonomy":"post_tag","embeddable":true,"href":"https:\/\/blogsaverroes.juntadeandalucia.es\/iesfrayluisdegranada\/wp-json\/wp\/v2\/tags?post=3012"}],"curies":[{"name":"wp","href":"https:\/\/api.w.org\/{rel}","templated":true}]}}