{"id":3086,"date":"2019-03-05T08:00:24","date_gmt":"2019-03-05T08:00:24","guid":{"rendered":"https:\/\/blogsaverroes.juntadeandalucia.es\/iesfrayluisdegranada\/?p=3086"},"modified":"2019-03-07T13:37:16","modified_gmt":"2019-03-07T13:37:16","slug":"huelga-8marzo","status":"publish","type":"post","link":"https:\/\/blogsaverroes.juntadeandalucia.es\/iesfrayluisdegranada\/huelga-8marzo\/","title":{"rendered":"Huelga 8 de marzo"},"content":{"rendered":"<p>A la Comunidad Educativa del Centro.<\/p>\n<p>Pongo en su conocimiento que el pr\u00f3ximo d\u00eda <strong>8 de marzo de 2019<\/strong> se ha planteado por parte de diferentes confederaciones sindicales una convocatoria de huelga general que afecta, adem\u00e1s de al personal docente o no docente de las administraciones educativas, a aquel que preste servicios complementarios de la ense\u00f1anza.<\/p>\n<p>Dado que esta convocatoria pudiera alterar el normal funcionamiento de alguno de los servicios complementarios de los que dispone el centro (transporte o comedor escolar), trasladamos esta circunstancia a la comunidad educativa del instituto, a fin de que las familias puedan prever alternativas en caso de que el personal trabajador de los mencionados servicios secundara dicha convocatoria de huelga.<\/p>\n<p>De acuerdo con el Protocolo dispuesto por el centro para estos casos (<a href=\"https:\/\/blogsaverroes.juntadeandalucia.es\/iesfrayluisdegranada\/files\/2018\/01\/20171031-ROF-IES-Fray-Luis.pdf#page=78\">apartado 4.10 del ROF<\/a>), todos los delegados y delegadas de los cursos superiores a 2\u00ba de ESO habr\u00e1n de informar por escrito a la Direcci\u00f3n del instituto -aportando las pertinentes actas de votaci\u00f3n- de su intenci\u00f3n de no asistir voluntariamente al centro el d\u00eda 8 de marzo, al objeto de secundar la jornada de huelga.<\/p>\n<p>Asimismo, cada alumno o alumna menor de edad (de 3\u00ba de ESO en adelante) que decida ejercer este derecho a t\u00edtulo individual, deber\u00e1 hacer entrega a su tutor o tutora, con varios d\u00edas de antelaci\u00f3n, de la <a href=\"https:\/\/www.dropbox.com\/s\/2nmzfr37sf0y5gf\/autorizacion_inasistencia.pdf?dl=0\">autorizaci\u00f3n paterna<\/a> debidamente cumplimentada y firmada para la no asistencia al centro ese d\u00eda. Sin esa autorizaci\u00f3n, el alumnado que asista al centro en las primeras horas de la ma\u00f1ana no podr\u00e1 abandonarlo despu\u00e9s.<\/p>\n<p>Aprovechamos para informar de que el centro atender\u00e1 al alumnado que asista.<\/p>\n<p>Por \u00faltimo, cabe insistir en que el alumnado de <strong>1\u00ba y 2\u00ba de ESO<\/strong> no puede decidir sobre la inasistencia voluntaria al instituto, por lo que <strong>su asistencia al centro y a las clases el d\u00eda 8 es obligatoria<\/strong>, como el resto de d\u00edas lectivos del curso.<\/p>\n<p>La Direcci\u00f3n.<\/p>\n","protected":false},"excerpt":{"rendered":"<p>A la Comunidad Educativa del Centro. Pongo en su conocimiento que el pr\u00f3ximo d\u00eda 8 de marzo de 2019 se ha planteado por parte de diferentes confederaciones sindicales una convocatoria de huelga general que&#46;&#46;&#46;<\/p>\n","protected":false},"author":2185,"featured_media":0,"comment_status":"open","ping_status":"open","sticky":false,"template":"","format":"standard","meta":{"ngg_post_thumbnail":0,"footnotes":""},"categories":[11909],"tags":[],"aioseo_notices":[],"_links":{"self":[{"href":"https:\/\/blogsaverroes.juntadeandalucia.es\/iesfrayluisdegranada\/wp-json\/wp\/v2\/posts\/3086"}],"collection":[{"href":"https:\/\/blogsaverroes.juntadeandalucia.es\/iesfrayluisdegranada\/wp-json\/wp\/v2\/posts"}],"about":[{"href":"https:\/\/blogsaverroes.juntadeandalucia.es\/iesfrayluisdegranada\/wp-json\/wp\/v2\/types\/post"}],"author":[{"embeddable":true,"href":"https:\/\/blogsaverroes.juntadeandalucia.es\/iesfrayluisdegranada\/wp-json\/wp\/v2\/users\/2185"}],"replies":[{"embeddable":true,"href":"https:\/\/blogsaverroes.juntadeandalucia.es\/iesfrayluisdegranada\/wp-json\/wp\/v2\/comments?post=3086"}],"version-history":[{"count":4,"href":"https:\/\/blogsaverroes.juntadeandalucia.es\/iesfrayluisdegranada\/wp-json\/wp\/v2\/posts\/3086\/revisions"}],"predecessor-version":[{"id":3251,"href":"https:\/\/blogsaverroes.juntadeandalucia.es\/iesfrayluisdegranada\/wp-json\/wp\/v2\/posts\/3086\/revisions\/3251"}],"wp:attachment":[{"href":"https:\/\/blogsaverroes.juntadeandalucia.es\/iesfrayluisdegranada\/wp-json\/wp\/v2\/media?parent=3086"}],"wp:term":[{"taxonomy":"category","embeddable":true,"href":"https:\/\/blogsaverroes.juntadeandalucia.es\/iesfrayluisdegranada\/wp-json\/wp\/v2\/categories?post=3086"},{"taxonomy":"post_tag","embeddable":true,"href":"https:\/\/blogsaverroes.juntadeandalucia.es\/iesfrayluisdegranada\/wp-json\/wp\/v2\/tags?post=3086"}],"curies":[{"name":"wp","href":"https:\/\/api.w.org\/{rel}","templated":true}]}}