{"id":3317,"date":"2019-05-06T12:01:16","date_gmt":"2019-05-06T12:01:16","guid":{"rendered":"https:\/\/blogsaverroes.juntadeandalucia.es\/iesfrayluisdegranada\/?p=3317"},"modified":"2019-05-06T12:01:16","modified_gmt":"2019-05-06T12:01:16","slug":"notas-informativas-para-la-pevau","status":"publish","type":"post","link":"https:\/\/blogsaverroes.juntadeandalucia.es\/iesfrayluisdegranada\/notas-informativas-para-la-pevau\/","title":{"rendered":"Notas informativas para la PEVAU"},"content":{"rendered":"<p>En relaci\u00f3n con la Prueba de Evaluaci\u00f3n del Bachillerato para el acceso a la universidad, la Comisi\u00f3n del Distrito \u00danico Universitario de Andaluc\u00eda env\u00eda las dos notas informativas, que se adjuntan: una sobre el uso de calculadoras en los ex\u00e1menes y la otra sobre la elecci\u00f3n de la segunda lengua extranjera en dichas pruebas.<\/p>\n<p><a href=\"https:\/\/blogsaverroes.juntadeandalucia.es\/iesfrayluisdegranada\/files\/2019\/05\/20190506_NotaInformativa_UsoCalculadoras.pdf\">Nota Informativa uso de calculadoras<\/a><\/p>\n<p><a href=\"https:\/\/blogsaverroes.juntadeandalucia.es\/iesfrayluisdegranada\/files\/2019\/05\/20190506_NotaInfomativa_LenguaExtranjera.pdf\">Nota Informativa Lengua Exranjera<\/a><\/p>\n","protected":false},"excerpt":{"rendered":"<p>En relaci\u00f3n con la Prueba de Evaluaci\u00f3n del Bachillerato para el acceso a la universidad, la Comisi\u00f3n del Distrito \u00danico Universitario de Andaluc\u00eda env\u00eda las dos notas informativas, que se adjuntan: una sobre el&#46;&#46;&#46;<\/p>\n","protected":false},"author":2185,"featured_media":0,"comment_status":"open","ping_status":"open","sticky":false,"template":"","format":"standard","meta":{"ngg_post_thumbnail":0,"footnotes":""},"categories":[11909],"tags":[],"aioseo_notices":[],"_links":{"self":[{"href":"https:\/\/blogsaverroes.juntadeandalucia.es\/iesfrayluisdegranada\/wp-json\/wp\/v2\/posts\/3317"}],"collection":[{"href":"https:\/\/blogsaverroes.juntadeandalucia.es\/iesfrayluisdegranada\/wp-json\/wp\/v2\/posts"}],"about":[{"href":"https:\/\/blogsaverroes.juntadeandalucia.es\/iesfrayluisdegranada\/wp-json\/wp\/v2\/types\/post"}],"author":[{"embeddable":true,"href":"https:\/\/blogsaverroes.juntadeandalucia.es\/iesfrayluisdegranada\/wp-json\/wp\/v2\/users\/2185"}],"replies":[{"embeddable":true,"href":"https:\/\/blogsaverroes.juntadeandalucia.es\/iesfrayluisdegranada\/wp-json\/wp\/v2\/comments?post=3317"}],"version-history":[{"count":1,"href":"https:\/\/blogsaverroes.juntadeandalucia.es\/iesfrayluisdegranada\/wp-json\/wp\/v2\/posts\/3317\/revisions"}],"predecessor-version":[{"id":3320,"href":"https:\/\/blogsaverroes.juntadeandalucia.es\/iesfrayluisdegranada\/wp-json\/wp\/v2\/posts\/3317\/revisions\/3320"}],"wp:attachment":[{"href":"https:\/\/blogsaverroes.juntadeandalucia.es\/iesfrayluisdegranada\/wp-json\/wp\/v2\/media?parent=3317"}],"wp:term":[{"taxonomy":"category","embeddable":true,"href":"https:\/\/blogsaverroes.juntadeandalucia.es\/iesfrayluisdegranada\/wp-json\/wp\/v2\/categories?post=3317"},{"taxonomy":"post_tag","embeddable":true,"href":"https:\/\/blogsaverroes.juntadeandalucia.es\/iesfrayluisdegranada\/wp-json\/wp\/v2\/tags?post=3317"}],"curies":[{"name":"wp","href":"https:\/\/api.w.org\/{rel}","templated":true}]}}