{"id":3324,"date":"2022-05-04T09:20:11","date_gmt":"2022-05-04T09:20:11","guid":{"rendered":"https:\/\/blogsaverroes.juntadeandalucia.es\/iesfrayluisdegranada\/?p=3324"},"modified":"2024-06-26T08:24:57","modified_gmt":"2024-06-26T08:24:57","slug":"garantias-procedimentales-de-la-evaluacion","status":"publish","type":"post","link":"https:\/\/blogsaverroes.juntadeandalucia.es\/iesfrayluisdegranada\/garantias-procedimentales-de-la-evaluacion\/","title":{"rendered":"Garant\u00edas procedimentales de la evaluaci\u00f3n"},"content":{"rendered":"<p>Seg\u00fan establece la Secci\u00f3n 7\u00aa de la Orden que regula el curr\u00edculo de la ESO, \u00abLos padres, madres o personas que ejerzan la tutela legal del alumnado, o el propio alumnado si es mayor de edad, podr\u00e1n solicitar las aclaraciones que consideren necesarias acerca de la evaluaci\u00f3n continua y final del aprendizaje, as\u00ed como sobre la decisi\u00f3n de promoci\u00f3n y titulaci\u00f3n, de acuerdo con los cauces y el procedimiento que, a tales efectos, determine el centro docente en su Proyecto educativo. Dicho procedimiento deber\u00e1 respetar los derechos y deberes del alumnado y de sus familias contemplados en la normativa en vigor.<\/p>\n<p>Por otra parte, los criterios, procedimientos e instrumentos de evaluaci\u00f3n (que pueden ser diversos, no s\u00f3lo ex\u00e1menes), est\u00e1n definidos en las programaciones de cada departamento. \u00c9stas se publican en este mismo sitio web (ORGANIZACI\u00d3N \u2192 Departamentos), una vez que se actualizan y aprueban por el Consejo Escolar, como parte integrante del Plan de Centro.<\/p>\n<p>Las familias tienen derecho a ser atendidas en cualquier momento, previa cita, por el profesorado que imparte clase a sus hijos, para recibir <strong>aclaraciones<\/strong> sobre su proceso de evaluaci\u00f3n.&nbsp; Tras la evaluaci\u00f3n ordinaria, en junio, se abre un plazo, si estas aclaraciones no fuesen suficientes, para solicitar la <strong>revisi\u00f3n<\/strong> de la evaluaci\u00f3n por el departamento implicadoa o, posteriormente, abrir una <strong>reclamaci\u00f3n<\/strong> que ser\u00eda resuelta por la Delegaci\u00f3n de Educaci\u00f3n.<\/p>\n<p>El siguiente esquema resume todo el procedimiento:<\/p>\n<p><a href=\"https:\/\/blogsaverroes.juntadeandalucia.es\/iesfrayluisdegranada\/files\/2022\/05\/garantias_procedimentales_evaluacion.png\"><img fetchpriority=\"high\" decoding=\"async\" class=\"alignright size-full wp-image-9365\" src=\"https:\/\/blogsaverroes.juntadeandalucia.es\/iesfrayluisdegranada\/files\/2022\/05\/garantias_procedimentales_evaluacion.png\" alt=\"\" width=\"960\" height=\"540\" srcset=\"https:\/\/blogsaverroes.juntadeandalucia.es\/iesfrayluisdegranada\/files\/2022\/05\/garantias_procedimentales_evaluacion.png 960w, https:\/\/blogsaverroes.juntadeandalucia.es\/iesfrayluisdegranada\/files\/2022\/05\/garantias_procedimentales_evaluacion-300x169.png 300w, https:\/\/blogsaverroes.juntadeandalucia.es\/iesfrayluisdegranada\/files\/2022\/05\/garantias_procedimentales_evaluacion-768x432.png 768w\" sizes=\"(max-width: 960px) 100vw, 960px\" \/><\/a><\/p>\n<p>Las tres fases del procedimiento se describen con m\u00e1s detalle a continuaci\u00f3n:<\/p>\n<h2>Fase 1, Aclaraciones:<\/h2>\n<p>Se produce durante todo el curso. Es el alumnado el que se dirige al profesorado para pedirlas, aunque tambi\u00e9n puede hacerlo su familia. Debe solicitarse cita previa v\u00eda PASEN o tel\u00e9fono.<\/p>\n<h2>Fase 2, Revisi\u00f3n:<\/h2>\n<p>En el caso de que, a la finalizaci\u00f3n del curso, una vez recibidas las aclaraciones a las que se refiere el punto anterior exista desacuerdo con la calificaci\u00f3n final obtenida en una materia o con la decisi\u00f3n de promoci\u00f3n y titulaci\u00f3n adoptada, el alumnado o, en su caso, los padres, madres o personas que ejerzan su tutela legal podr\u00e1n solicitar la revisi\u00f3n de dicha calificaci\u00f3n o decisi\u00f3n.<br \/>\nLa solicitud de revisi\u00f3n deber\u00e1 formularse por escrito, en el modelo facilitado por el centro, y presentarse en el mismo en el plazo de dos d\u00edas h\u00e1biles a partir de la fecha de notificaci\u00f3n a trav\u00e9s de los correspondientes boletines de calificaciones o a partir de la fecha de publicaci\u00f3n de la calificaci\u00f3n final o de la decisi\u00f3n de promoci\u00f3n o titulaci\u00f3n que el centro determine y contendr\u00e1 cuantas alegaciones justifiquen la disconformidad con dicha calificaci\u00f3n o con la decisi\u00f3n adoptada.<\/p>\n<p>Esta revisi\u00f3n se realiza por el Departamento Did\u00e1ctico al que pertenece la materia sobre la que se realiza la solicitud.<\/p>\n<h2>Fase 3, Reclamaci\u00f3n:<\/h2>\n<p>Si persisten las discrepancias, el alumnado o sus padres o tutores legales pueden elevar una reclamaci\u00f3n a la Comisi\u00f3n T\u00e9cnica Provincial de Reclamaciones. Existe un modelo normalizado que se facilitar\u00eda en el propio centro educativo y que habr\u00eda que entregar, tambi\u00e9n en el centro, en el plazo de dos d\u00edas desde la comunicaci\u00f3n de resoluci\u00f3n del paso anterior.<\/p>\n","protected":false},"excerpt":{"rendered":"<p>Seg\u00fan establece la Secci\u00f3n 7\u00aa de la Orden que regula el curr\u00edculo de la ESO, \u00abLos padres, madres o personas que ejerzan la tutela legal del alumnado, o el propio alumnado si es mayor&#46;&#46;&#46;<\/p>\n","protected":false},"author":2185,"featured_media":3330,"comment_status":"closed","ping_status":"open","sticky":false,"template":"","format":"standard","meta":{"ngg_post_thumbnail":0,"footnotes":""},"categories":[411978],"tags":[],"aioseo_notices":[],"_links":{"self":[{"href":"https:\/\/blogsaverroes.juntadeandalucia.es\/iesfrayluisdegranada\/wp-json\/wp\/v2\/posts\/3324"}],"collection":[{"href":"https:\/\/blogsaverroes.juntadeandalucia.es\/iesfrayluisdegranada\/wp-json\/wp\/v2\/posts"}],"about":[{"href":"https:\/\/blogsaverroes.juntadeandalucia.es\/iesfrayluisdegranada\/wp-json\/wp\/v2\/types\/post"}],"author":[{"embeddable":true,"href":"https:\/\/blogsaverroes.juntadeandalucia.es\/iesfrayluisdegranada\/wp-json\/wp\/v2\/users\/2185"}],"replies":[{"embeddable":true,"href":"https:\/\/blogsaverroes.juntadeandalucia.es\/iesfrayluisdegranada\/wp-json\/wp\/v2\/comments?post=3324"}],"version-history":[{"count":6,"href":"https:\/\/blogsaverroes.juntadeandalucia.es\/iesfrayluisdegranada\/wp-json\/wp\/v2\/posts\/3324\/revisions"}],"predecessor-version":[{"id":10843,"href":"https:\/\/blogsaverroes.juntadeandalucia.es\/iesfrayluisdegranada\/wp-json\/wp\/v2\/posts\/3324\/revisions\/10843"}],"wp:featuredmedia":[{"embeddable":true,"href":"https:\/\/blogsaverroes.juntadeandalucia.es\/iesfrayluisdegranada\/wp-json\/wp\/v2\/media\/3330"}],"wp:attachment":[{"href":"https:\/\/blogsaverroes.juntadeandalucia.es\/iesfrayluisdegranada\/wp-json\/wp\/v2\/media?parent=3324"}],"wp:term":[{"taxonomy":"category","embeddable":true,"href":"https:\/\/blogsaverroes.juntadeandalucia.es\/iesfrayluisdegranada\/wp-json\/wp\/v2\/categories?post=3324"},{"taxonomy":"post_tag","embeddable":true,"href":"https:\/\/blogsaverroes.juntadeandalucia.es\/iesfrayluisdegranada\/wp-json\/wp\/v2\/tags?post=3324"}],"curies":[{"name":"wp","href":"https:\/\/api.w.org\/{rel}","templated":true}]}}