{"id":3920,"date":"2020-07-02T08:06:46","date_gmt":"2020-07-02T08:06:46","guid":{"rendered":"https:\/\/blogsaverroes.juntadeandalucia.es\/iesfrayluisdegranada\/?p=3920"},"modified":"2020-07-02T08:06:46","modified_gmt":"2020-07-02T08:06:46","slug":"agenda-de-examenes-de-septiembre-2020","status":"publish","type":"post","link":"https:\/\/blogsaverroes.juntadeandalucia.es\/iesfrayluisdegranada\/agenda-de-examenes-de-septiembre-2020\/","title":{"rendered":"Agenda de ex\u00e1menes de septiembre 2020"},"content":{"rendered":"<p><a href=\"https:\/\/www.dropbox.com\/s\/wu5428x96ivvzr8\/examenes_septiembre.pdf\">Se enlaza la agenda de ex\u00e1menes de septiembre<\/a> (PDF, tres p\u00e1ginas). Tambi\u00e9n pueden consultarse en las im\u00e1genes de abajo.<\/p>\n<p>Las caracter\u00edsticas de cada prueba pueden encontrarse en el informe dejado por el profesorado en el <a href=\"https:\/\/blogsaverroes.juntadeandalucia.es\/iesfrayluisdegranada\/punto-de-recogida-de-documentos-boletines\/\">Punto de Recogida<\/a>.<\/p>\n<p><a href=\"https:\/\/blogsaverroes.juntadeandalucia.es\/iesfrayluisdegranada\/files\/2020\/07\/examenes_septiembre_page-0001.jpg\"><img fetchpriority=\"high\" decoding=\"async\" class=\"alignright size-full wp-image-3921\" src=\"https:\/\/blogsaverroes.juntadeandalucia.es\/iesfrayluisdegranada\/files\/2020\/07\/examenes_septiembre_page-0001.jpg\" alt=\"\" width=\"1132\" height=\"1600\" srcset=\"https:\/\/blogsaverroes.juntadeandalucia.es\/iesfrayluisdegranada\/files\/2020\/07\/examenes_septiembre_page-0001.jpg 1132w, https:\/\/blogsaverroes.juntadeandalucia.es\/iesfrayluisdegranada\/files\/2020\/07\/examenes_septiembre_page-0001-212x300.jpg 212w, https:\/\/blogsaverroes.juntadeandalucia.es\/iesfrayluisdegranada\/files\/2020\/07\/examenes_septiembre_page-0001-768x1085.jpg 768w, https:\/\/blogsaverroes.juntadeandalucia.es\/iesfrayluisdegranada\/files\/2020\/07\/examenes_septiembre_page-0001-725x1024.jpg 725w, https:\/\/blogsaverroes.juntadeandalucia.es\/iesfrayluisdegranada\/files\/2020\/07\/examenes_septiembre_page-0001-17x24.jpg 17w, https:\/\/blogsaverroes.juntadeandalucia.es\/iesfrayluisdegranada\/files\/2020\/07\/examenes_septiembre_page-0001-25x36.jpg 25w, https:\/\/blogsaverroes.juntadeandalucia.es\/iesfrayluisdegranada\/files\/2020\/07\/examenes_septiembre_page-0001-34x48.jpg 34w\" sizes=\"(max-width: 1132px) 100vw, 1132px\" \/><\/a><a href=\"https:\/\/blogsaverroes.juntadeandalucia.es\/iesfrayluisdegranada\/files\/2020\/07\/examenes_septiembre_page-0002.jpg\"><img decoding=\"async\" class=\"alignright size-full wp-image-3922\" src=\"https:\/\/blogsaverroes.juntadeandalucia.es\/iesfrayluisdegranada\/files\/2020\/07\/examenes_septiembre_page-0002.jpg\" alt=\"\" width=\"1132\" height=\"1600\" srcset=\"https:\/\/blogsaverroes.juntadeandalucia.es\/iesfrayluisdegranada\/files\/2020\/07\/examenes_septiembre_page-0002.jpg 1132w, https:\/\/blogsaverroes.juntadeandalucia.es\/iesfrayluisdegranada\/files\/2020\/07\/examenes_septiembre_page-0002-212x300.jpg 212w, https:\/\/blogsaverroes.juntadeandalucia.es\/iesfrayluisdegranada\/files\/2020\/07\/examenes_septiembre_page-0002-768x1085.jpg 768w, https:\/\/blogsaverroes.juntadeandalucia.es\/iesfrayluisdegranada\/files\/2020\/07\/examenes_septiembre_page-0002-725x1024.jpg 725w, https:\/\/blogsaverroes.juntadeandalucia.es\/iesfrayluisdegranada\/files\/2020\/07\/examenes_septiembre_page-0002-17x24.jpg 17w, https:\/\/blogsaverroes.juntadeandalucia.es\/iesfrayluisdegranada\/files\/2020\/07\/examenes_septiembre_page-0002-25x36.jpg 25w, https:\/\/blogsaverroes.juntadeandalucia.es\/iesfrayluisdegranada\/files\/2020\/07\/examenes_septiembre_page-0002-34x48.jpg 34w\" sizes=\"(max-width: 1132px) 100vw, 1132px\" \/><\/a><a href=\"https:\/\/blogsaverroes.juntadeandalucia.es\/iesfrayluisdegranada\/files\/2020\/07\/examenes_septiembre_page-0003.jpg\"><img decoding=\"async\" class=\"alignright size-full wp-image-3923\" src=\"https:\/\/blogsaverroes.juntadeandalucia.es\/iesfrayluisdegranada\/files\/2020\/07\/examenes_septiembre_page-0003.jpg\" alt=\"\" width=\"1132\" height=\"1600\" srcset=\"https:\/\/blogsaverroes.juntadeandalucia.es\/iesfrayluisdegranada\/files\/2020\/07\/examenes_septiembre_page-0003.jpg 1132w, https:\/\/blogsaverroes.juntadeandalucia.es\/iesfrayluisdegranada\/files\/2020\/07\/examenes_septiembre_page-0003-212x300.jpg 212w, https:\/\/blogsaverroes.juntadeandalucia.es\/iesfrayluisdegranada\/files\/2020\/07\/examenes_septiembre_page-0003-768x1085.jpg 768w, https:\/\/blogsaverroes.juntadeandalucia.es\/iesfrayluisdegranada\/files\/2020\/07\/examenes_septiembre_page-0003-725x1024.jpg 725w, https:\/\/blogsaverroes.juntadeandalucia.es\/iesfrayluisdegranada\/files\/2020\/07\/examenes_septiembre_page-0003-17x24.jpg 17w, https:\/\/blogsaverroes.juntadeandalucia.es\/iesfrayluisdegranada\/files\/2020\/07\/examenes_septiembre_page-0003-25x36.jpg 25w, https:\/\/blogsaverroes.juntadeandalucia.es\/iesfrayluisdegranada\/files\/2020\/07\/examenes_septiembre_page-0003-34x48.jpg 34w\" sizes=\"(max-width: 1132px) 100vw, 1132px\" \/><\/a><\/p>\n","protected":false},"excerpt":{"rendered":"<p>Se enlaza la agenda de ex\u00e1menes de septiembre (PDF, tres p\u00e1ginas). Tambi\u00e9n pueden consultarse en las im\u00e1genes de abajo. Las caracter\u00edsticas de cada prueba pueden encontrarse en el informe dejado por el profesorado en&#46;&#46;&#46;<\/p>\n","protected":false},"author":2185,"featured_media":0,"comment_status":"open","ping_status":"open","sticky":false,"template":"","format":"standard","meta":{"ngg_post_thumbnail":0,"footnotes":""},"categories":[1287125],"tags":[],"aioseo_notices":[],"_links":{"self":[{"href":"https:\/\/blogsaverroes.juntadeandalucia.es\/iesfrayluisdegranada\/wp-json\/wp\/v2\/posts\/3920"}],"collection":[{"href":"https:\/\/blogsaverroes.juntadeandalucia.es\/iesfrayluisdegranada\/wp-json\/wp\/v2\/posts"}],"about":[{"href":"https:\/\/blogsaverroes.juntadeandalucia.es\/iesfrayluisdegranada\/wp-json\/wp\/v2\/types\/post"}],"author":[{"embeddable":true,"href":"https:\/\/blogsaverroes.juntadeandalucia.es\/iesfrayluisdegranada\/wp-json\/wp\/v2\/users\/2185"}],"replies":[{"embeddable":true,"href":"https:\/\/blogsaverroes.juntadeandalucia.es\/iesfrayluisdegranada\/wp-json\/wp\/v2\/comments?post=3920"}],"version-history":[{"count":1,"href":"https:\/\/blogsaverroes.juntadeandalucia.es\/iesfrayluisdegranada\/wp-json\/wp\/v2\/posts\/3920\/revisions"}],"predecessor-version":[{"id":3924,"href":"https:\/\/blogsaverroes.juntadeandalucia.es\/iesfrayluisdegranada\/wp-json\/wp\/v2\/posts\/3920\/revisions\/3924"}],"wp:attachment":[{"href":"https:\/\/blogsaverroes.juntadeandalucia.es\/iesfrayluisdegranada\/wp-json\/wp\/v2\/media?parent=3920"}],"wp:term":[{"taxonomy":"category","embeddable":true,"href":"https:\/\/blogsaverroes.juntadeandalucia.es\/iesfrayluisdegranada\/wp-json\/wp\/v2\/categories?post=3920"},{"taxonomy":"post_tag","embeddable":true,"href":"https:\/\/blogsaverroes.juntadeandalucia.es\/iesfrayluisdegranada\/wp-json\/wp\/v2\/tags?post=3920"}],"curies":[{"name":"wp","href":"https:\/\/api.w.org\/{rel}","templated":true}]}}