{"id":3990,"date":"2020-07-27T09:48:41","date_gmt":"2020-07-27T09:48:41","guid":{"rendered":"https:\/\/blogsaverroes.juntadeandalucia.es\/iesfrayluisdegranada\/?p=3990"},"modified":"2020-07-27T09:48:41","modified_gmt":"2020-07-27T09:48:41","slug":"protocolo-examenes-de-septiembre","status":"publish","type":"post","link":"https:\/\/blogsaverroes.juntadeandalucia.es\/iesfrayluisdegranada\/protocolo-examenes-de-septiembre\/","title":{"rendered":"Protocolo ex\u00e1menes de septiembre"},"content":{"rendered":"<p>Se adjunta el protocolo de realizaci\u00f3n de los ex\u00e1menes de septiembre (<a href=\"https:\/\/blogsaverroes.juntadeandalucia.es\/iesfrayluisdegranada\/files\/2020\/07\/protocolo_examenes_septiembre.pdf\">PDF<\/a>), con el ruego de su lectura cuidadosa para todos los afectados.<\/p>\n<p>Entre sus medidas se incluyen el uso obligatorio de mascarilla en todo momento y todo espacio del centro, la prohibici\u00f3n de compartir material y el respeto a la distancia de seguridad de un metro y medio.<\/p>\n<p>Por otra parte se adjuntan im\u00e1genes con la actualizaci\u00f3n de agenda de ex\u00e1menes, en la que se ha realizado una asignaci\u00f3n de aulas para cada prueba, compatible con las medidas de seguridad establecidas en tal protocolo.<\/p>\n<p><a href=\"https:\/\/blogsaverroes.juntadeandalucia.es\/iesfrayluisdegranada\/files\/2020\/07\/protocolo_examenes_septiembre.pdf\">Enlace al protocolo para la realizaci\u00f3n de los examenes de septiembre<\/a><\/p>\n<p><a href=\"https:\/\/blogsaverroes.juntadeandalucia.es\/iesfrayluisdegranada\/files\/2020\/07\/examenes_aulas_septiembre_eso.png\"><img fetchpriority=\"high\" decoding=\"async\" class=\"alignright size-full wp-image-3991\" src=\"https:\/\/blogsaverroes.juntadeandalucia.es\/iesfrayluisdegranada\/files\/2020\/07\/examenes_aulas_septiembre_eso.png\" alt=\"\" width=\"1132\" height=\"1600\" srcset=\"https:\/\/blogsaverroes.juntadeandalucia.es\/iesfrayluisdegranada\/files\/2020\/07\/examenes_aulas_septiembre_eso.png 1132w, https:\/\/blogsaverroes.juntadeandalucia.es\/iesfrayluisdegranada\/files\/2020\/07\/examenes_aulas_septiembre_eso-212x300.png 212w, https:\/\/blogsaverroes.juntadeandalucia.es\/iesfrayluisdegranada\/files\/2020\/07\/examenes_aulas_septiembre_eso-768x1085.png 768w, https:\/\/blogsaverroes.juntadeandalucia.es\/iesfrayluisdegranada\/files\/2020\/07\/examenes_aulas_septiembre_eso-725x1024.png 725w, https:\/\/blogsaverroes.juntadeandalucia.es\/iesfrayluisdegranada\/files\/2020\/07\/examenes_aulas_septiembre_eso-17x24.png 17w, https:\/\/blogsaverroes.juntadeandalucia.es\/iesfrayluisdegranada\/files\/2020\/07\/examenes_aulas_septiembre_eso-25x36.png 25w, https:\/\/blogsaverroes.juntadeandalucia.es\/iesfrayluisdegranada\/files\/2020\/07\/examenes_aulas_septiembre_eso-34x48.png 34w\" sizes=\"(max-width: 1132px) 100vw, 1132px\" \/><\/a><a href=\"https:\/\/blogsaverroes.juntadeandalucia.es\/iesfrayluisdegranada\/files\/2020\/07\/examenes_aulas_septiembre_1bach.png\"><img decoding=\"async\" class=\"alignright size-full wp-image-3992\" src=\"https:\/\/blogsaverroes.juntadeandalucia.es\/iesfrayluisdegranada\/files\/2020\/07\/examenes_aulas_septiembre_1bach.png\" alt=\"\" width=\"1131\" height=\"1600\" srcset=\"https:\/\/blogsaverroes.juntadeandalucia.es\/iesfrayluisdegranada\/files\/2020\/07\/examenes_aulas_septiembre_1bach.png 1131w, https:\/\/blogsaverroes.juntadeandalucia.es\/iesfrayluisdegranada\/files\/2020\/07\/examenes_aulas_septiembre_1bach-212x300.png 212w, https:\/\/blogsaverroes.juntadeandalucia.es\/iesfrayluisdegranada\/files\/2020\/07\/examenes_aulas_septiembre_1bach-768x1086.png 768w, https:\/\/blogsaverroes.juntadeandalucia.es\/iesfrayluisdegranada\/files\/2020\/07\/examenes_aulas_septiembre_1bach-724x1024.png 724w, https:\/\/blogsaverroes.juntadeandalucia.es\/iesfrayluisdegranada\/files\/2020\/07\/examenes_aulas_septiembre_1bach-17x24.png 17w, https:\/\/blogsaverroes.juntadeandalucia.es\/iesfrayluisdegranada\/files\/2020\/07\/examenes_aulas_septiembre_1bach-25x36.png 25w, https:\/\/blogsaverroes.juntadeandalucia.es\/iesfrayluisdegranada\/files\/2020\/07\/examenes_aulas_septiembre_1bach-34x48.png 34w\" sizes=\"(max-width: 1131px) 100vw, 1131px\" \/><\/a><a href=\"https:\/\/blogsaverroes.juntadeandalucia.es\/iesfrayluisdegranada\/files\/2020\/07\/examenes_aulas_septiembre_2bach.png\"><img decoding=\"async\" class=\"alignright size-full wp-image-3993\" src=\"https:\/\/blogsaverroes.juntadeandalucia.es\/iesfrayluisdegranada\/files\/2020\/07\/examenes_aulas_septiembre_2bach.png\" alt=\"\" width=\"1131\" height=\"1600\" srcset=\"https:\/\/blogsaverroes.juntadeandalucia.es\/iesfrayluisdegranada\/files\/2020\/07\/examenes_aulas_septiembre_2bach.png 1131w, https:\/\/blogsaverroes.juntadeandalucia.es\/iesfrayluisdegranada\/files\/2020\/07\/examenes_aulas_septiembre_2bach-212x300.png 212w, https:\/\/blogsaverroes.juntadeandalucia.es\/iesfrayluisdegranada\/files\/2020\/07\/examenes_aulas_septiembre_2bach-768x1086.png 768w, https:\/\/blogsaverroes.juntadeandalucia.es\/iesfrayluisdegranada\/files\/2020\/07\/examenes_aulas_septiembre_2bach-724x1024.png 724w, https:\/\/blogsaverroes.juntadeandalucia.es\/iesfrayluisdegranada\/files\/2020\/07\/examenes_aulas_septiembre_2bach-17x24.png 17w, https:\/\/blogsaverroes.juntadeandalucia.es\/iesfrayluisdegranada\/files\/2020\/07\/examenes_aulas_septiembre_2bach-25x36.png 25w, https:\/\/blogsaverroes.juntadeandalucia.es\/iesfrayluisdegranada\/files\/2020\/07\/examenes_aulas_septiembre_2bach-34x48.png 34w\" sizes=\"(max-width: 1131px) 100vw, 1131px\" \/><\/a><\/p>\n","protected":false},"excerpt":{"rendered":"<p>Se adjunta el protocolo de realizaci\u00f3n de los ex\u00e1menes de septiembre (PDF), con el ruego de su lectura cuidadosa para todos los afectados. Entre sus medidas se incluyen el uso obligatorio de mascarilla en&#46;&#46;&#46;<\/p>\n","protected":false},"author":2185,"featured_media":0,"comment_status":"open","ping_status":"open","sticky":false,"template":"","format":"standard","meta":{"ngg_post_thumbnail":0,"footnotes":""},"categories":[1287125,1287126,1287127],"tags":[1287128,276],"aioseo_notices":[],"_links":{"self":[{"href":"https:\/\/blogsaverroes.juntadeandalucia.es\/iesfrayluisdegranada\/wp-json\/wp\/v2\/posts\/3990"}],"collection":[{"href":"https:\/\/blogsaverroes.juntadeandalucia.es\/iesfrayluisdegranada\/wp-json\/wp\/v2\/posts"}],"about":[{"href":"https:\/\/blogsaverroes.juntadeandalucia.es\/iesfrayluisdegranada\/wp-json\/wp\/v2\/types\/post"}],"author":[{"embeddable":true,"href":"https:\/\/blogsaverroes.juntadeandalucia.es\/iesfrayluisdegranada\/wp-json\/wp\/v2\/users\/2185"}],"replies":[{"embeddable":true,"href":"https:\/\/blogsaverroes.juntadeandalucia.es\/iesfrayluisdegranada\/wp-json\/wp\/v2\/comments?post=3990"}],"version-history":[{"count":2,"href":"https:\/\/blogsaverroes.juntadeandalucia.es\/iesfrayluisdegranada\/wp-json\/wp\/v2\/posts\/3990\/revisions"}],"predecessor-version":[{"id":3996,"href":"https:\/\/blogsaverroes.juntadeandalucia.es\/iesfrayluisdegranada\/wp-json\/wp\/v2\/posts\/3990\/revisions\/3996"}],"wp:attachment":[{"href":"https:\/\/blogsaverroes.juntadeandalucia.es\/iesfrayluisdegranada\/wp-json\/wp\/v2\/media?parent=3990"}],"wp:term":[{"taxonomy":"category","embeddable":true,"href":"https:\/\/blogsaverroes.juntadeandalucia.es\/iesfrayluisdegranada\/wp-json\/wp\/v2\/categories?post=3990"},{"taxonomy":"post_tag","embeddable":true,"href":"https:\/\/blogsaverroes.juntadeandalucia.es\/iesfrayluisdegranada\/wp-json\/wp\/v2\/tags?post=3990"}],"curies":[{"name":"wp","href":"https:\/\/api.w.org\/{rel}","templated":true}]}}