{"id":9085,"date":"2023-07-03T06:54:53","date_gmt":"2023-07-03T06:54:53","guid":{"rendered":"https:\/\/blogsaverroes.juntadeandalucia.es\/iesfrayluisdegranada\/?p=9085"},"modified":"2023-07-20T07:34:26","modified_gmt":"2023-07-20T07:34:26","slug":"matricula-del-1-al-10-de-julio","status":"publish","type":"post","link":"https:\/\/blogsaverroes.juntadeandalucia.es\/iesfrayluisdegranada\/matricula-del-1-al-10-de-julio\/","title":{"rendered":"Matr\u00edcula del 1 al 10 de julio"},"content":{"rendered":"<p><a href=\"https:\/\/blogsaverroes.juntadeandalucia.es\/iesfrayluisdegranada\/files\/2023\/07\/matricula.jpg\"><img fetchpriority=\"high\" decoding=\"async\" class=\"alignright size-full wp-image-9086\" src=\"https:\/\/blogsaverroes.juntadeandalucia.es\/iesfrayluisdegranada\/files\/2023\/07\/matricula.jpg\" alt=\"\" width=\"1582\" height=\"949\" srcset=\"https:\/\/blogsaverroes.juntadeandalucia.es\/iesfrayluisdegranada\/files\/2023\/07\/matricula.jpg 1582w, https:\/\/blogsaverroes.juntadeandalucia.es\/iesfrayluisdegranada\/files\/2023\/07\/matricula-300x180.jpg 300w, https:\/\/blogsaverroes.juntadeandalucia.es\/iesfrayluisdegranada\/files\/2023\/07\/matricula-1024x614.jpg 1024w, https:\/\/blogsaverroes.juntadeandalucia.es\/iesfrayluisdegranada\/files\/2023\/07\/matricula-768x461.jpg 768w, https:\/\/blogsaverroes.juntadeandalucia.es\/iesfrayluisdegranada\/files\/2023\/07\/matricula-1536x921.jpg 1536w\" sizes=\"(max-width: 1582px) 100vw, 1582px\" \/><\/a><\/p>\n<p>&nbsp;<\/p>\n<p>Matr\u00edcula en E.S.O. y Bachillerato <strong>del 1 al 10 de julio<\/strong>, para todo el alumnado del centro, propio y de nuevo ingreso.<\/p>\n<p>Accede al tr\u00e1mite de matr\u00edcula a trav\u00e9s de:<\/p>\n<p><a href=\"https:\/\/blogsaverroes.juntadeandalucia.es\/iesfrayluisdegranada\/matricula-eso-bch\/\">ADMINISTRACI\u00d3N \/ Matr\u00edcula ESO-BCH 23-34<\/a><\/p>\n","protected":false},"excerpt":{"rendered":"<p>&nbsp; Matr\u00edcula en E.S.O. y Bachillerato del 1 al 10 de julio, para todo el alumnado del centro, propio y de nuevo ingreso. Accede al tr\u00e1mite de matr\u00edcula a trav\u00e9s de: ADMINISTRACI\u00d3N \/ Matr\u00edcula&#46;&#46;&#46;<\/p>\n","protected":false},"author":2185,"featured_media":9086,"comment_status":"closed","ping_status":"closed","sticky":false,"template":"","format":"standard","meta":{"ngg_post_thumbnail":0,"footnotes":""},"categories":[28],"tags":[],"aioseo_notices":[],"_links":{"self":[{"href":"https:\/\/blogsaverroes.juntadeandalucia.es\/iesfrayluisdegranada\/wp-json\/wp\/v2\/posts\/9085"}],"collection":[{"href":"https:\/\/blogsaverroes.juntadeandalucia.es\/iesfrayluisdegranada\/wp-json\/wp\/v2\/posts"}],"about":[{"href":"https:\/\/blogsaverroes.juntadeandalucia.es\/iesfrayluisdegranada\/wp-json\/wp\/v2\/types\/post"}],"author":[{"embeddable":true,"href":"https:\/\/blogsaverroes.juntadeandalucia.es\/iesfrayluisdegranada\/wp-json\/wp\/v2\/users\/2185"}],"replies":[{"embeddable":true,"href":"https:\/\/blogsaverroes.juntadeandalucia.es\/iesfrayluisdegranada\/wp-json\/wp\/v2\/comments?post=9085"}],"version-history":[{"count":2,"href":"https:\/\/blogsaverroes.juntadeandalucia.es\/iesfrayluisdegranada\/wp-json\/wp\/v2\/posts\/9085\/revisions"}],"predecessor-version":[{"id":9088,"href":"https:\/\/blogsaverroes.juntadeandalucia.es\/iesfrayluisdegranada\/wp-json\/wp\/v2\/posts\/9085\/revisions\/9088"}],"wp:featuredmedia":[{"embeddable":true,"href":"https:\/\/blogsaverroes.juntadeandalucia.es\/iesfrayluisdegranada\/wp-json\/wp\/v2\/media\/9086"}],"wp:attachment":[{"href":"https:\/\/blogsaverroes.juntadeandalucia.es\/iesfrayluisdegranada\/wp-json\/wp\/v2\/media?parent=9085"}],"wp:term":[{"taxonomy":"category","embeddable":true,"href":"https:\/\/blogsaverroes.juntadeandalucia.es\/iesfrayluisdegranada\/wp-json\/wp\/v2\/categories?post=9085"},{"taxonomy":"post_tag","embeddable":true,"href":"https:\/\/blogsaverroes.juntadeandalucia.es\/iesfrayluisdegranada\/wp-json\/wp\/v2\/tags?post=9085"}],"curies":[{"name":"wp","href":"https:\/\/api.w.org\/{rel}","templated":true}]}}