{"id":2641,"date":"2017-01-30T12:18:36","date_gmt":"2017-01-30T12:18:36","guid":{"rendered":"http:\/\/blogsaverroes.juntadeandalucia.es\/iesfuentebuena\/?p=2641"},"modified":"2017-01-30T12:18:36","modified_gmt":"2017-01-30T12:18:36","slug":"aldea-programa-de-educacion-ambiental","status":"publish","type":"post","link":"https:\/\/blogsaverroes.juntadeandalucia.es\/iesfuentebuena\/2017\/01\/30\/aldea-programa-de-educacion-ambiental\/","title":{"rendered":"ALDEA. Programa de Educaci\u00f3n Ambiental."},"content":{"rendered":"<p>Este curso, viene cargado de actividades de concienciaci\u00f3n y sensibilizaci\u00f3n medioambiental a trav\u00e9s del <strong>Programa ALDEA<\/strong>.<\/p>\n<ul>\n<li><strong>Proyecto Terral:<\/strong> actividades para trabajar el cambio clim\u00e1tico y acciones para hacerle frente.<\/li>\n<li><strong>Proyecto Recapacicla:<\/strong> control de residuos, reciclaje y reutilizaci\u00f3n.<\/li>\n<li><strong>Proyecto Ecohuerto:<\/strong> creaci\u00f3n de un huerto en el instituto y mantenimiento del mismo.<\/li>\n<li><strong>Proyecto \u201cLa Naturaleza y t\u00fa\u201d:<\/strong> rutas por los espacios naturales de la zona para disfrutar de la naturaleza.<\/li>\n<\/ul>\n<p>Pronto, os contaremos muchas actividades que estamos llevando a cabo.<\/p>\n<p><a href=\"http:\/\/blogsaverroes.juntadeandalucia.es\/iesfuentebuena\/files\/2017\/01\/mundo_aldea.jpg\"><img loading=\"lazy\" decoding=\"async\" class=\" size-medium wp-image-2642 aligncenter\" src=\"http:\/\/blogsaverroes.juntadeandalucia.es\/iesfuentebuena\/files\/2017\/01\/mundo_aldea-291x300.jpg\" alt=\"mundo_aldea\" width=\"291\" height=\"300\" srcset=\"https:\/\/blogsaverroes.juntadeandalucia.es\/iesfuentebuena\/files\/2017\/01\/mundo_aldea-291x300.jpg 291w, https:\/\/blogsaverroes.juntadeandalucia.es\/iesfuentebuena\/files\/2017\/01\/mundo_aldea-24x24.jpg 24w, https:\/\/blogsaverroes.juntadeandalucia.es\/iesfuentebuena\/files\/2017\/01\/mundo_aldea-36x36.jpg 36w, https:\/\/blogsaverroes.juntadeandalucia.es\/iesfuentebuena\/files\/2017\/01\/mundo_aldea-48x48.jpg 48w, https:\/\/blogsaverroes.juntadeandalucia.es\/iesfuentebuena\/files\/2017\/01\/mundo_aldea.jpg 683w\" sizes=\"(max-width: 291px) 100vw, 291px\" \/><\/a><\/p>\n","protected":false},"excerpt":{"rendered":"<p>Este curso, viene cargado de actividades de concienciaci\u00f3n y sensibilizaci\u00f3n medioambiental a trav\u00e9s del Programa ALDEA. Proyecto Terral: actividades para trabajar el cambio clim\u00e1tico y&hellip;<\/p>\n","protected":false},"author":4472,"featured_media":2642,"comment_status":"open","ping_status":"open","sticky":false,"template":"","format":"standard","meta":{"ngg_post_thumbnail":0,"footnotes":""},"categories":[808080],"tags":[],"aioseo_notices":[],"_links":{"self":[{"href":"https:\/\/blogsaverroes.juntadeandalucia.es\/iesfuentebuena\/wp-json\/wp\/v2\/posts\/2641"}],"collection":[{"href":"https:\/\/blogsaverroes.juntadeandalucia.es\/iesfuentebuena\/wp-json\/wp\/v2\/posts"}],"about":[{"href":"https:\/\/blogsaverroes.juntadeandalucia.es\/iesfuentebuena\/wp-json\/wp\/v2\/types\/post"}],"author":[{"embeddable":true,"href":"https:\/\/blogsaverroes.juntadeandalucia.es\/iesfuentebuena\/wp-json\/wp\/v2\/users\/4472"}],"replies":[{"embeddable":true,"href":"https:\/\/blogsaverroes.juntadeandalucia.es\/iesfuentebuena\/wp-json\/wp\/v2\/comments?post=2641"}],"version-history":[{"count":1,"href":"https:\/\/blogsaverroes.juntadeandalucia.es\/iesfuentebuena\/wp-json\/wp\/v2\/posts\/2641\/revisions"}],"predecessor-version":[{"id":2643,"href":"https:\/\/blogsaverroes.juntadeandalucia.es\/iesfuentebuena\/wp-json\/wp\/v2\/posts\/2641\/revisions\/2643"}],"wp:featuredmedia":[{"embeddable":true,"href":"https:\/\/blogsaverroes.juntadeandalucia.es\/iesfuentebuena\/wp-json\/wp\/v2\/media\/2642"}],"wp:attachment":[{"href":"https:\/\/blogsaverroes.juntadeandalucia.es\/iesfuentebuena\/wp-json\/wp\/v2\/media?parent=2641"}],"wp:term":[{"taxonomy":"category","embeddable":true,"href":"https:\/\/blogsaverroes.juntadeandalucia.es\/iesfuentebuena\/wp-json\/wp\/v2\/categories?post=2641"},{"taxonomy":"post_tag","embeddable":true,"href":"https:\/\/blogsaverroes.juntadeandalucia.es\/iesfuentebuena\/wp-json\/wp\/v2\/tags?post=2641"}],"curies":[{"name":"wp","href":"https:\/\/api.w.org\/{rel}","templated":true}]}}