{"id":3067,"date":"2017-10-26T07:34:40","date_gmt":"2017-10-26T07:34:40","guid":{"rendered":"http:\/\/blogsaverroes.juntadeandalucia.es\/iesfuentebuena\/?p=3067"},"modified":"2019-07-18T17:57:37","modified_gmt":"2019-07-18T15:57:37","slug":"olimpiada-matematica","status":"publish","type":"post","link":"https:\/\/blogsaverroes.juntadeandalucia.es\/iesfuentebuena\/2017\/10\/26\/olimpiada-matematica\/","title":{"rendered":"OLIMPIADA MATEM\u00c1TICA"},"content":{"rendered":"<p>En el marco del Programa Hiypatia, la Universidad de Ja\u00e9n junto con la Delegaci\u00f3n Territorial de Educaci\u00f3n han convocado el Primer Concurso Mat\u00e9m\u00e1tico \u00abEntrenando para la Olimpiada Matem\u00e1tica\u00bb, que servir\u00e1 para la selecci\u00f3n de los estudiantes que recibir\u00e1n una preparaci\u00f3n especial para la Fase Provincial de la Olimpiada Matem\u00e1tica que tendr\u00e1 lugar a mediados de enero de 2018.<br \/>\nNuestro centro ha participado en este I Concurso teniendo una excelente actuaci\u00f3n. Los alumnos que nos han representando han sido los siguientes:<br \/>\nRoc\u00edo Olivares Heredia<br \/>\nCoraima Mar\u00eda Torres Mart\u00ednez<br \/>\nAntonio S\u00e1nchez-Brunete Jim\u00e9nez<br \/>\nAlejandro Mu\u00f1\u00f3z Rodenas<br \/>\nLa coordinaci\u00f3n ha sido llevada a cargo por D. Mario L\u00f3pez Salazar profesor de Mat\u00e9maticas.<br \/>\nNuestro agradecimiento a todos ellos por su participaci\u00f3n y enhorabuena por los resultados obtenidos.<\/p>\n<p><a href=\"https:\/\/blogsaverroes.juntadeandalucia.es\/iesfuentebuena\/files\/2017\/10\/olimpiada-matematica.jpg\"><img loading=\"lazy\" decoding=\"async\" class=\"alignnone size-medium wp-image-3069\" src=\"https:\/\/blogsaverroes.juntadeandalucia.es\/iesfuentebuena\/files\/2017\/10\/olimpiada-matematica-169x300.jpg\" alt=\"\" width=\"169\" height=\"300\" srcset=\"https:\/\/blogsaverroes.juntadeandalucia.es\/iesfuentebuena\/files\/2017\/10\/olimpiada-matematica-169x300.jpg 169w, https:\/\/blogsaverroes.juntadeandalucia.es\/iesfuentebuena\/files\/2017\/10\/olimpiada-matematica-768x1365.jpg 768w, https:\/\/blogsaverroes.juntadeandalucia.es\/iesfuentebuena\/files\/2017\/10\/olimpiada-matematica-576x1024.jpg 576w, https:\/\/blogsaverroes.juntadeandalucia.es\/iesfuentebuena\/files\/2017\/10\/olimpiada-matematica-14x24.jpg 14w, https:\/\/blogsaverroes.juntadeandalucia.es\/iesfuentebuena\/files\/2017\/10\/olimpiada-matematica-20x36.jpg 20w, https:\/\/blogsaverroes.juntadeandalucia.es\/iesfuentebuena\/files\/2017\/10\/olimpiada-matematica-27x48.jpg 27w, https:\/\/blogsaverroes.juntadeandalucia.es\/iesfuentebuena\/files\/2017\/10\/olimpiada-matematica.jpg 900w\" sizes=\"(max-width: 169px) 100vw, 169px\" \/><\/a><\/p>\n","protected":false},"excerpt":{"rendered":"<p>En el marco del Programa Hiypatia, la Universidad de Ja\u00e9n junto con la Delegaci\u00f3n Territorial de Educaci\u00f3n han convocado el Primer Concurso Mat\u00e9m\u00e1tico \u00abEntrenando para&hellip;<\/p>\n","protected":false},"author":4472,"featured_media":2833,"comment_status":"open","ping_status":"open","sticky":false,"template":"","format":"standard","meta":{"ngg_post_thumbnail":0,"footnotes":""},"categories":[729036],"tags":[],"aioseo_notices":[],"_links":{"self":[{"href":"https:\/\/blogsaverroes.juntadeandalucia.es\/iesfuentebuena\/wp-json\/wp\/v2\/posts\/3067"}],"collection":[{"href":"https:\/\/blogsaverroes.juntadeandalucia.es\/iesfuentebuena\/wp-json\/wp\/v2\/posts"}],"about":[{"href":"https:\/\/blogsaverroes.juntadeandalucia.es\/iesfuentebuena\/wp-json\/wp\/v2\/types\/post"}],"author":[{"embeddable":true,"href":"https:\/\/blogsaverroes.juntadeandalucia.es\/iesfuentebuena\/wp-json\/wp\/v2\/users\/4472"}],"replies":[{"embeddable":true,"href":"https:\/\/blogsaverroes.juntadeandalucia.es\/iesfuentebuena\/wp-json\/wp\/v2\/comments?post=3067"}],"version-history":[{"count":3,"href":"https:\/\/blogsaverroes.juntadeandalucia.es\/iesfuentebuena\/wp-json\/wp\/v2\/posts\/3067\/revisions"}],"predecessor-version":[{"id":3072,"href":"https:\/\/blogsaverroes.juntadeandalucia.es\/iesfuentebuena\/wp-json\/wp\/v2\/posts\/3067\/revisions\/3072"}],"wp:featuredmedia":[{"embeddable":true,"href":"https:\/\/blogsaverroes.juntadeandalucia.es\/iesfuentebuena\/wp-json\/wp\/v2\/media\/2833"}],"wp:attachment":[{"href":"https:\/\/blogsaverroes.juntadeandalucia.es\/iesfuentebuena\/wp-json\/wp\/v2\/media?parent=3067"}],"wp:term":[{"taxonomy":"category","embeddable":true,"href":"https:\/\/blogsaverroes.juntadeandalucia.es\/iesfuentebuena\/wp-json\/wp\/v2\/categories?post=3067"},{"taxonomy":"post_tag","embeddable":true,"href":"https:\/\/blogsaverroes.juntadeandalucia.es\/iesfuentebuena\/wp-json\/wp\/v2\/tags?post=3067"}],"curies":[{"name":"wp","href":"https:\/\/api.w.org\/{rel}","templated":true}]}}