{"id":7223,"date":"2022-05-19T23:06:10","date_gmt":"2022-05-19T21:06:10","guid":{"rendered":"http:\/\/blogsaverroes.juntadeandalucia.es\/iesfuentebuena\/?p=7223"},"modified":"2022-08-11T18:25:28","modified_gmt":"2022-08-11T16:25:28","slug":"excursion-a-granada","status":"publish","type":"post","link":"https:\/\/blogsaverroes.juntadeandalucia.es\/iesfuentebuena\/2022\/05\/19\/excursion-a-granada\/","title":{"rendered":"Excursi\u00f3n a Granada"},"content":{"rendered":"<p>Nuestros grupos de 2\u00ba y 4\u00ba de ESO se han desplazado en el d\u00eda de hoy hasta la ciudad de Granada.<\/p>\n<p><a href=\"https:\/\/blogsaverroes.juntadeandalucia.es\/iesfuentebuena\/files\/2022\/08\/Granada2022-04.jpg\"><img loading=\"lazy\" decoding=\"async\" class=\"aligncenter wp-image-7228\" src=\"https:\/\/blogsaverroes.juntadeandalucia.es\/iesfuentebuena\/files\/2022\/08\/Granada2022-04-300x225.jpg\" alt=\"\" width=\"624\" height=\"468\" srcset=\"https:\/\/blogsaverroes.juntadeandalucia.es\/iesfuentebuena\/files\/2022\/08\/Granada2022-04-300x225.jpg 300w, https:\/\/blogsaverroes.juntadeandalucia.es\/iesfuentebuena\/files\/2022\/08\/Granada2022-04-768x576.jpg 768w, https:\/\/blogsaverroes.juntadeandalucia.es\/iesfuentebuena\/files\/2022\/08\/Granada2022-04-24x18.jpg 24w, https:\/\/blogsaverroes.juntadeandalucia.es\/iesfuentebuena\/files\/2022\/08\/Granada2022-04-36x27.jpg 36w, https:\/\/blogsaverroes.juntadeandalucia.es\/iesfuentebuena\/files\/2022\/08\/Granada2022-04-48x36.jpg 48w, https:\/\/blogsaverroes.juntadeandalucia.es\/iesfuentebuena\/files\/2022\/08\/Granada2022-04.jpg 1024w\" sizes=\"(max-width: 624px) 100vw, 624px\" \/><\/a><\/p>\n<p>&nbsp;<\/p>\n<p>La ma\u00f1ana ha sido ocupada en una visita a la Capilla Real con una completa explicaci\u00f3n a cargo del profesor Seraf\u00edn, as\u00ed como una visita literaria al barrio del Albaiz\u00edn a cargo de la profesora Mar\u00eda Jos\u00e9 centrada principalmente en el escritor Federico Garc\u00eda Lorca.<\/p>\n<p><a href=\"https:\/\/blogsaverroes.juntadeandalucia.es\/iesfuentebuena\/files\/2022\/08\/Granada2022-02.jpg\"><img loading=\"lazy\" decoding=\"async\" class=\" wp-image-7226 alignleft\" src=\"https:\/\/blogsaverroes.juntadeandalucia.es\/iesfuentebuena\/files\/2022\/08\/Granada2022-02-300x225.jpg\" alt=\"\" width=\"484\" height=\"363\" srcset=\"https:\/\/blogsaverroes.juntadeandalucia.es\/iesfuentebuena\/files\/2022\/08\/Granada2022-02-300x225.jpg 300w, https:\/\/blogsaverroes.juntadeandalucia.es\/iesfuentebuena\/files\/2022\/08\/Granada2022-02-1024x768.jpg 1024w, https:\/\/blogsaverroes.juntadeandalucia.es\/iesfuentebuena\/files\/2022\/08\/Granada2022-02-768x576.jpg 768w, https:\/\/blogsaverroes.juntadeandalucia.es\/iesfuentebuena\/files\/2022\/08\/Granada2022-02-1536x1152.jpg 1536w, https:\/\/blogsaverroes.juntadeandalucia.es\/iesfuentebuena\/files\/2022\/08\/Granada2022-02-24x18.jpg 24w, https:\/\/blogsaverroes.juntadeandalucia.es\/iesfuentebuena\/files\/2022\/08\/Granada2022-02-36x27.jpg 36w, https:\/\/blogsaverroes.juntadeandalucia.es\/iesfuentebuena\/files\/2022\/08\/Granada2022-02-48x36.jpg 48w, https:\/\/blogsaverroes.juntadeandalucia.es\/iesfuentebuena\/files\/2022\/08\/Granada2022-02.jpg 1600w\" sizes=\"(max-width: 484px) 100vw, 484px\" \/><\/a> <a href=\"https:\/\/blogsaverroes.juntadeandalucia.es\/iesfuentebuena\/files\/2022\/08\/Granada2022-01.jpg\"><img loading=\"lazy\" decoding=\"async\" class=\" wp-image-7225 alignright\" src=\"https:\/\/blogsaverroes.juntadeandalucia.es\/iesfuentebuena\/files\/2022\/08\/Granada2022-01-300x225.jpg\" alt=\"\" width=\"484\" height=\"363\" srcset=\"https:\/\/blogsaverroes.juntadeandalucia.es\/iesfuentebuena\/files\/2022\/08\/Granada2022-01-300x225.jpg 300w, https:\/\/blogsaverroes.juntadeandalucia.es\/iesfuentebuena\/files\/2022\/08\/Granada2022-01-1024x768.jpg 1024w, https:\/\/blogsaverroes.juntadeandalucia.es\/iesfuentebuena\/files\/2022\/08\/Granada2022-01-768x576.jpg 768w, https:\/\/blogsaverroes.juntadeandalucia.es\/iesfuentebuena\/files\/2022\/08\/Granada2022-01-1536x1152.jpg 1536w, https:\/\/blogsaverroes.juntadeandalucia.es\/iesfuentebuena\/files\/2022\/08\/Granada2022-01-24x18.jpg 24w, https:\/\/blogsaverroes.juntadeandalucia.es\/iesfuentebuena\/files\/2022\/08\/Granada2022-01-36x27.jpg 36w, https:\/\/blogsaverroes.juntadeandalucia.es\/iesfuentebuena\/files\/2022\/08\/Granada2022-01-48x36.jpg 48w, https:\/\/blogsaverroes.juntadeandalucia.es\/iesfuentebuena\/files\/2022\/08\/Granada2022-01.jpg 1600w\" sizes=\"(max-width: 484px) 100vw, 484px\" \/><\/a><\/p>\n<p><a href=\"https:\/\/blogsaverroes.juntadeandalucia.es\/iesfuentebuena\/files\/2022\/08\/Granada2022-05.jpg\"><img loading=\"lazy\" decoding=\"async\" class=\"wp-image-7229 alignleft\" src=\"https:\/\/blogsaverroes.juntadeandalucia.es\/iesfuentebuena\/files\/2022\/08\/Granada2022-05-300x225.jpg\" alt=\"\" width=\"485\" height=\"364\" srcset=\"https:\/\/blogsaverroes.juntadeandalucia.es\/iesfuentebuena\/files\/2022\/08\/Granada2022-05-300x225.jpg 300w, https:\/\/blogsaverroes.juntadeandalucia.es\/iesfuentebuena\/files\/2022\/08\/Granada2022-05-1024x768.jpg 1024w, https:\/\/blogsaverroes.juntadeandalucia.es\/iesfuentebuena\/files\/2022\/08\/Granada2022-05-768x576.jpg 768w, https:\/\/blogsaverroes.juntadeandalucia.es\/iesfuentebuena\/files\/2022\/08\/Granada2022-05-1536x1152.jpg 1536w, https:\/\/blogsaverroes.juntadeandalucia.es\/iesfuentebuena\/files\/2022\/08\/Granada2022-05-24x18.jpg 24w, https:\/\/blogsaverroes.juntadeandalucia.es\/iesfuentebuena\/files\/2022\/08\/Granada2022-05-36x27.jpg 36w, https:\/\/blogsaverroes.juntadeandalucia.es\/iesfuentebuena\/files\/2022\/08\/Granada2022-05-48x36.jpg 48w, https:\/\/blogsaverroes.juntadeandalucia.es\/iesfuentebuena\/files\/2022\/08\/Granada2022-05.jpg 1600w\" sizes=\"(max-width: 485px) 100vw, 485px\" \/><\/a><a href=\"https:\/\/blogsaverroes.juntadeandalucia.es\/iesfuentebuena\/files\/2022\/08\/Granada2022-06.jpg\"><img loading=\"lazy\" decoding=\"async\" class=\"aligncenter wp-image-7224\" src=\"https:\/\/blogsaverroes.juntadeandalucia.es\/iesfuentebuena\/files\/2022\/08\/Granada2022-06-300x225.jpg\" alt=\"\" width=\"485\" height=\"364\" srcset=\"https:\/\/blogsaverroes.juntadeandalucia.es\/iesfuentebuena\/files\/2022\/08\/Granada2022-06-300x225.jpg 300w, https:\/\/blogsaverroes.juntadeandalucia.es\/iesfuentebuena\/files\/2022\/08\/Granada2022-06-1024x768.jpg 1024w, https:\/\/blogsaverroes.juntadeandalucia.es\/iesfuentebuena\/files\/2022\/08\/Granada2022-06-768x576.jpg 768w, https:\/\/blogsaverroes.juntadeandalucia.es\/iesfuentebuena\/files\/2022\/08\/Granada2022-06-1536x1152.jpg 1536w, https:\/\/blogsaverroes.juntadeandalucia.es\/iesfuentebuena\/files\/2022\/08\/Granada2022-06-24x18.jpg 24w, https:\/\/blogsaverroes.juntadeandalucia.es\/iesfuentebuena\/files\/2022\/08\/Granada2022-06-36x27.jpg 36w, https:\/\/blogsaverroes.juntadeandalucia.es\/iesfuentebuena\/files\/2022\/08\/Granada2022-06-48x36.jpg 48w, https:\/\/blogsaverroes.juntadeandalucia.es\/iesfuentebuena\/files\/2022\/08\/Granada2022-06.jpg 1600w\" sizes=\"(max-width: 485px) 100vw, 485px\" \/><\/a><\/p>\n<p><a href=\"https:\/\/blogsaverroes.juntadeandalucia.es\/iesfuentebuena\/files\/2022\/08\/Granada2022-03.jpg\"><img loading=\"lazy\" decoding=\"async\" class=\"aligncenter wp-image-7227\" src=\"https:\/\/blogsaverroes.juntadeandalucia.es\/iesfuentebuena\/files\/2022\/08\/Granada2022-03-300x225.jpg\" alt=\"\" width=\"503\" height=\"377\" srcset=\"https:\/\/blogsaverroes.juntadeandalucia.es\/iesfuentebuena\/files\/2022\/08\/Granada2022-03-300x225.jpg 300w, https:\/\/blogsaverroes.juntadeandalucia.es\/iesfuentebuena\/files\/2022\/08\/Granada2022-03-1024x768.jpg 1024w, https:\/\/blogsaverroes.juntadeandalucia.es\/iesfuentebuena\/files\/2022\/08\/Granada2022-03-768x576.jpg 768w, https:\/\/blogsaverroes.juntadeandalucia.es\/iesfuentebuena\/files\/2022\/08\/Granada2022-03-1536x1152.jpg 1536w, https:\/\/blogsaverroes.juntadeandalucia.es\/iesfuentebuena\/files\/2022\/08\/Granada2022-03-24x18.jpg 24w, https:\/\/blogsaverroes.juntadeandalucia.es\/iesfuentebuena\/files\/2022\/08\/Granada2022-03-36x27.jpg 36w, https:\/\/blogsaverroes.juntadeandalucia.es\/iesfuentebuena\/files\/2022\/08\/Granada2022-03-48x36.jpg 48w, https:\/\/blogsaverroes.juntadeandalucia.es\/iesfuentebuena\/files\/2022\/08\/Granada2022-03.jpg 1600w\" sizes=\"(max-width: 503px) 100vw, 503px\" \/><\/a><\/p>\n<p>&nbsp;<\/p>\n<p>Ya por la tarde, el grupo se ha desplazado hasta el Parque de las Ciencias, con parada obligatoria en el Biodomo.<\/p>\n<p><a href=\"https:\/\/blogsaverroes.juntadeandalucia.es\/iesfuentebuena\/files\/2022\/08\/Granada2022-07.jpg\"><img loading=\"lazy\" decoding=\"async\" class=\"aligncenter wp-image-7231\" src=\"https:\/\/blogsaverroes.juntadeandalucia.es\/iesfuentebuena\/files\/2022\/08\/Granada2022-07-225x300.jpg\" alt=\"\" width=\"365\" height=\"486\" srcset=\"https:\/\/blogsaverroes.juntadeandalucia.es\/iesfuentebuena\/files\/2022\/08\/Granada2022-07-225x300.jpg 225w, https:\/\/blogsaverroes.juntadeandalucia.es\/iesfuentebuena\/files\/2022\/08\/Granada2022-07-768x1024.jpg 768w, https:\/\/blogsaverroes.juntadeandalucia.es\/iesfuentebuena\/files\/2022\/08\/Granada2022-07-1152x1536.jpg 1152w, https:\/\/blogsaverroes.juntadeandalucia.es\/iesfuentebuena\/files\/2022\/08\/Granada2022-07-18x24.jpg 18w, https:\/\/blogsaverroes.juntadeandalucia.es\/iesfuentebuena\/files\/2022\/08\/Granada2022-07-27x36.jpg 27w, https:\/\/blogsaverroes.juntadeandalucia.es\/iesfuentebuena\/files\/2022\/08\/Granada2022-07-36x48.jpg 36w, https:\/\/blogsaverroes.juntadeandalucia.es\/iesfuentebuena\/files\/2022\/08\/Granada2022-07.jpg 1200w\" sizes=\"(max-width: 365px) 100vw, 365px\" \/><\/a><\/p>\n<p><a href=\"https:\/\/blogsaverroes.juntadeandalucia.es\/iesfuentebuena\/files\/2022\/08\/Granada2022-09.jpg\"><img loading=\"lazy\" decoding=\"async\" class=\"wp-image-7230 alignleft\" src=\"https:\/\/blogsaverroes.juntadeandalucia.es\/iesfuentebuena\/files\/2022\/08\/Granada2022-09-300x225.jpg\" alt=\"\" width=\"427\" height=\"320\" srcset=\"https:\/\/blogsaverroes.juntadeandalucia.es\/iesfuentebuena\/files\/2022\/08\/Granada2022-09-300x225.jpg 300w, https:\/\/blogsaverroes.juntadeandalucia.es\/iesfuentebuena\/files\/2022\/08\/Granada2022-09-1024x768.jpg 1024w, https:\/\/blogsaverroes.juntadeandalucia.es\/iesfuentebuena\/files\/2022\/08\/Granada2022-09-768x576.jpg 768w, https:\/\/blogsaverroes.juntadeandalucia.es\/iesfuentebuena\/files\/2022\/08\/Granada2022-09-1536x1152.jpg 1536w, https:\/\/blogsaverroes.juntadeandalucia.es\/iesfuentebuena\/files\/2022\/08\/Granada2022-09-24x18.jpg 24w, https:\/\/blogsaverroes.juntadeandalucia.es\/iesfuentebuena\/files\/2022\/08\/Granada2022-09-36x27.jpg 36w, https:\/\/blogsaverroes.juntadeandalucia.es\/iesfuentebuena\/files\/2022\/08\/Granada2022-09-48x36.jpg 48w, https:\/\/blogsaverroes.juntadeandalucia.es\/iesfuentebuena\/files\/2022\/08\/Granada2022-09.jpg 1600w\" sizes=\"(max-width: 427px) 100vw, 427px\" \/><\/a><a href=\"https:\/\/blogsaverroes.juntadeandalucia.es\/iesfuentebuena\/files\/2022\/08\/Granada2022-08.jpg\"><img loading=\"lazy\" decoding=\"async\" class=\"wp-image-7232 alignright\" src=\"https:\/\/blogsaverroes.juntadeandalucia.es\/iesfuentebuena\/files\/2022\/08\/Granada2022-08-225x300.jpg\" alt=\"\" width=\"335\" height=\"447\" srcset=\"https:\/\/blogsaverroes.juntadeandalucia.es\/iesfuentebuena\/files\/2022\/08\/Granada2022-08-225x300.jpg 225w, https:\/\/blogsaverroes.juntadeandalucia.es\/iesfuentebuena\/files\/2022\/08\/Granada2022-08-768x1024.jpg 768w, https:\/\/blogsaverroes.juntadeandalucia.es\/iesfuentebuena\/files\/2022\/08\/Granada2022-08-1152x1536.jpg 1152w, https:\/\/blogsaverroes.juntadeandalucia.es\/iesfuentebuena\/files\/2022\/08\/Granada2022-08-18x24.jpg 18w, https:\/\/blogsaverroes.juntadeandalucia.es\/iesfuentebuena\/files\/2022\/08\/Granada2022-08-27x36.jpg 27w, https:\/\/blogsaverroes.juntadeandalucia.es\/iesfuentebuena\/files\/2022\/08\/Granada2022-08-36x48.jpg 36w, https:\/\/blogsaverroes.juntadeandalucia.es\/iesfuentebuena\/files\/2022\/08\/Granada2022-08.jpg 1200w\" sizes=\"(max-width: 335px) 100vw, 335px\" \/><\/a><a href=\"https:\/\/blogsaverroes.juntadeandalucia.es\/iesfuentebuena\/files\/2022\/08\/Granada2022-10.jpg\"><img loading=\"lazy\" decoding=\"async\" class=\"aligncenter wp-image-7234\" src=\"https:\/\/blogsaverroes.juntadeandalucia.es\/iesfuentebuena\/files\/2022\/08\/Granada2022-10-300x225.jpg\" alt=\"\" width=\"484\" height=\"363\" srcset=\"https:\/\/blogsaverroes.juntadeandalucia.es\/iesfuentebuena\/files\/2022\/08\/Granada2022-10-300x225.jpg 300w, https:\/\/blogsaverroes.juntadeandalucia.es\/iesfuentebuena\/files\/2022\/08\/Granada2022-10-1024x768.jpg 1024w, https:\/\/blogsaverroes.juntadeandalucia.es\/iesfuentebuena\/files\/2022\/08\/Granada2022-10-768x576.jpg 768w, https:\/\/blogsaverroes.juntadeandalucia.es\/iesfuentebuena\/files\/2022\/08\/Granada2022-10-1536x1152.jpg 1536w, https:\/\/blogsaverroes.juntadeandalucia.es\/iesfuentebuena\/files\/2022\/08\/Granada2022-10-24x18.jpg 24w, https:\/\/blogsaverroes.juntadeandalucia.es\/iesfuentebuena\/files\/2022\/08\/Granada2022-10-36x27.jpg 36w, https:\/\/blogsaverroes.juntadeandalucia.es\/iesfuentebuena\/files\/2022\/08\/Granada2022-10-48x36.jpg 48w, https:\/\/blogsaverroes.juntadeandalucia.es\/iesfuentebuena\/files\/2022\/08\/Granada2022-10.jpg 1600w\" sizes=\"(max-width: 484px) 100vw, 484px\" \/><\/a> <a href=\"https:\/\/blogsaverroes.juntadeandalucia.es\/iesfuentebuena\/files\/2022\/08\/Granada2022-11.jpg\"><img loading=\"lazy\" decoding=\"async\" class=\"wp-image-7235 alignleft\" src=\"https:\/\/blogsaverroes.juntadeandalucia.es\/iesfuentebuena\/files\/2022\/08\/Granada2022-11-300x188.jpg\" alt=\"\" width=\"439\" height=\"275\" srcset=\"https:\/\/blogsaverroes.juntadeandalucia.es\/iesfuentebuena\/files\/2022\/08\/Granada2022-11-300x188.jpg 300w, https:\/\/blogsaverroes.juntadeandalucia.es\/iesfuentebuena\/files\/2022\/08\/Granada2022-11-1024x642.jpg 1024w, https:\/\/blogsaverroes.juntadeandalucia.es\/iesfuentebuena\/files\/2022\/08\/Granada2022-11-768x482.jpg 768w, https:\/\/blogsaverroes.juntadeandalucia.es\/iesfuentebuena\/files\/2022\/08\/Granada2022-11-24x15.jpg 24w, https:\/\/blogsaverroes.juntadeandalucia.es\/iesfuentebuena\/files\/2022\/08\/Granada2022-11-36x23.jpg 36w, https:\/\/blogsaverroes.juntadeandalucia.es\/iesfuentebuena\/files\/2022\/08\/Granada2022-11-48x30.jpg 48w, https:\/\/blogsaverroes.juntadeandalucia.es\/iesfuentebuena\/files\/2022\/08\/Granada2022-11.jpg 1199w\" sizes=\"(max-width: 439px) 100vw, 439px\" \/><\/a><a href=\"https:\/\/blogsaverroes.juntadeandalucia.es\/iesfuentebuena\/files\/2022\/08\/Granada2022-13.jpg\"><img loading=\"lazy\" decoding=\"async\" class=\"wp-image-7237 alignright\" src=\"https:\/\/blogsaverroes.juntadeandalucia.es\/iesfuentebuena\/files\/2022\/08\/Granada2022-13-300x225.jpg\" alt=\"\" width=\"411\" height=\"308\" srcset=\"https:\/\/blogsaverroes.juntadeandalucia.es\/iesfuentebuena\/files\/2022\/08\/Granada2022-13-300x225.jpg 300w, https:\/\/blogsaverroes.juntadeandalucia.es\/iesfuentebuena\/files\/2022\/08\/Granada2022-13-1024x768.jpg 1024w, https:\/\/blogsaverroes.juntadeandalucia.es\/iesfuentebuena\/files\/2022\/08\/Granada2022-13-768x576.jpg 768w, https:\/\/blogsaverroes.juntadeandalucia.es\/iesfuentebuena\/files\/2022\/08\/Granada2022-13-1536x1152.jpg 1536w, https:\/\/blogsaverroes.juntadeandalucia.es\/iesfuentebuena\/files\/2022\/08\/Granada2022-13-24x18.jpg 24w, https:\/\/blogsaverroes.juntadeandalucia.es\/iesfuentebuena\/files\/2022\/08\/Granada2022-13-36x27.jpg 36w, https:\/\/blogsaverroes.juntadeandalucia.es\/iesfuentebuena\/files\/2022\/08\/Granada2022-13-48x36.jpg 48w, https:\/\/blogsaverroes.juntadeandalucia.es\/iesfuentebuena\/files\/2022\/08\/Granada2022-13.jpg 1600w\" sizes=\"(max-width: 411px) 100vw, 411px\" \/><\/a><\/p>\n<p>&nbsp;<\/p>\n<p><a href=\"https:\/\/blogsaverroes.juntadeandalucia.es\/iesfuentebuena\/files\/2022\/08\/Granada2022-12.jpg\"><img loading=\"lazy\" decoding=\"async\" class=\"aligncenter wp-image-7236\" src=\"https:\/\/blogsaverroes.juntadeandalucia.es\/iesfuentebuena\/files\/2022\/08\/Granada2022-12-300x225.jpg\" alt=\"\" width=\"407\" height=\"305\" srcset=\"https:\/\/blogsaverroes.juntadeandalucia.es\/iesfuentebuena\/files\/2022\/08\/Granada2022-12-300x225.jpg 300w, https:\/\/blogsaverroes.juntadeandalucia.es\/iesfuentebuena\/files\/2022\/08\/Granada2022-12-1024x768.jpg 1024w, https:\/\/blogsaverroes.juntadeandalucia.es\/iesfuentebuena\/files\/2022\/08\/Granada2022-12-768x576.jpg 768w, https:\/\/blogsaverroes.juntadeandalucia.es\/iesfuentebuena\/files\/2022\/08\/Granada2022-12-1536x1152.jpg 1536w, https:\/\/blogsaverroes.juntadeandalucia.es\/iesfuentebuena\/files\/2022\/08\/Granada2022-12-24x18.jpg 24w, https:\/\/blogsaverroes.juntadeandalucia.es\/iesfuentebuena\/files\/2022\/08\/Granada2022-12-36x27.jpg 36w, https:\/\/blogsaverroes.juntadeandalucia.es\/iesfuentebuena\/files\/2022\/08\/Granada2022-12-48x36.jpg 48w, https:\/\/blogsaverroes.juntadeandalucia.es\/iesfuentebuena\/files\/2022\/08\/Granada2022-12.jpg 1600w\" sizes=\"(max-width: 407px) 100vw, 407px\" \/><\/a><\/p>\n<p><a href=\"https:\/\/blogsaverroes.juntadeandalucia.es\/iesfuentebuena\/files\/2022\/08\/Granada2022-14.jpg\"><img loading=\"lazy\" decoding=\"async\" class=\"aligncenter size-medium wp-image-7233\" src=\"https:\/\/blogsaverroes.juntadeandalucia.es\/iesfuentebuena\/files\/2022\/08\/Granada2022-14-225x300.jpg\" alt=\"\" width=\"225\" height=\"300\" srcset=\"https:\/\/blogsaverroes.juntadeandalucia.es\/iesfuentebuena\/files\/2022\/08\/Granada2022-14-225x300.jpg 225w, https:\/\/blogsaverroes.juntadeandalucia.es\/iesfuentebuena\/files\/2022\/08\/Granada2022-14-768x1024.jpg 768w, https:\/\/blogsaverroes.juntadeandalucia.es\/iesfuentebuena\/files\/2022\/08\/Granada2022-14-1152x1536.jpg 1152w, https:\/\/blogsaverroes.juntadeandalucia.es\/iesfuentebuena\/files\/2022\/08\/Granada2022-14-18x24.jpg 18w, https:\/\/blogsaverroes.juntadeandalucia.es\/iesfuentebuena\/files\/2022\/08\/Granada2022-14-27x36.jpg 27w, https:\/\/blogsaverroes.juntadeandalucia.es\/iesfuentebuena\/files\/2022\/08\/Granada2022-14-36x48.jpg 36w, https:\/\/blogsaverroes.juntadeandalucia.es\/iesfuentebuena\/files\/2022\/08\/Granada2022-14.jpg 1200w\" sizes=\"(max-width: 225px) 100vw, 225px\" \/><\/a><\/p>\n","protected":false},"excerpt":{"rendered":"<p>Nuestros grupos de 2\u00ba y 4\u00ba de ESO visitan la Capilla Real, el Albaiz\u00edn y el Parque de las Ciencias<\/p>\n","protected":false},"author":4472,"featured_media":7231,"comment_status":"open","ping_status":"open","sticky":false,"template":"","format":"standard","meta":{"ngg_post_thumbnail":0,"footnotes":""},"categories":[5991,368119,1912841,1913375,1913368,1913374],"tags":[],"aioseo_notices":[],"_links":{"self":[{"href":"https:\/\/blogsaverroes.juntadeandalucia.es\/iesfuentebuena\/wp-json\/wp\/v2\/posts\/7223"}],"collection":[{"href":"https:\/\/blogsaverroes.juntadeandalucia.es\/iesfuentebuena\/wp-json\/wp\/v2\/posts"}],"about":[{"href":"https:\/\/blogsaverroes.juntadeandalucia.es\/iesfuentebuena\/wp-json\/wp\/v2\/types\/post"}],"author":[{"embeddable":true,"href":"https:\/\/blogsaverroes.juntadeandalucia.es\/iesfuentebuena\/wp-json\/wp\/v2\/users\/4472"}],"replies":[{"embeddable":true,"href":"https:\/\/blogsaverroes.juntadeandalucia.es\/iesfuentebuena\/wp-json\/wp\/v2\/comments?post=7223"}],"version-history":[{"count":3,"href":"https:\/\/blogsaverroes.juntadeandalucia.es\/iesfuentebuena\/wp-json\/wp\/v2\/posts\/7223\/revisions"}],"predecessor-version":[{"id":7240,"href":"https:\/\/blogsaverroes.juntadeandalucia.es\/iesfuentebuena\/wp-json\/wp\/v2\/posts\/7223\/revisions\/7240"}],"wp:featuredmedia":[{"embeddable":true,"href":"https:\/\/blogsaverroes.juntadeandalucia.es\/iesfuentebuena\/wp-json\/wp\/v2\/media\/7231"}],"wp:attachment":[{"href":"https:\/\/blogsaverroes.juntadeandalucia.es\/iesfuentebuena\/wp-json\/wp\/v2\/media?parent=7223"}],"wp:term":[{"taxonomy":"category","embeddable":true,"href":"https:\/\/blogsaverroes.juntadeandalucia.es\/iesfuentebuena\/wp-json\/wp\/v2\/categories?post=7223"},{"taxonomy":"post_tag","embeddable":true,"href":"https:\/\/blogsaverroes.juntadeandalucia.es\/iesfuentebuena\/wp-json\/wp\/v2\/tags?post=7223"}],"curies":[{"name":"wp","href":"https:\/\/api.w.org\/{rel}","templated":true}]}}