{"id":3276,"date":"2021-11-29T08:49:18","date_gmt":"2021-11-29T08:49:18","guid":{"rendered":"http:\/\/blogsaverroes.juntadeandalucia.es\/iesfuentejuncal\/?p=3276"},"modified":"2021-11-29T08:49:18","modified_gmt":"2021-11-29T08:49:18","slug":"violencia-de-genero","status":"publish","type":"post","link":"https:\/\/blogsaverroes.juntadeandalucia.es\/iesfuentejuncal\/2021\/11\/29\/violencia-de-genero\/","title":{"rendered":"Violencia de G\u00e9nero"},"content":{"rendered":"<p>Desde el <a href=\"https:\/\/blogsaverroes.juntadeandalucia.es\/iesfuentejuncal\/prevencion-de-la-violencia-de-genero\/\" target=\"_blank\" rel=\"noopener noreferrer\">plan de Igualdad de G\u00e9nero en Educaci\u00f3n<\/a> se han llevado a cabo&nbsp; en los \u00faltimos d\u00edas una serie de actividades encaminadas a la prevenci\u00f3n de la violencia de g\u00e9nero.<\/p>\n<div>\n<div>Todo la comunidad educativa se ha volcado en el proyecto. M\u00e1s informaci\u00f3n en el correspondiente apartado de <a href=\"https:\/\/blogsaverroes.juntadeandalucia.es\/iesfuentejuncal\/prevencion-de-la-violencia-de-genero\/\" target=\"_blank\" rel=\"noopener noreferrer\">Planes y Programas Educativos.<\/a><\/div>\n<\/div>\n","protected":false},"excerpt":{"rendered":"<p>Desde el plan de Igualdad de G\u00e9nero en Educaci\u00f3n se han llevado a cabo&nbsp; en los \u00faltimos d\u00edas una serie de actividades encaminadas a la prevenci\u00f3n de la violencia de g\u00e9nero. Todo la comunidad&#46;&#46;&#46;<\/p>\n","protected":false},"author":2886,"featured_media":0,"comment_status":"open","ping_status":"open","sticky":false,"template":"","format":"standard","meta":{"ngg_post_thumbnail":0,"footnotes":""},"categories":[5991,526],"tags":[],"aioseo_notices":[],"_links":{"self":[{"href":"https:\/\/blogsaverroes.juntadeandalucia.es\/iesfuentejuncal\/wp-json\/wp\/v2\/posts\/3276"}],"collection":[{"href":"https:\/\/blogsaverroes.juntadeandalucia.es\/iesfuentejuncal\/wp-json\/wp\/v2\/posts"}],"about":[{"href":"https:\/\/blogsaverroes.juntadeandalucia.es\/iesfuentejuncal\/wp-json\/wp\/v2\/types\/post"}],"author":[{"embeddable":true,"href":"https:\/\/blogsaverroes.juntadeandalucia.es\/iesfuentejuncal\/wp-json\/wp\/v2\/users\/2886"}],"replies":[{"embeddable":true,"href":"https:\/\/blogsaverroes.juntadeandalucia.es\/iesfuentejuncal\/wp-json\/wp\/v2\/comments?post=3276"}],"version-history":[{"count":2,"href":"https:\/\/blogsaverroes.juntadeandalucia.es\/iesfuentejuncal\/wp-json\/wp\/v2\/posts\/3276\/revisions"}],"predecessor-version":[{"id":3278,"href":"https:\/\/blogsaverroes.juntadeandalucia.es\/iesfuentejuncal\/wp-json\/wp\/v2\/posts\/3276\/revisions\/3278"}],"wp:attachment":[{"href":"https:\/\/blogsaverroes.juntadeandalucia.es\/iesfuentejuncal\/wp-json\/wp\/v2\/media?parent=3276"}],"wp:term":[{"taxonomy":"category","embeddable":true,"href":"https:\/\/blogsaverroes.juntadeandalucia.es\/iesfuentejuncal\/wp-json\/wp\/v2\/categories?post=3276"},{"taxonomy":"post_tag","embeddable":true,"href":"https:\/\/blogsaverroes.juntadeandalucia.es\/iesfuentejuncal\/wp-json\/wp\/v2\/tags?post=3276"}],"curies":[{"name":"wp","href":"https:\/\/api.w.org\/{rel}","templated":true}]}}