{"id":3426,"date":"2023-06-23T13:18:08","date_gmt":"2023-06-23T13:18:08","guid":{"rendered":"http:\/\/blogsaverroes.juntadeandalucia.es\/iesfuentejuncal\/?p=3426"},"modified":"2023-07-06T06:23:56","modified_gmt":"2023-07-06T06:23:56","slug":"matriculacion-curso-escolar-2-023-2-024","status":"publish","type":"post","link":"https:\/\/blogsaverroes.juntadeandalucia.es\/iesfuentejuncal\/2023\/06\/23\/matriculacion-curso-escolar-2-023-2-024\/","title":{"rendered":"MATRICULACI\u00d3N curso 23-24 \u00a1ACTUALIZADA para FP!"},"content":{"rendered":"<p><span style=\"text-decoration: underline\">\u00cdndice<\/span>:<\/p>\n<p><strong>1.- Matriculaci\u00f3n ESO y Bachillerato<\/strong>.<\/p>\n<p><strong>a)<\/strong> matr\u00edculas presenciales<\/p>\n<p><strong>b)<\/strong> matr\u00edculas por internet<\/p>\n<p><strong>2.- Matriculaci\u00f3n de Ciclos de Grado B\u00e1sico (antiguo FPB) y de Grado Medio de atenci\u00f3n a personas Dependientes.<\/strong><\/p>\n<p>a) Alumnado que continua estudios, o repetici\u00f3n de 1\u00ba.<\/p>\n<p>b) Alumnado de nuevo ingreso en 1\u00ba.<\/p>\n<p><strong>c) Calendario del proceso de escolarizaci\u00f3n 2023-24<\/strong><\/p>\n<p><strong>3.- AMPA del Instituto.<\/strong><\/p>\n<p align=\"center\">&#8212;&#8212;&#8212;&#8212;&#8212;&#8212;&#8212;&#8212;&#8212;&#8212;&#8212;&#8212;&#8212;&#8212;&#8212;&#8212;&#8212;&#8212;&#8212;&#8212;&#8212;&#8211;<\/p>\n<p><strong>1.-<\/strong> El periodo oficial de MATRICULACI\u00d3N para <strong>ESO y Bachillerato<\/strong> est\u00e1 comprendido entre el 1 y el 10 de julio, aunque estamos adelantando la recepci\u00f3n de matr\u00edculas presenciales en los siguientes casos:<\/p>\n<p><strong>a) <u>Matr\u00edculas presenciales<\/u><\/strong>:<\/p>\n<p>Para las matr\u00edculas de <b>3\u00ba y 4\u00ba de Diversificaci\u00f3n, <\/b><strong>4\u00ba ESO \u00f3<\/strong> <strong>1\u00ba <\/strong><strong>y 2\u00ba <\/strong><strong>de Bach<\/strong> se deber\u00e1 hacer <b>\u00fa<\/b><b>nicamente<\/b><b> en <\/b><b>la <\/b><b>ventanilla<\/b> del I.E.S. Fuente Juncal (no por internet), porque las familias suele tener dificultades para rellenarla, encontramos errores y ralentiza nuestros tr\u00e1mites posteriores.<\/p>\n<p><span style=\"color: #c9211e\"><b>El horario de ventanilla es de 9:30 horas a 12:00 horas, todo el mes de julio.<\/b><\/span><\/p>\n<p>Deber\u00e1n pagar 1\u201912\u20ac del Seguro Escolar en el momento de la matriculaci\u00f3n. Tambi\u00e9n deber\u00e1n abonar la agenda escolar del Instituto ( 3\u20ac ).<\/p>\n<p><strong>b) <u>Matr\u00edculas por internet<\/u><\/strong>:<\/p>\n<p>Para las matriculas de <b>1\u00ba, 2\u00ba \u00f3 3\u00ba ESO<\/b> deber\u00e1n realizarla s\u00f3lo por internet, en: <a href=\"https:\/\/www.juntadeandalucia.es\/educacion\/secretariavirtual\/solicitudes\/\">https:\/\/www.juntadeandalucia.es\/educacion\/secretariavirtual\/solicitudes\/<\/a><\/p>\n<p>Esta web estar\u00e1 accesible \u00fanicamente en el periodo del 1 al 10 de julio.<\/p>\n<p>Pondremos ordenadores en el Instituto para ayudarles a realizar la matr\u00edcula quien lo necesite, y atenderemos otras dudas en el mismo horario anterior.<\/p>\n<p><strong>MUY RECOMENDABLE HACER TODO EL PROCEDIMIENTO EN UN ORDENADOR. Los tel\u00e9fonos m\u00f3viles pudieran no mostrar toda la informaci\u00f3n <\/strong><strong>de la web<\/strong><strong>. <\/strong><strong>Al final del proceso podr\u00e1n descargarse una copia de la matr\u00edcula en su ordenador.<\/strong><\/p>\n<p>Durante el proceso de matriculaci\u00f3n deber\u00e1n pagar 1 euro y 12 c\u00e9ntimos en concepto de <strong>Seguro Escolar<\/strong>, obligatorio para el alumnado de 3\u00ba y cursos superiores. Lo podr\u00e1n pagar por internet durante el proceso mediante tarjeta bancaria, o en efectivo en el propio Instituto.<\/p>\n<p>Para abonar la agenda del instituto deber\u00e1 pasarse por ventanilla, en el horario mencionado anteriormente.<\/p>\n<p><strong>2.- El alumnado de Ciclo Formativo de Grado B\u00e1sico (antiguo FPB) y el alumnado de Grado Medio de atenci\u00f3n a Personas Dependientes<\/strong><\/p>\n<p>a) El alumnado que pasa de 1\u00ba a 2\u00ba curso, o que repita curso en nuestro centro educativo, deber\u00e1 hacer la matr\u00edcula para el curso 2023-24 en la Secretar\u00eda virtual hasta el d\u00eda 30 de junio. La web de la Secretar\u00eda virtual es:<\/p>\n<p><a href=\"https:\/\/www.juntadeandalucia.es\/educacion\/secretariavirtual\/solicitudes\/\">https:\/\/www.juntadeandalucia.es\/educacion\/secretariavirtual\/solicitudes\/<\/a><\/p>\n<p>Es obligatorio pagar el Seguro Escolar (1&#8217;12\u20ac) durante el proceso de matriculaci\u00f3n (con tarjeta bancaria), o en el centro educativo (en julio o septiembre) si no se dispone de tarjeta.<\/p>\n<p>b) El alumnado de nuevo ingreso deber\u00e1n realizar el proceso de admisi\u00f3n ordinario, desde el 15 al 30 de junio en la Secretar\u00eda virtual, en la web anterior.<\/p>\n<p>Es obligatorio pagar el Seguro Escolar (1&#8217;12\u20ac) durante el proceso de matriculaci\u00f3n (con tarjeta bancaria), o en el centro educativo (en julio o septiembre) si no se dispone de tarjeta.<\/p>\n<p>El d\u00eda 5 sale el listado provisional de solicitantes, en la misma web. Y al d\u00eda siguiente se abre el periodo de reclamaciones.<\/p>\n<p><b>Deben e<\/b><b>star <\/b><b>muy <\/b><b>pendiente<\/b><b>s<\/b><b> de <\/b><b>est<\/b><b>os plazos, <\/b><b>porque son cortos y se pueden pasar las diferentes plazos de adjudicaciones <\/b><b>y reclamaciones<\/b><b>.<\/b><\/p>\n<p>No obstante, se podr\u00e1n consultar todos estos plazos en la web:<\/p>\n<p><a href=\"https:\/\/www.juntadeandalucia.es\/educacion\/portales\/web\/escolarizacion\/fp\/calendario\">https:\/\/www.juntadeandalucia.es\/educacion\/portales\/web\/escolarizacion\/fp\/calendario<\/a><\/p>\n<p><strong>c) Calendario del proceso de escolarizaci\u00f3n 2023-24<\/strong><\/p>\n<p>MUY importante estar pendiente de las fecha del proceso de escolarizaci\u00f3n, para no perder plaza escolar para el pr\u00f3ximo curso. En el siguiente enlace pueden informarse de todos estos plazos:<\/p>\n<p><a href=\"https:\/\/www.juntadeandalucia.es\/educacion\/portales\/es\/web\/escolarizacion\/fp\/calendario\">https:\/\/www.juntadeandalucia.es\/educacion\/portales\/es\/web\/escolarizacion\/fp\/calendario<\/a><\/p>\n<p>&nbsp;<\/p>\n<p><strong>3.- El AMPA<\/strong> bonifica a las familias asociadas con reducciones en el precio de las fotocopias anuales y con agendas escolares gratis, entre otras.<\/p>\n<p>Las agendas puede recogerse en ventanilla a partir del d\u00eda 26 de junio, con un coste de 3\u20ac.<\/p>\n<p>Las familias asociadas al AMPA podr\u00e1 recuperar el importe en septiembre, presentando el recibo del pago de la agenda (una agenda gratis por familia asociada).<\/p>\n<p>Saludos del Equipo Directivo.<\/p>\n","protected":false},"excerpt":{"rendered":"<p>\u00cdndice: 1.- Matriculaci\u00f3n ESO y Bachillerato. a) matr\u00edculas presenciales b) matr\u00edculas por internet 2.- Matriculaci\u00f3n de Ciclos de Grado B\u00e1sico (antiguo FPB) y de Grado Medio de atenci\u00f3n a personas Dependientes. a) Alumnado que&#46;&#46;&#46;<\/p>\n","protected":false},"author":2886,"featured_media":0,"comment_status":"open","ping_status":"open","sticky":false,"template":"","format":"standard","meta":{"ngg_post_thumbnail":0,"footnotes":""},"categories":[11909],"tags":[],"aioseo_notices":[],"_links":{"self":[{"href":"https:\/\/blogsaverroes.juntadeandalucia.es\/iesfuentejuncal\/wp-json\/wp\/v2\/posts\/3426"}],"collection":[{"href":"https:\/\/blogsaverroes.juntadeandalucia.es\/iesfuentejuncal\/wp-json\/wp\/v2\/posts"}],"about":[{"href":"https:\/\/blogsaverroes.juntadeandalucia.es\/iesfuentejuncal\/wp-json\/wp\/v2\/types\/post"}],"author":[{"embeddable":true,"href":"https:\/\/blogsaverroes.juntadeandalucia.es\/iesfuentejuncal\/wp-json\/wp\/v2\/users\/2886"}],"replies":[{"embeddable":true,"href":"https:\/\/blogsaverroes.juntadeandalucia.es\/iesfuentejuncal\/wp-json\/wp\/v2\/comments?post=3426"}],"version-history":[{"count":11,"href":"https:\/\/blogsaverroes.juntadeandalucia.es\/iesfuentejuncal\/wp-json\/wp\/v2\/posts\/3426\/revisions"}],"predecessor-version":[{"id":3438,"href":"https:\/\/blogsaverroes.juntadeandalucia.es\/iesfuentejuncal\/wp-json\/wp\/v2\/posts\/3426\/revisions\/3438"}],"wp:attachment":[{"href":"https:\/\/blogsaverroes.juntadeandalucia.es\/iesfuentejuncal\/wp-json\/wp\/v2\/media?parent=3426"}],"wp:term":[{"taxonomy":"category","embeddable":true,"href":"https:\/\/blogsaverroes.juntadeandalucia.es\/iesfuentejuncal\/wp-json\/wp\/v2\/categories?post=3426"},{"taxonomy":"post_tag","embeddable":true,"href":"https:\/\/blogsaverroes.juntadeandalucia.es\/iesfuentejuncal\/wp-json\/wp\/v2\/tags?post=3426"}],"curies":[{"name":"wp","href":"https:\/\/api.w.org\/{rel}","templated":true}]}}