{"id":3449,"date":"2023-12-25T23:13:48","date_gmt":"2023-12-25T23:13:48","guid":{"rendered":"http:\/\/blogsaverroes.juntadeandalucia.es\/iesfuentejuncal\/?p=3449"},"modified":"2023-12-25T23:15:07","modified_gmt":"2023-12-25T23:15:07","slug":"protocolo-sobre-los-telef-moviles-en-el-instituto","status":"publish","type":"post","link":"https:\/\/blogsaverroes.juntadeandalucia.es\/iesfuentejuncal\/2023\/12\/25\/protocolo-sobre-los-telef-moviles-en-el-instituto\/","title":{"rendered":"PROTOCOLO sobre los tel\u00e9f. M\u00d3VILES en el Instituto"},"content":{"rendered":"<p>Publicamos el protocolo de uso del m\u00f3vil para nuestro centro educativo, que tendr\u00e1 vigencia a partir del 8 de enero de 2024:<\/p>\n<p>A inicios del presente curso numerosas familias del centro reclaman, a trav\u00e9s de la<br \/>\nAMPA y de los tutores\/as, la necesidad de limitar el uso del m\u00f3vil. La petici\u00f3n se lleva a claustro el 7 de noviembre y se acuerda crear un grupo de trabajo que incluya a diversos sectores de la comunidad educativa, con objeto de lograr una regulaci\u00f3n consensuada y plausible por todas las partes.<br \/>\nComo resultado de la propuesta elaborada por dicho grupo de trabajo, conformado por la AMPA, Orientaci\u00f3n, Jefatura de Estudios y varios profesores\/as y alumnos\/as del centro, y con base adem\u00e1s a la reciente Instrucci\u00f3n de 4 de diciembre de 2023, para la regulaci\u00f3n del uso del m\u00f3vil en los centros educativos andaluces, se determinan los siguientes aspectos:<\/p>\n<p>PRIMERO.- Se proh\u00edbe el uso del m\u00f3vil (y otros dispositivos electr\u00f3nicos como<br \/>\nsmartwatch) y\/o su exhibici\u00f3n en el centro, tanto dentro como fuera del aula y durante toda la jornada escolar, la cual incluye horario lectivo, guardias, recreos y per\u00edodos de actividades complementarias.<\/p>\n<p>SEGUNDO.- \u00danicamente se permitir\u00e1 el uso del m\u00f3vil con fines educativos. Para<br \/>\nrecurrir a esta excepci\u00f3n, el profesor\/a deber\u00e1 puntualmente enviar por iPasen una<br \/>\nautorizaci\u00f3n a las familias, quienes podr\u00e1n consentir su uso o no en el tramo horario determinado. El profesor\/a proporcionar\u00e1 otro dispositivo electr\u00f3nico al alumnado que no est\u00e9 autorizado o que simplemente prefiera no llevarlo al centro.<br \/>\nLa excepcionalidad tambi\u00e9n incluir\u00e1 al alumnado que requiera el uso del m\u00f3vil por<br \/>\ncircunstancias personales, como ser mayor de edad y tener cargas familiares bajo su responsabilidad. En cualquier caso, tendr\u00e1n que ser debidamente acreditadas por los representantes legales y concederse por la Direcci\u00f3n. De ser as\u00ed, el alumno\/a comunicar\u00e1 a su profesor la necesidad de mantener el m\u00f3vil encendido para una llamada urgente, si se diera el caso, que podr\u00e1 atender o realizar en administraci\u00f3n y no en el aula o en los pasillos.<\/p>\n<p>TERCERO.- El incumplimiento de esta norma se considera una conducta grave, por lo que, cuando un profesor\/a o un miembro de Direcci\u00f3n se percate de que un alumno\/a usa el m\u00f3vil, lo tiene a la vista o le suena o vibra, deber\u00e1 pedirle que lo apague y guarde en la mochila y remitir, inmediatamente, por iPasen una comunicaci\u00f3n a la familia del parte-sanci\u00f3n, que<br \/>\nconlleva una expulsi\u00f3n del centro por 2 d\u00edas a partir del d\u00eda siguiente. Se a\u00f1adir\u00e1 al equipo educativo y a Jefatura de Estudios como destinatarios del mensaje.<\/p>\n<p>En caso de que el incidente ocurra en hora de guardia, intercambio o recreo, el<br \/>\nprofesor\/a de guardia identificar\u00e1 al alumno\/a y su curso y grupo y lo notificar\u00e1 a un miembro de Direcci\u00f3n, quien realizar\u00e1 la comunicaci\u00f3n del parte-sanci\u00f3n.<\/p>\n<p>Tal como se recoge en el Decreto 327\/2010, de 13 de julio, por el que se regulan los<br \/>\nderechos y deberes del alumnado y las correspondientes normas de convivencia en los centros educativos, la reiteraci\u00f3n en el incumplimiento de esta norma supondr\u00e1 el aumento progresivo de la sanci\u00f3n.<\/p>\n<p>CUARTO.- Lo recomendable es dejar el m\u00f3vil en casa a menos que su uso haya sido<br \/>\nautorizado previamente por un profesor\/a. Si se decide llevarlo al centro, el m\u00f3vil deber\u00e1 permanecer dentro de la mochila y apagado durante toda la jornada escolar. Las clases quedar\u00e1n cerradas siempre que no se est\u00e9n usando y el profesorado no podr\u00e1 dejar la llave bajo ning\u00fan concepto a un alumno\/a para entrar en una clase sin supervisi\u00f3n. Sea como fuere, el centro no se responsabiliza del robo o extrav\u00edo de cualquier dispositivo electr\u00f3nico que el alumnado lleve al centro.<\/p>\n<p>Asimismo, desde las tutor\u00edas se promocionar\u00e1 el buen uso del m\u00f3vil, tanto para las<br \/>\nplataformas y aplicaciones de uso escolar, como la educaci\u00f3n en valores relacionadas con las buenas pr\u00e1cticas en el uso de las redes sociales. En este sentido, recordamos que quedan prohibidas las fotograf\u00edas y las grabaciones de audio y\/o v\u00eddeo, consider\u00e1ndose a\u00fan m\u00e1s grave la subida a redes sociales; puede ser motivo de denuncia.<\/p>\n<p>Sin otro particular, reciban un cordial saludo.<\/p>\n<p>Direcci\u00f3n.<\/p>\n","protected":false},"excerpt":{"rendered":"<p>Publicamos el protocolo de uso del m\u00f3vil para nuestro centro educativo, que tendr\u00e1 vigencia a partir del 8 de enero de 2024: A inicios del presente curso numerosas familias del centro reclaman, a trav\u00e9s&#46;&#46;&#46;<\/p>\n","protected":false},"author":2886,"featured_media":0,"comment_status":"open","ping_status":"open","sticky":false,"template":"","format":"standard","meta":{"ngg_post_thumbnail":0,"footnotes":""},"categories":[11909],"tags":[],"aioseo_notices":[],"_links":{"self":[{"href":"https:\/\/blogsaverroes.juntadeandalucia.es\/iesfuentejuncal\/wp-json\/wp\/v2\/posts\/3449"}],"collection":[{"href":"https:\/\/blogsaverroes.juntadeandalucia.es\/iesfuentejuncal\/wp-json\/wp\/v2\/posts"}],"about":[{"href":"https:\/\/blogsaverroes.juntadeandalucia.es\/iesfuentejuncal\/wp-json\/wp\/v2\/types\/post"}],"author":[{"embeddable":true,"href":"https:\/\/blogsaverroes.juntadeandalucia.es\/iesfuentejuncal\/wp-json\/wp\/v2\/users\/2886"}],"replies":[{"embeddable":true,"href":"https:\/\/blogsaverroes.juntadeandalucia.es\/iesfuentejuncal\/wp-json\/wp\/v2\/comments?post=3449"}],"version-history":[{"count":3,"href":"https:\/\/blogsaverroes.juntadeandalucia.es\/iesfuentejuncal\/wp-json\/wp\/v2\/posts\/3449\/revisions"}],"predecessor-version":[{"id":3452,"href":"https:\/\/blogsaverroes.juntadeandalucia.es\/iesfuentejuncal\/wp-json\/wp\/v2\/posts\/3449\/revisions\/3452"}],"wp:attachment":[{"href":"https:\/\/blogsaverroes.juntadeandalucia.es\/iesfuentejuncal\/wp-json\/wp\/v2\/media?parent=3449"}],"wp:term":[{"taxonomy":"category","embeddable":true,"href":"https:\/\/blogsaverroes.juntadeandalucia.es\/iesfuentejuncal\/wp-json\/wp\/v2\/categories?post=3449"},{"taxonomy":"post_tag","embeddable":true,"href":"https:\/\/blogsaverroes.juntadeandalucia.es\/iesfuentejuncal\/wp-json\/wp\/v2\/tags?post=3449"}],"curies":[{"name":"wp","href":"https:\/\/api.w.org\/{rel}","templated":true}]}}