{"id":3777,"date":"2023-11-06T16:20:05","date_gmt":"2023-11-06T15:20:05","guid":{"rendered":"https:\/\/blogsaverroes.juntadeandalucia.es\/iesfuentepina\/?p=3777"},"modified":"2024-01-30T13:52:26","modified_gmt":"2024-01-30T12:52:26","slug":"emprendedores","status":"publish","type":"post","link":"https:\/\/blogsaverroes.juntadeandalucia.es\/iesfuentepina\/emprendedores\/","title":{"rendered":"Emprendedores"},"content":{"rendered":"<p>Para celebrar el 28 de octubre, d\u00eda de la empresa andaluza, nuestra compa\u00f1era Roc\u00edo Mu\u00f1oz ha realizado una serie de entrevistas a personas emprendedoras a trav\u00e9s de v\u00eddeos que pod\u00e9is ver aqu\u00ed:<\/p>\n<p><a href=\"https:\/\/drive.google.com\/file\/d\/1n-p670NFsWWH-7paRa0lCsz9wsgDmjNQ\/view?usp=sharing\">Emprender 1<\/a><\/p>\n<p>&nbsp;<\/p>\n<p><a href=\"https:\/\/blogsaverroes.juntadeandalucia.es\/iesfuentepina\/files\/2023\/11\/D\u00eda-de-la-empresa-andaluza.jpg\"><img loading=\"lazy\" decoding=\"async\" class=\"aligncenter size-large wp-image-3781\" src=\"https:\/\/blogsaverroes.juntadeandalucia.es\/iesfuentepina\/files\/2023\/11\/D\u00eda-de-la-empresa-andaluza-1024x572.jpg\" alt=\"\" width=\"1024\" height=\"572\" srcset=\"https:\/\/blogsaverroes.juntadeandalucia.es\/iesfuentepina\/files\/2023\/11\/D\u00eda-de-la-empresa-andaluza-1024x572.jpg 1024w, https:\/\/blogsaverroes.juntadeandalucia.es\/iesfuentepina\/files\/2023\/11\/D\u00eda-de-la-empresa-andaluza-300x168.jpg 300w, https:\/\/blogsaverroes.juntadeandalucia.es\/iesfuentepina\/files\/2023\/11\/D\u00eda-de-la-empresa-andaluza-768x429.jpg 768w, https:\/\/blogsaverroes.juntadeandalucia.es\/iesfuentepina\/files\/2023\/11\/D\u00eda-de-la-empresa-andaluza.jpg 1267w\" sizes=\"(max-width: 1024px) 100vw, 1024px\" \/><\/a><\/p>\n","protected":false},"excerpt":{"rendered":"<p>Para celebrar el 28 de octubre, d\u00eda de la empresa andaluza, nuestra compa\u00f1era Roc\u00edo Mu\u00f1oz ha realizado una serie de entrevistas a personas emprendedoras a trav\u00e9s de v\u00eddeos que pod\u00e9is ver aqu\u00ed: Emprender 1&#46;&#46;&#46;<\/p>\n","protected":false},"author":11361,"featured_media":3781,"comment_status":"closed","ping_status":"open","sticky":false,"template":"","format":"image","meta":{"ngg_post_thumbnail":0,"footnotes":""},"categories":[2351654],"tags":[],"aioseo_notices":[],"_links":{"self":[{"href":"https:\/\/blogsaverroes.juntadeandalucia.es\/iesfuentepina\/wp-json\/wp\/v2\/posts\/3777"}],"collection":[{"href":"https:\/\/blogsaverroes.juntadeandalucia.es\/iesfuentepina\/wp-json\/wp\/v2\/posts"}],"about":[{"href":"https:\/\/blogsaverroes.juntadeandalucia.es\/iesfuentepina\/wp-json\/wp\/v2\/types\/post"}],"author":[{"embeddable":true,"href":"https:\/\/blogsaverroes.juntadeandalucia.es\/iesfuentepina\/wp-json\/wp\/v2\/users\/11361"}],"replies":[{"embeddable":true,"href":"https:\/\/blogsaverroes.juntadeandalucia.es\/iesfuentepina\/wp-json\/wp\/v2\/comments?post=3777"}],"version-history":[{"count":5,"href":"https:\/\/blogsaverroes.juntadeandalucia.es\/iesfuentepina\/wp-json\/wp\/v2\/posts\/3777\/revisions"}],"predecessor-version":[{"id":3783,"href":"https:\/\/blogsaverroes.juntadeandalucia.es\/iesfuentepina\/wp-json\/wp\/v2\/posts\/3777\/revisions\/3783"}],"wp:featuredmedia":[{"embeddable":true,"href":"https:\/\/blogsaverroes.juntadeandalucia.es\/iesfuentepina\/wp-json\/wp\/v2\/media\/3781"}],"wp:attachment":[{"href":"https:\/\/blogsaverroes.juntadeandalucia.es\/iesfuentepina\/wp-json\/wp\/v2\/media?parent=3777"}],"wp:term":[{"taxonomy":"category","embeddable":true,"href":"https:\/\/blogsaverroes.juntadeandalucia.es\/iesfuentepina\/wp-json\/wp\/v2\/categories?post=3777"},{"taxonomy":"post_tag","embeddable":true,"href":"https:\/\/blogsaverroes.juntadeandalucia.es\/iesfuentepina\/wp-json\/wp\/v2\/tags?post=3777"}],"curies":[{"name":"wp","href":"https:\/\/api.w.org\/{rel}","templated":true}]}}