{"id":4481,"date":"2025-06-12T13:37:29","date_gmt":"2025-06-12T12:37:29","guid":{"rendered":"https:\/\/blogsaverroes.juntadeandalucia.es\/iesfuentepina\/?p=4481"},"modified":"2025-06-12T13:37:29","modified_gmt":"2025-06-12T12:37:29","slug":"el-ies-fuentepina-impulsa-la-formacion-en-vehiculos-hibridos-enchufables","status":"publish","type":"post","link":"https:\/\/blogsaverroes.juntadeandalucia.es\/iesfuentepina\/el-ies-fuentepina-impulsa-la-formacion-en-vehiculos-hibridos-enchufables\/","title":{"rendered":"El IES Fuentepi\u00f1a Impulsa la Formaci\u00f3n en Veh\u00edculos H\u00edbridos Enchufables"},"content":{"rendered":"<p>El IES Fuentepi\u00f1a Impulsa la Formaci\u00f3n en Veh\u00edculos H\u00edbridos Enchufables<\/p>\n<p><strong>Huelva, 11 de junio de 2025<\/strong> \u2013 El <strong>IES Fuentepi\u00f1a<\/strong>, como centro coordinador del <strong>Proyecto \u00abMantenimiento, Diagnosis y Reparaci\u00f3n de Veh\u00edculos El\u00e9ctricos e H\u00edbridos\u00bb<\/strong>, celebr\u00f3 con \u00e9xito unas intensas jornadas de trabajo y formaci\u00f3n los pasados d\u00edas <strong>26, 27, 28 y 29 de mayo<\/strong>. Este evento crucial para el proyecto de innovaci\u00f3n aplicada en la Formaci\u00f3n Profesional tuvo lugar en nuestras instalaciones.<\/p>\n<p>Durante estas jornadas, el profesorado del IES Fuentepi\u00f1a y el <strong>IES Javier Garc\u00eda T\u00e9llez<\/strong>, nuestro centro colaborador, recibieron una formaci\u00f3n especializada y de vanguardia sobre <strong>veh\u00edculos h\u00edbridos enchufables<\/strong>, impartida por la reconocida empresa <strong>GRUP EINA DIGITAL S.L.<\/strong>. El conocimiento adquirido ser\u00e1 fundamental para ser revertido y aplicado directamente en la formaci\u00f3n de nuestro alumnado, prepar\u00e1ndolos para los desaf\u00edos tecnol\u00f3gicos del sector del autom\u00f3vil.<\/p>\n<p>El encuentro no solo se centr\u00f3 en la formaci\u00f3n t\u00e9cnica, sino que tambi\u00e9n fue un espacio clave para la planificaci\u00f3n. Se gestionaron <strong>modificaciones para el curso 2025\/2026<\/strong> y se realiz\u00f3 una puesta en com\u00fan de los presupuestos, asegurando as\u00ed la continuidad y el desarrollo \u00f3ptimo del proyecto. Adem\u00e1s, se concretaron detalles para las pr\u00f3ximas jornadas de trabajo, que se llevar\u00e1n a cabo en <strong>C\u00e1ceres en septiembre de 2025<\/strong>.<\/p>\n<p>Estas actividades reflejan el firme compromiso del IES Fuentepi\u00f1a con la <strong>actualizaci\u00f3n continua y la excelencia educativa<\/strong>. Al invertir en la capacitaci\u00f3n de nuestro profesorado y en la innovaci\u00f3n de nuestros programas, no solo beneficiamos directamente a nuestro alumnado, sino que tambi\u00e9n contribuimos al avance de la Formaci\u00f3n Profesional y, en \u00faltima instancia, al progreso de toda la sociedad en el camino hacia una movilidad m\u00e1s sostenible.<\/p>\n<p>&nbsp;<\/p>\n<p><a href=\"https:\/\/blogsaverroes.juntadeandalucia.es\/iesfuentepina\/files\/2025\/06\/WhatsApp-Image-2025-06-11-at-11.25.10.jpeg\"><img loading=\"lazy\" decoding=\"async\" class=\"aligncenter size-large wp-image-4482\" src=\"https:\/\/blogsaverroes.juntadeandalucia.es\/iesfuentepina\/files\/2025\/06\/WhatsApp-Image-2025-06-11-at-11.25.10-1024x768.jpeg\" alt=\"\" width=\"1024\" height=\"768\" srcset=\"https:\/\/blogsaverroes.juntadeandalucia.es\/iesfuentepina\/files\/2025\/06\/WhatsApp-Image-2025-06-11-at-11.25.10-1024x768.jpeg 1024w, https:\/\/blogsaverroes.juntadeandalucia.es\/iesfuentepina\/files\/2025\/06\/WhatsApp-Image-2025-06-11-at-11.25.10-300x225.jpeg 300w, https:\/\/blogsaverroes.juntadeandalucia.es\/iesfuentepina\/files\/2025\/06\/WhatsApp-Image-2025-06-11-at-11.25.10-768x576.jpeg 768w, https:\/\/blogsaverroes.juntadeandalucia.es\/iesfuentepina\/files\/2025\/06\/WhatsApp-Image-2025-06-11-at-11.25.10-1536x1152.jpeg 1536w, https:\/\/blogsaverroes.juntadeandalucia.es\/iesfuentepina\/files\/2025\/06\/WhatsApp-Image-2025-06-11-at-11.25.10.jpeg 1600w\" sizes=\"(max-width: 1024px) 100vw, 1024px\" \/><\/a> <a href=\"https:\/\/blogsaverroes.juntadeandalucia.es\/iesfuentepina\/files\/2025\/06\/WhatsApp-Image-2025-06-11-at-11.24.12.jpeg\"><img loading=\"lazy\" decoding=\"async\" class=\"aligncenter size-large wp-image-4483\" src=\"https:\/\/blogsaverroes.juntadeandalucia.es\/iesfuentepina\/files\/2025\/06\/WhatsApp-Image-2025-06-11-at-11.24.12-1024x768.jpeg\" alt=\"\" width=\"1024\" height=\"768\" srcset=\"https:\/\/blogsaverroes.juntadeandalucia.es\/iesfuentepina\/files\/2025\/06\/WhatsApp-Image-2025-06-11-at-11.24.12-1024x768.jpeg 1024w, https:\/\/blogsaverroes.juntadeandalucia.es\/iesfuentepina\/files\/2025\/06\/WhatsApp-Image-2025-06-11-at-11.24.12-300x225.jpeg 300w, https:\/\/blogsaverroes.juntadeandalucia.es\/iesfuentepina\/files\/2025\/06\/WhatsApp-Image-2025-06-11-at-11.24.12-768x576.jpeg 768w, https:\/\/blogsaverroes.juntadeandalucia.es\/iesfuentepina\/files\/2025\/06\/WhatsApp-Image-2025-06-11-at-11.24.12-1536x1152.jpeg 1536w, https:\/\/blogsaverroes.juntadeandalucia.es\/iesfuentepina\/files\/2025\/06\/WhatsApp-Image-2025-06-11-at-11.24.12.jpeg 1600w\" sizes=\"(max-width: 1024px) 100vw, 1024px\" \/><\/a> <a href=\"https:\/\/blogsaverroes.juntadeandalucia.es\/iesfuentepina\/files\/2025\/06\/WhatsApp-Image-2025-06-11-at-11.24.38.jpeg\"><img loading=\"lazy\" decoding=\"async\" class=\"aligncenter size-large wp-image-4484\" src=\"https:\/\/blogsaverroes.juntadeandalucia.es\/iesfuentepina\/files\/2025\/06\/WhatsApp-Image-2025-06-11-at-11.24.38-768x1024.jpeg\" alt=\"\" width=\"768\" height=\"1024\" srcset=\"https:\/\/blogsaverroes.juntadeandalucia.es\/iesfuentepina\/files\/2025\/06\/WhatsApp-Image-2025-06-11-at-11.24.38-768x1024.jpeg 768w, https:\/\/blogsaverroes.juntadeandalucia.es\/iesfuentepina\/files\/2025\/06\/WhatsApp-Image-2025-06-11-at-11.24.38-225x300.jpeg 225w, https:\/\/blogsaverroes.juntadeandalucia.es\/iesfuentepina\/files\/2025\/06\/WhatsApp-Image-2025-06-11-at-11.24.38-1152x1536.jpeg 1152w, https:\/\/blogsaverroes.juntadeandalucia.es\/iesfuentepina\/files\/2025\/06\/WhatsApp-Image-2025-06-11-at-11.24.38.jpeg 1200w\" sizes=\"(max-width: 768px) 100vw, 768px\" \/><\/a> <a href=\"https:\/\/blogsaverroes.juntadeandalucia.es\/iesfuentepina\/files\/2025\/06\/WhatsApp-Image-2025-06-11-at-11.23.19.jpeg\"><img loading=\"lazy\" decoding=\"async\" class=\"aligncenter size-large wp-image-4485\" src=\"https:\/\/blogsaverroes.juntadeandalucia.es\/iesfuentepina\/files\/2025\/06\/WhatsApp-Image-2025-06-11-at-11.23.19-1024x768.jpeg\" alt=\"\" width=\"1024\" height=\"768\" srcset=\"https:\/\/blogsaverroes.juntadeandalucia.es\/iesfuentepina\/files\/2025\/06\/WhatsApp-Image-2025-06-11-at-11.23.19-1024x768.jpeg 1024w, https:\/\/blogsaverroes.juntadeandalucia.es\/iesfuentepina\/files\/2025\/06\/WhatsApp-Image-2025-06-11-at-11.23.19-300x225.jpeg 300w, https:\/\/blogsaverroes.juntadeandalucia.es\/iesfuentepina\/files\/2025\/06\/WhatsApp-Image-2025-06-11-at-11.23.19-768x576.jpeg 768w, https:\/\/blogsaverroes.juntadeandalucia.es\/iesfuentepina\/files\/2025\/06\/WhatsApp-Image-2025-06-11-at-11.23.19-1536x1152.jpeg 1536w, https:\/\/blogsaverroes.juntadeandalucia.es\/iesfuentepina\/files\/2025\/06\/WhatsApp-Image-2025-06-11-at-11.23.19.jpeg 1600w\" sizes=\"(max-width: 1024px) 100vw, 1024px\" \/><\/a><\/p>\n","protected":false},"excerpt":{"rendered":"<p>El IES Fuentepi\u00f1a Impulsa la Formaci\u00f3n en Veh\u00edculos H\u00edbridos Enchufables Huelva, 11 de junio de 2025 \u2013 El IES Fuentepi\u00f1a, como centro coordinador del Proyecto \u00abMantenimiento, Diagnosis y Reparaci\u00f3n de Veh\u00edculos El\u00e9ctricos e H\u00edbridos\u00bb,&#46;&#46;&#46;<\/p>\n","protected":false},"author":11361,"featured_media":4485,"comment_status":"closed","ping_status":"open","sticky":false,"template":"","format":"standard","meta":{"ngg_post_thumbnail":0,"footnotes":""},"categories":[2351654],"tags":[],"aioseo_notices":[],"_links":{"self":[{"href":"https:\/\/blogsaverroes.juntadeandalucia.es\/iesfuentepina\/wp-json\/wp\/v2\/posts\/4481"}],"collection":[{"href":"https:\/\/blogsaverroes.juntadeandalucia.es\/iesfuentepina\/wp-json\/wp\/v2\/posts"}],"about":[{"href":"https:\/\/blogsaverroes.juntadeandalucia.es\/iesfuentepina\/wp-json\/wp\/v2\/types\/post"}],"author":[{"embeddable":true,"href":"https:\/\/blogsaverroes.juntadeandalucia.es\/iesfuentepina\/wp-json\/wp\/v2\/users\/11361"}],"replies":[{"embeddable":true,"href":"https:\/\/blogsaverroes.juntadeandalucia.es\/iesfuentepina\/wp-json\/wp\/v2\/comments?post=4481"}],"version-history":[{"count":1,"href":"https:\/\/blogsaverroes.juntadeandalucia.es\/iesfuentepina\/wp-json\/wp\/v2\/posts\/4481\/revisions"}],"predecessor-version":[{"id":4486,"href":"https:\/\/blogsaverroes.juntadeandalucia.es\/iesfuentepina\/wp-json\/wp\/v2\/posts\/4481\/revisions\/4486"}],"wp:featuredmedia":[{"embeddable":true,"href":"https:\/\/blogsaverroes.juntadeandalucia.es\/iesfuentepina\/wp-json\/wp\/v2\/media\/4485"}],"wp:attachment":[{"href":"https:\/\/blogsaverroes.juntadeandalucia.es\/iesfuentepina\/wp-json\/wp\/v2\/media?parent=4481"}],"wp:term":[{"taxonomy":"category","embeddable":true,"href":"https:\/\/blogsaverroes.juntadeandalucia.es\/iesfuentepina\/wp-json\/wp\/v2\/categories?post=4481"},{"taxonomy":"post_tag","embeddable":true,"href":"https:\/\/blogsaverroes.juntadeandalucia.es\/iesfuentepina\/wp-json\/wp\/v2\/tags?post=4481"}],"curies":[{"name":"wp","href":"https:\/\/api.w.org\/{rel}","templated":true}]}}