{"id":7386,"date":"2022-01-21T12:23:20","date_gmt":"2022-01-21T10:23:20","guid":{"rendered":"http:\/\/blogsaverroes.juntadeandalucia.es\/iesgalileogalilei\/?p=7386"},"modified":"2022-01-21T12:23:20","modified_gmt":"2022-01-21T10:23:20","slug":"salida-programa-emprendexpress","status":"publish","type":"post","link":"https:\/\/blogsaverroes.juntadeandalucia.es\/iesgalileogalilei\/2022\/01\/21\/salida-programa-emprendexpress\/","title":{"rendered":"Salida programa Emprendexpr\u00e9ss"},"content":{"rendered":"<p>Este jueves un grupo de alumnado de primero de bachillerato asisti\u00f3 a un taller de Sostenibilidad Ambiental en la Laguna de Fuente del Rey desarrollado por la empresa Algakon dentro del programa <a href=\"http:\/\/www.doshermanas.es\/concejalias\/promocion-economica-e-innovacion\/fomento\/concurso-de-proyectos-empresariales\/viveros-de-empresas_0001_0001_0001_0001_0002_0001_0001\/\">Emprendexpr\u00e9ss del Ayuntamiento de Dos Hermanas<\/a>. En este taller se analizaron las oportunidades de negocio relacionadas con la protecci\u00f3n y cuidado del medio natural y se realiz\u00f3 una visita guiada por el entorno natural que permiti\u00f3 el avistamiento de numerosas especies de flora y fauna tanto residentes como migrantes.<\/p>\n\n\t\t<style>\n\t\t\t#gallery-1 {\n\t\t\t\tmargin: auto;\n\t\t\t}\n\t\t\t#gallery-1 .gallery-item {\n\t\t\t\tfloat: left;\n\t\t\t\tmargin-top: 10px;\n\t\t\t\ttext-align: center;\n\t\t\t\twidth: 33%;\n\t\t\t}\n\t\t\t#gallery-1 img {\n\t\t\t\tborder: 2px solid #cfcfcf;\n\t\t\t}\n\t\t\t#gallery-1 .gallery-caption {\n\t\t\t\tmargin-left: 0;\n\t\t\t}\n\t\t\t\/* see gallery_shortcode() in wp-includes\/media.php *\/\n\t\t<\/style>\n\t\t<div id='gallery-1' class='gallery galleryid-7386 gallery-columns-3 gallery-size-medium'><dl class='gallery-item'>\n\t\t\t<dt class='gallery-icon landscape'>\n\t\t\t\t<a href='https:\/\/blogsaverroes.juntadeandalucia.es\/iesgalileogalilei\/files\/2022\/01\/WhatsApp-Image-2022-01-21-at-10.47.59.jpeg'><img fetchpriority=\"high\" decoding=\"async\" width=\"300\" height=\"169\" src=\"https:\/\/blogsaverroes.juntadeandalucia.es\/iesgalileogalilei\/files\/2022\/01\/WhatsApp-Image-2022-01-21-at-10.47.59-300x169.jpeg\" class=\"attachment-medium size-medium\" alt=\"\" srcset=\"https:\/\/blogsaverroes.juntadeandalucia.es\/iesgalileogalilei\/files\/2022\/01\/WhatsApp-Image-2022-01-21-at-10.47.59-300x169.jpeg 300w, https:\/\/blogsaverroes.juntadeandalucia.es\/iesgalileogalilei\/files\/2022\/01\/WhatsApp-Image-2022-01-21-at-10.47.59-1024x576.jpeg 1024w, https:\/\/blogsaverroes.juntadeandalucia.es\/iesgalileogalilei\/files\/2022\/01\/WhatsApp-Image-2022-01-21-at-10.47.59-768x432.jpeg 768w, https:\/\/blogsaverroes.juntadeandalucia.es\/iesgalileogalilei\/files\/2022\/01\/WhatsApp-Image-2022-01-21-at-10.47.59-1536x864.jpeg 1536w, https:\/\/blogsaverroes.juntadeandalucia.es\/iesgalileogalilei\/files\/2022\/01\/WhatsApp-Image-2022-01-21-at-10.47.59.jpeg 1600w\" sizes=\"(max-width: 300px) 100vw, 300px\" \/><\/a>\n\t\t\t<\/dt><\/dl><dl class='gallery-item'>\n\t\t\t<dt class='gallery-icon landscape'>\n\t\t\t\t<a href='https:\/\/blogsaverroes.juntadeandalucia.es\/iesgalileogalilei\/files\/2022\/01\/WhatsApp-Image-2022-01-21-at-10.47.57.jpeg'><img decoding=\"async\" width=\"300\" height=\"169\" src=\"https:\/\/blogsaverroes.juntadeandalucia.es\/iesgalileogalilei\/files\/2022\/01\/WhatsApp-Image-2022-01-21-at-10.47.57-300x169.jpeg\" class=\"attachment-medium size-medium\" alt=\"\" srcset=\"https:\/\/blogsaverroes.juntadeandalucia.es\/iesgalileogalilei\/files\/2022\/01\/WhatsApp-Image-2022-01-21-at-10.47.57-300x169.jpeg 300w, https:\/\/blogsaverroes.juntadeandalucia.es\/iesgalileogalilei\/files\/2022\/01\/WhatsApp-Image-2022-01-21-at-10.47.57-1024x576.jpeg 1024w, https:\/\/blogsaverroes.juntadeandalucia.es\/iesgalileogalilei\/files\/2022\/01\/WhatsApp-Image-2022-01-21-at-10.47.57-768x432.jpeg 768w, https:\/\/blogsaverroes.juntadeandalucia.es\/iesgalileogalilei\/files\/2022\/01\/WhatsApp-Image-2022-01-21-at-10.47.57-1536x864.jpeg 1536w, https:\/\/blogsaverroes.juntadeandalucia.es\/iesgalileogalilei\/files\/2022\/01\/WhatsApp-Image-2022-01-21-at-10.47.57.jpeg 1600w\" sizes=\"(max-width: 300px) 100vw, 300px\" \/><\/a>\n\t\t\t<\/dt><\/dl><dl class='gallery-item'>\n\t\t\t<dt class='gallery-icon landscape'>\n\t\t\t\t<a href='https:\/\/blogsaverroes.juntadeandalucia.es\/iesgalileogalilei\/files\/2022\/01\/WhatsApp-Image-2022-01-21-at-10.48.051.jpeg'><img decoding=\"async\" width=\"300\" height=\"169\" src=\"https:\/\/blogsaverroes.juntadeandalucia.es\/iesgalileogalilei\/files\/2022\/01\/WhatsApp-Image-2022-01-21-at-10.48.051-300x169.jpeg\" class=\"attachment-medium size-medium\" alt=\"\" srcset=\"https:\/\/blogsaverroes.juntadeandalucia.es\/iesgalileogalilei\/files\/2022\/01\/WhatsApp-Image-2022-01-21-at-10.48.051-300x169.jpeg 300w, https:\/\/blogsaverroes.juntadeandalucia.es\/iesgalileogalilei\/files\/2022\/01\/WhatsApp-Image-2022-01-21-at-10.48.051-1024x576.jpeg 1024w, https:\/\/blogsaverroes.juntadeandalucia.es\/iesgalileogalilei\/files\/2022\/01\/WhatsApp-Image-2022-01-21-at-10.48.051-768x432.jpeg 768w, https:\/\/blogsaverroes.juntadeandalucia.es\/iesgalileogalilei\/files\/2022\/01\/WhatsApp-Image-2022-01-21-at-10.48.051-1536x864.jpeg 1536w, https:\/\/blogsaverroes.juntadeandalucia.es\/iesgalileogalilei\/files\/2022\/01\/WhatsApp-Image-2022-01-21-at-10.48.051.jpeg 1600w\" sizes=\"(max-width: 300px) 100vw, 300px\" \/><\/a>\n\t\t\t<\/dt><\/dl><br style=\"clear: both\" \/>\n\t\t<\/div>\n\n","protected":false},"excerpt":{"rendered":"<p>Este jueves un grupo de alumnado de primero de bachillerato asisti\u00f3 a un taller de Sostenibilidad Ambiental en la Laguna&#46;&#46;&#46;<\/p>\n","protected":false},"author":3756,"featured_media":7389,"comment_status":"open","ping_status":"closed","sticky":false,"template":"","format":"standard","meta":{"ngg_post_thumbnail":0,"footnotes":""},"categories":[32,787966],"tags":[],"aioseo_notices":[],"_links":{"self":[{"href":"https:\/\/blogsaverroes.juntadeandalucia.es\/iesgalileogalilei\/wp-json\/wp\/v2\/posts\/7386"}],"collection":[{"href":"https:\/\/blogsaverroes.juntadeandalucia.es\/iesgalileogalilei\/wp-json\/wp\/v2\/posts"}],"about":[{"href":"https:\/\/blogsaverroes.juntadeandalucia.es\/iesgalileogalilei\/wp-json\/wp\/v2\/types\/post"}],"author":[{"embeddable":true,"href":"https:\/\/blogsaverroes.juntadeandalucia.es\/iesgalileogalilei\/wp-json\/wp\/v2\/users\/3756"}],"replies":[{"embeddable":true,"href":"https:\/\/blogsaverroes.juntadeandalucia.es\/iesgalileogalilei\/wp-json\/wp\/v2\/comments?post=7386"}],"version-history":[{"count":4,"href":"https:\/\/blogsaverroes.juntadeandalucia.es\/iesgalileogalilei\/wp-json\/wp\/v2\/posts\/7386\/revisions"}],"predecessor-version":[{"id":7393,"href":"https:\/\/blogsaverroes.juntadeandalucia.es\/iesgalileogalilei\/wp-json\/wp\/v2\/posts\/7386\/revisions\/7393"}],"wp:featuredmedia":[{"embeddable":true,"href":"https:\/\/blogsaverroes.juntadeandalucia.es\/iesgalileogalilei\/wp-json\/wp\/v2\/media\/7389"}],"wp:attachment":[{"href":"https:\/\/blogsaverroes.juntadeandalucia.es\/iesgalileogalilei\/wp-json\/wp\/v2\/media?parent=7386"}],"wp:term":[{"taxonomy":"category","embeddable":true,"href":"https:\/\/blogsaverroes.juntadeandalucia.es\/iesgalileogalilei\/wp-json\/wp\/v2\/categories?post=7386"},{"taxonomy":"post_tag","embeddable":true,"href":"https:\/\/blogsaverroes.juntadeandalucia.es\/iesgalileogalilei\/wp-json\/wp\/v2\/tags?post=7386"}],"curies":[{"name":"wp","href":"https:\/\/api.w.org\/{rel}","templated":true}]}}