{"id":8117,"date":"2025-08-05T11:56:47","date_gmt":"2025-08-05T09:56:47","guid":{"rendered":"https:\/\/blogsaverroes.juntadeandalucia.es\/iesgalileogalilei\/?p=8117"},"modified":"2025-08-05T12:16:21","modified_gmt":"2025-08-05T10:16:21","slug":"calendario-de-examenes-de-septiembre-1o-bachillerato","status":"publish","type":"post","link":"https:\/\/blogsaverroes.juntadeandalucia.es\/iesgalileogalilei\/2025\/08\/05\/calendario-de-examenes-de-septiembre-1o-bachillerato\/","title":{"rendered":"Calendario de ex\u00e1menes de septiembre. 1\u00ba Bachillerato."},"content":{"rendered":"<p>Detallamos aqu\u00ed el calendario de ex\u00e1menes de septiembre para el alumnado de 1\u00ba de Bachillerato (\u00fanico nivel con evaluaci\u00f3n extraordinaria tras el verano).<\/p>\n<p><span style=\"font-weight: 400\">Todas las pruebas se realizar\u00e1n en las aulas de 2\u00baBTO-A y 2\u00baBTO-B, excepto las de Educaci\u00f3n F\u00edsica, que se desarrollar\u00e1 en el patio, y TICO, que ser\u00e1 en el aula de Inform\u00e1tica.<\/span><\/p>\n<p><span style=\"font-weight: 400\">La entrada al centro estar\u00e1 habilitada por la puerta principal del edificio.&nbsp;<\/span><\/p>\n<p><span style=\"font-weight: 400\">Los aseos situados en la planta baja estar\u00e1n disponibles.&nbsp;<\/span><\/p>\n<p><span style=\"font-weight: 400\">Las notas se publicar\u00e1n por Pasen el mi\u00e9rcoles, d\u00eda 3 de septiembre, a las 12:30 h.&nbsp;<\/span><\/p>\n<p><span style=\"font-weight: 400\">Si tienes dos materias a la misma hora no te preocupes, podr\u00e1s continuar haciendo el segundo examen durante el tiempo que necesites.<\/span><\/p>\n<p><a href=\"https:\/\/blogsaverroes.juntadeandalucia.es\/iesgalileogalilei\/files\/2025\/08\/Calendario-examenes-septiembre-2025_1-Bach.jpg\"><img fetchpriority=\"high\" decoding=\"async\" class=\"aligncenter size-full wp-image-8118\" src=\"https:\/\/blogsaverroes.juntadeandalucia.es\/iesgalileogalilei\/files\/2025\/08\/Calendario-examenes-septiembre-2025_1-Bach.jpg\" alt=\"\" width=\"846\" height=\"357\" srcset=\"https:\/\/blogsaverroes.juntadeandalucia.es\/iesgalileogalilei\/files\/2025\/08\/Calendario-examenes-septiembre-2025_1-Bach.jpg 846w, https:\/\/blogsaverroes.juntadeandalucia.es\/iesgalileogalilei\/files\/2025\/08\/Calendario-examenes-septiembre-2025_1-Bach-300x127.jpg 300w, https:\/\/blogsaverroes.juntadeandalucia.es\/iesgalileogalilei\/files\/2025\/08\/Calendario-examenes-septiembre-2025_1-Bach-768x324.jpg 768w\" sizes=\"(max-width: 846px) 100vw, 846px\" \/><\/a><\/p>\n","protected":false},"excerpt":{"rendered":"<p>Detallamos aqu\u00ed el calendario de ex\u00e1menes de septiembre para el alumnado de 1\u00ba de Bachillerato (\u00fanico nivel con evaluaci\u00f3n extraordinaria&#46;&#46;&#46;<\/p>\n","protected":false},"author":4019,"featured_media":0,"comment_status":"closed","ping_status":"closed","sticky":false,"template":"","format":"standard","meta":{"ngg_post_thumbnail":0,"footnotes":""},"categories":[526],"tags":[],"aioseo_notices":[],"_links":{"self":[{"href":"https:\/\/blogsaverroes.juntadeandalucia.es\/iesgalileogalilei\/wp-json\/wp\/v2\/posts\/8117"}],"collection":[{"href":"https:\/\/blogsaverroes.juntadeandalucia.es\/iesgalileogalilei\/wp-json\/wp\/v2\/posts"}],"about":[{"href":"https:\/\/blogsaverroes.juntadeandalucia.es\/iesgalileogalilei\/wp-json\/wp\/v2\/types\/post"}],"author":[{"embeddable":true,"href":"https:\/\/blogsaverroes.juntadeandalucia.es\/iesgalileogalilei\/wp-json\/wp\/v2\/users\/4019"}],"replies":[{"embeddable":true,"href":"https:\/\/blogsaverroes.juntadeandalucia.es\/iesgalileogalilei\/wp-json\/wp\/v2\/comments?post=8117"}],"version-history":[{"count":7,"href":"https:\/\/blogsaverroes.juntadeandalucia.es\/iesgalileogalilei\/wp-json\/wp\/v2\/posts\/8117\/revisions"}],"predecessor-version":[{"id":8125,"href":"https:\/\/blogsaverroes.juntadeandalucia.es\/iesgalileogalilei\/wp-json\/wp\/v2\/posts\/8117\/revisions\/8125"}],"wp:attachment":[{"href":"https:\/\/blogsaverroes.juntadeandalucia.es\/iesgalileogalilei\/wp-json\/wp\/v2\/media?parent=8117"}],"wp:term":[{"taxonomy":"category","embeddable":true,"href":"https:\/\/blogsaverroes.juntadeandalucia.es\/iesgalileogalilei\/wp-json\/wp\/v2\/categories?post=8117"},{"taxonomy":"post_tag","embeddable":true,"href":"https:\/\/blogsaverroes.juntadeandalucia.es\/iesgalileogalilei\/wp-json\/wp\/v2\/tags?post=8117"}],"curies":[{"name":"wp","href":"https:\/\/api.w.org\/{rel}","templated":true}]}}