{"id":8145,"date":"2025-09-15T21:53:05","date_gmt":"2025-09-15T19:53:05","guid":{"rendered":"https:\/\/blogsaverroes.juntadeandalucia.es\/iesgalileogalilei\/?p=8145"},"modified":"2025-09-15T21:53:05","modified_gmt":"2025-09-15T19:53:05","slug":"horarios-provisionales-de-grupos-curso-2025-2026","status":"publish","type":"post","link":"https:\/\/blogsaverroes.juntadeandalucia.es\/iesgalileogalilei\/2025\/09\/15\/horarios-provisionales-de-grupos-curso-2025-2026\/","title":{"rendered":"Horarios provisionales de grupos. Curso 2025\/2026"},"content":{"rendered":"<p>A trav\u00e9s de los siguientes enlaces se acceder\u00e1 a los horarios provisionales que ser\u00e1n de aplicaci\u00f3n durante la primera semana lectiva del curso 2025\/2026.<\/p>\n<p><a title=\"Horarios provisionales 1-ESO\" href=\"https:\/\/blogsaverroes.juntadeandalucia.es\/iesgalileogalilei\/files\/2025\/09\/1-ESO_2025-2026_Prov_01.pdf\" target=\"_blank\" rel=\"noopener\">Horarios provisionales 1-ESO_2025-09-15<\/a><\/p>\n<p><a title=\"Horarios provisionales 2-ESO\" href=\"https:\/\/blogsaverroes.juntadeandalucia.es\/iesgalileogalilei\/files\/2025\/09\/2-ESO_2025-2026_Prov_01.pdf\" target=\"_blank\" rel=\"noopener\">Horarios provisionales 2-ESO_2025-09-15<\/a><\/p>\n<p><a title=\"Horarios provisionales 3-ESO\" href=\"https:\/\/blogsaverroes.juntadeandalucia.es\/iesgalileogalilei\/files\/2025\/09\/3-ESO_2025-2026_Prov_01.pdf\" target=\"_blank\" rel=\"noopener\">Horarios provisionales 3-ESO_2025-09-15<\/a><\/p>\n<p><a title=\"Horarios provisionales 4-ESO\" href=\"https:\/\/blogsaverroes.juntadeandalucia.es\/iesgalileogalilei\/files\/2025\/09\/4-ESO_2025-2026_Prov_01.pdf\" target=\"_blank\" rel=\"noopener\">Horarios provisionales 4-ESO_2025-09-15<\/a><\/p>\n<p><a title=\"Horarios provisionales 1-Bachillerato\" href=\"https:\/\/blogsaverroes.juntadeandalucia.es\/iesgalileogalilei\/files\/2025\/09\/1-BACHILERATO_2025-2026_Prov_01.pdf\" target=\"_blank\" rel=\"noopener\">Horarios provisionales 1-BACHILLERATO_2025-09-15<\/a><\/p>\n<p><a title=\"Horarios provisionales 2-Bachillerato\" href=\"https:\/\/blogsaverroes.juntadeandalucia.es\/iesgalileogalilei\/files\/2025\/09\/2-BACHILERATO_2025-2026_Prov_01.pdf\" target=\"_blank\" rel=\"noopener\">Horarios provisionales 1-BACHILLERATO_2025-09-15<\/a><\/p>\n","protected":false},"excerpt":{"rendered":"<p>A trav\u00e9s de los siguientes enlaces se acceder\u00e1 a los horarios provisionales que ser\u00e1n de aplicaci\u00f3n durante la primera semana&#46;&#46;&#46;<\/p>\n","protected":false},"author":4019,"featured_media":0,"comment_status":"open","ping_status":"closed","sticky":false,"template":"","format":"standard","meta":{"ngg_post_thumbnail":0,"footnotes":""},"categories":[11909],"tags":[],"aioseo_notices":[],"_links":{"self":[{"href":"https:\/\/blogsaverroes.juntadeandalucia.es\/iesgalileogalilei\/wp-json\/wp\/v2\/posts\/8145"}],"collection":[{"href":"https:\/\/blogsaverroes.juntadeandalucia.es\/iesgalileogalilei\/wp-json\/wp\/v2\/posts"}],"about":[{"href":"https:\/\/blogsaverroes.juntadeandalucia.es\/iesgalileogalilei\/wp-json\/wp\/v2\/types\/post"}],"author":[{"embeddable":true,"href":"https:\/\/blogsaverroes.juntadeandalucia.es\/iesgalileogalilei\/wp-json\/wp\/v2\/users\/4019"}],"replies":[{"embeddable":true,"href":"https:\/\/blogsaverroes.juntadeandalucia.es\/iesgalileogalilei\/wp-json\/wp\/v2\/comments?post=8145"}],"version-history":[{"count":1,"href":"https:\/\/blogsaverroes.juntadeandalucia.es\/iesgalileogalilei\/wp-json\/wp\/v2\/posts\/8145\/revisions"}],"predecessor-version":[{"id":8146,"href":"https:\/\/blogsaverroes.juntadeandalucia.es\/iesgalileogalilei\/wp-json\/wp\/v2\/posts\/8145\/revisions\/8146"}],"wp:attachment":[{"href":"https:\/\/blogsaverroes.juntadeandalucia.es\/iesgalileogalilei\/wp-json\/wp\/v2\/media?parent=8145"}],"wp:term":[{"taxonomy":"category","embeddable":true,"href":"https:\/\/blogsaverroes.juntadeandalucia.es\/iesgalileogalilei\/wp-json\/wp\/v2\/categories?post=8145"},{"taxonomy":"post_tag","embeddable":true,"href":"https:\/\/blogsaverroes.juntadeandalucia.es\/iesgalileogalilei\/wp-json\/wp\/v2\/tags?post=8145"}],"curies":[{"name":"wp","href":"https:\/\/api.w.org\/{rel}","templated":true}]}}